{"id":501149,"date":"2022-01-30T22:05:13","date_gmt":"2022-01-30T21:05:13","guid":{"rendered":"https:\/\/www.hashtag.al\/?p=501149"},"modified":"2022-01-30T22:05:13","modified_gmt":"2022-01-30T21:05:13","slug":"myrto-uzuni-drejt-kalimit-ne-la-liga","status":"publish","type":"post","link":"https:\/\/www.hashtag.al\/index.php\/2022\/01\/30\/myrto-uzuni-drejt-kalimit-ne-la-liga\/","title":{"rendered":"Myrto Uzuni drejt kalimit n\u00eb La Liga","gt_translate_keys":[{"key":"rendered","format":"text"}]},"content":{"rendered":"<p style=\"text-align: justify;\"><span style=\"color: #000000;\"><img loading=\"lazy\" decoding=\"async\" class=\"aligncenter size-full wp-image-501150\" src=\"https:\/\/www.hashtag.al\/wp-content\/uploads\/2022\/01\/myrto-uzuni.jpg\" alt=\"\" width=\"648\" height=\"432\" srcset=\"https:\/\/www.hashtag.al\/wp-content\/uploads\/2022\/01\/myrto-uzuni.jpg 648w, https:\/\/www.hashtag.al\/wp-content\/uploads\/2022\/01\/myrto-uzuni-300x200.jpg 300w\" sizes=\"auto, (max-width: 648px) 100vw, 648px\" \/><\/span><\/p>\n<p style=\"text-align: justify;\"><span style=\"color: #000000;\">Myrto Uzuni \u00ebsht\u00eb pran\u00eb kalimit n\u00eb LaLiga n\u00eb or\u00ebt e fundit t\u00eb afatit kalimtar t\u00eb dimrit.<\/span><\/p>\n<p style=\"text-align: justify;\"><span style=\"color: #000000;\">Sulmuesi shqiptar i Ferencvaros mund t\u00eb n\u00ebnshkruaj\u00eb me Granada.<\/span><\/p>\n<p style=\"text-align: justify;\"><span style=\"color: #000000;\">Marr\u00ebveshja do t\u00eb mbyllet p\u00ebr 3 milion euro sikurse raportojn\u00eb mediat n\u00eb Hungari. Sulmuesi nuk \u00ebsht\u00eb grumbulluar fare p\u00ebr ndeshjen me Ujpest.<\/span><\/p>\n<p style=\"text-align: justify;\"><span style=\"color: #000000;\">Uzuni ka spikatur me Ferencvaros me 36 gola e 14 asiste n\u00eb 67 ndeshje dhe tani po tentohet arritja e marr\u00ebveshjes me spanjoll\u00ebt.<\/span><\/p>\n<p style=\"text-align: justify;\">\n","protected":false,"gt_translate_keys":[{"key":"rendered","format":"html"}]},"excerpt":{"rendered":"<p>Myrto Uzuni \u00ebsht\u00eb pran\u00eb kalimit n\u00eb LaLiga n\u00eb or\u00ebt e fundit t\u00eb afatit kalimtar t\u00eb dimrit. Sulmuesi shqiptar i Ferencvaros mund t\u00eb n\u00ebnshkruaj\u00eb me Granada. Marr\u00ebveshja do t\u00eb mbyllet p\u00ebr 3 milion euro sikurse raportojn\u00eb mediat n\u00eb Hungari. Sulmuesi nuk \u00ebsht\u00eb grumbulluar fare p\u00ebr ndeshjen me Ujpest. Uzuni ka spikatur me Ferencvaros me 36 gola [&hellip;]<\/p>\n","protected":false,"gt_translate_keys":[{"key":"rendered","format":"html"}]},"author":32,"featured_media":501150,"comment_status":"closed","ping_status":"closed","sticky":false,"template":"","format":"standard","meta":{"footnotes":""},"categories":[134,13],"tags":[],"class_list":["post-501149","post","type-post","status-publish","format-standard","has-post-thumbnail","hentry","category-sport","category-te-fundit"],"gt_translate_keys":[{"key":"link","format":"url"}],"_links":{"self":[{"href":"https:\/\/www.hashtag.al\/index.php\/wp-json\/wp\/v2\/posts\/501149","targetHints":{"allow":["GET"]}}],"collection":[{"href":"https:\/\/www.hashtag.al\/index.php\/wp-json\/wp\/v2\/posts"}],"about":[{"href":"https:\/\/www.hashtag.al\/index.php\/wp-json\/wp\/v2\/types\/post"}],"author":[{"embeddable":true,"href":"https:\/\/www.hashtag.al\/index.php\/wp-json\/wp\/v2\/users\/32"}],"replies":[{"embeddable":true,"href":"https:\/\/www.hashtag.al\/index.php\/wp-json\/wp\/v2\/comments?post=501149"}],"version-history":[{"count":0,"href":"https:\/\/www.hashtag.al\/index.php\/wp-json\/wp\/v2\/posts\/501149\/revisions"}],"wp:featuredmedia":[{"embeddable":true,"href":"https:\/\/www.hashtag.al\/index.php\/wp-json\/wp\/v2\/media\/501150"}],"wp:attachment":[{"href":"https:\/\/www.hashtag.al\/index.php\/wp-json\/wp\/v2\/media?parent=501149"}],"wp:term":[{"taxonomy":"category","embeddable":true,"href":"https:\/\/www.hashtag.al\/index.php\/wp-json\/wp\/v2\/categories?post=501149"},{"taxonomy":"post_tag","embeddable":true,"href":"https:\/\/www.hashtag.al\/index.php\/wp-json\/wp\/v2\/tags?post=501149"}],"curies":[{"name":"wp","href":"https:\/\/api.w.org\/{rel}","templated":true}]}}