{"id":500754,"date":"2022-01-28T21:16:14","date_gmt":"2022-01-28T20:16:14","guid":{"rendered":"https:\/\/www.hashtag.al\/?p=500754"},"modified":"2022-01-28T21:29:11","modified_gmt":"2022-01-28T20:29:11","slug":"von-der-leyen-shkembeu-mesazhe-me-kreun-e-pfizer-po-si-publikoi-kritikohet-se-mbajti-sekret-marreveshjen-per-vaksinat","status":"publish","type":"post","link":"https:\/\/www.hashtag.al\/index.php\/2022\/01\/28\/von-der-leyen-shkembeu-mesazhe-me-kreun-e-pfizer-po-si-publikoi-kritikohet-se-mbajti-sekret-marreveshjen-per-vaksinat\/","title":{"rendered":"Von der Leyen shk\u00ebmbeu mesazhe me kreun e Pfizer po s\u2019i publikoi, kritikohet se mbajti sekret marr\u00ebveshjen p\u00ebr vaksinat","gt_translate_keys":[{"key":"rendered","format":"text"}]},"content":{"rendered":"<p><span style=\"color: #000000;\"><img loading=\"lazy\" decoding=\"async\" class=\"aligncenter size-full wp-image-500756\" src=\"https:\/\/www.hashtag.al\/wp-content\/uploads\/2022\/01\/vonderleyenbourla2-1.jpg\" alt=\"\" width=\"969\" height=\"674\" \/><\/span><\/p>\n<p><span style=\"color: #000000;\">Komisioni Evropian \u00ebsht\u00eb akuzuar p\u00ebr \u2018keqadministrim\u2019 nga nj\u00eb mbik\u00ebqyr\u00ebs i BE-s\u00eb pasi kund\u00ebrshtoi t\u00eb publikonte mesazhet me tekst q\u00eb presidentja e tij, Ursula von der Leyen, i d\u00ebrgoi CEO-s\u00eb s\u00eb kompanis\u00eb Pfizer Albert Bourla vitin e kaluar gjat\u00eb negociatave p\u00ebr arritjen e nj\u00eb marr\u00ebveshjeje p\u00ebr vaksin\u00ebn Covid-19.<\/span><\/p>\n<p><span style=\"color: #000000;\">Nj\u00eb hetim nga Avokatja e Popullit, Emily O&#8217;Reilly t\u00eb premten kritikoi organin ekzekutiv t\u00eb BE-s\u00eb p\u00ebr d\u00ebshtimin p\u00ebr t&#8217;i k\u00ebrkuar zyr\u00ebs s\u00eb von der Leyen t\u00eb publikonte tekstet. Diskutimet mendohet se kan\u00eb ndihmuar n\u00eb sigurimin e rreth 1.8 miliard\u00eb dozave t\u00eb vaksin\u00ebs Pfizer p\u00ebr bllokun.<\/span><\/p>\n<p><span style=\"color: #000000;\">Prillin e kaluar, von der Leyen zbuloi se ajo kishte shk\u00ebmbyer mesazhe dhe telefonata me Bourla p\u00ebr nj\u00eb muaj gjat\u00eb negociatave. <\/span><\/p>\n<p><span style=\"color: #000000;\">Megjithat\u00eb, komisioni m\u00eb von\u00eb iu p\u00ebrgjigj k\u00ebrkes\u00ebs p\u00ebr akses publik t\u00eb nj\u00eb gazetari p\u00ebr mesazhet duke pretenduar se nuk mbante nj\u00eb regjistrim t\u00eb teksteve dhe kishte vet\u00ebm nj\u00eb email, nj\u00eb let\u00ebr dhe nj\u00eb deklarat\u00eb p\u00ebr shtyp mbi k\u00ebt\u00eb tem\u00eb.<\/span><\/p>\n<p><span style=\"color: #000000;\">Gjat\u00eb hetimit, doli se komisioni i kishte k\u00ebrkuar zyr\u00ebs s\u00eb presidentit q\u00eb t\u00eb k\u00ebrkonte \u2018dokumente\u2019 q\u00eb p\u00ebrmbushin kriteret e tij t\u00eb brendshme p\u00ebr regjistrim. Organi kishte argumentuar se \u2018politika e tij e mbajtjes s\u00eb t\u00eb dh\u00ebnave n\u00eb parim p\u00ebrjashtonte mesazhet e \u00e7astit\u2019. <\/span><\/p>\n<p><span style=\"color: #000000;\">Ai i tha hetimit se \u2018deri m\u00eb sot, nuk ka regjistruar asnj\u00eb mesazh me tekst n\u00eb sistemin e tij t\u00eb menaxhimit t\u00eb dokumenteve\u2019.<\/span><\/p>\n<p><span style=\"color: #000000;\"><em>&#8220;M\u00ebnyra e ngusht\u00eb n\u00eb t\u00eb cil\u00ebn u trajtua kjo k\u00ebrkes\u00eb p\u00ebr akses publik n\u00ebnkupton q\u00eb nuk u b\u00eb asnj\u00eb p\u00ebrpjekje p\u00ebr t\u00eb identifikuar n\u00ebse ekzistonte ndonj\u00eb mesazh me tekst. Kjo bie posht\u00eb pritshm\u00ebrive t\u00eb arsyeshme t\u00eb transparenc\u00ebs dhe standardeve administrative n\u00eb Komision.&#8221;<\/em> &#8211; tha O\u2019Reilly.<\/span><\/p>\n","protected":false,"gt_translate_keys":[{"key":"rendered","format":"html"}]},"excerpt":{"rendered":"<p>Komisioni Evropian \u00ebsht\u00eb akuzuar p\u00ebr \u2018keqadministrim\u2019 nga nj\u00eb mbik\u00ebqyr\u00ebs i BE-s\u00eb pasi kund\u00ebrshtoi t\u00eb publikonte mesazhet me tekst q\u00eb presidentja e tij, Ursula von der Leyen, i d\u00ebrgoi CEO-s\u00eb s\u00eb kompanis\u00eb Pfizer Albert Bourla vitin e kaluar gjat\u00eb negociatave p\u00ebr arritjen e nj\u00eb marr\u00ebveshjeje p\u00ebr vaksin\u00ebn Covid-19. Nj\u00eb hetim nga Avokatja e Popullit, Emily O&#8217;Reilly [&hellip;]<\/p>\n","protected":false,"gt_translate_keys":[{"key":"rendered","format":"html"}]},"author":51,"featured_media":500756,"comment_status":"closed","ping_status":"closed","sticky":false,"template":"","format":"standard","meta":{"footnotes":""},"categories":[53],"tags":[],"class_list":["post-500754","post","type-post","status-publish","format-standard","has-post-thumbnail","hentry","category-fast-foodi"],"gt_translate_keys":[{"key":"link","format":"url"}],"_links":{"self":[{"href":"https:\/\/www.hashtag.al\/index.php\/wp-json\/wp\/v2\/posts\/500754","targetHints":{"allow":["GET"]}}],"collection":[{"href":"https:\/\/www.hashtag.al\/index.php\/wp-json\/wp\/v2\/posts"}],"about":[{"href":"https:\/\/www.hashtag.al\/index.php\/wp-json\/wp\/v2\/types\/post"}],"author":[{"embeddable":true,"href":"https:\/\/www.hashtag.al\/index.php\/wp-json\/wp\/v2\/users\/51"}],"replies":[{"embeddable":true,"href":"https:\/\/www.hashtag.al\/index.php\/wp-json\/wp\/v2\/comments?post=500754"}],"version-history":[{"count":0,"href":"https:\/\/www.hashtag.al\/index.php\/wp-json\/wp\/v2\/posts\/500754\/revisions"}],"wp:featuredmedia":[{"embeddable":true,"href":"https:\/\/www.hashtag.al\/index.php\/wp-json\/wp\/v2\/media\/500756"}],"wp:attachment":[{"href":"https:\/\/www.hashtag.al\/index.php\/wp-json\/wp\/v2\/media?parent=500754"}],"wp:term":[{"taxonomy":"category","embeddable":true,"href":"https:\/\/www.hashtag.al\/index.php\/wp-json\/wp\/v2\/categories?post=500754"},{"taxonomy":"post_tag","embeddable":true,"href":"https:\/\/www.hashtag.al\/index.php\/wp-json\/wp\/v2\/tags?post=500754"}],"curies":[{"name":"wp","href":"https:\/\/api.w.org\/{rel}","templated":true}]}}