{"id":500533,"date":"2022-01-27T20:24:04","date_gmt":"2022-01-27T19:24:04","guid":{"rendered":"https:\/\/www.hashtag.al\/?p=500533"},"modified":"2022-01-27T20:24:04","modified_gmt":"2022-01-27T19:24:04","slug":"gjekmarkaj-berisha-ka-te-drejte-ti-bashkohet-lsi-se-pd-ja-ka-vetem-nje-plan","status":"publish","type":"post","link":"https:\/\/www.hashtag.al\/index.php\/2022\/01\/27\/gjekmarkaj-berisha-ka-te-drejte-ti-bashkohet-lsi-se-pd-ja-ka-vetem-nje-plan\/","title":{"rendered":"Gjekmarkaj: Berisha ka t\u00eb drejt\u00eb t\u2019i bashkohet LSI-s\u00eb, PD-ja ka vet\u00ebm nj\u00eb plan","gt_translate_keys":[{"key":"rendered","format":"text"}]},"content":{"rendered":"<p style=\"text-align: justify;\"><span style=\"color: #000000;\"><img loading=\"lazy\" decoding=\"async\" class=\"aligncenter size-full wp-image-500534\" src=\"https:\/\/www.hashtag.al\/wp-content\/uploads\/2022\/01\/gjekmarkaj-1.png\" alt=\"\" width=\"1104\" height=\"658\" srcset=\"https:\/\/www.hashtag.al\/wp-content\/uploads\/2022\/01\/gjekmarkaj-1.png 1104w, https:\/\/www.hashtag.al\/wp-content\/uploads\/2022\/01\/gjekmarkaj-1-300x179.png 300w, https:\/\/www.hashtag.al\/wp-content\/uploads\/2022\/01\/gjekmarkaj-1-1024x610.png 1024w, https:\/\/www.hashtag.al\/wp-content\/uploads\/2022\/01\/gjekmarkaj-1-768x458.png 768w\" sizes=\"auto, (max-width: 1104px) 100vw, 1104px\" \/><\/span><\/p>\n<p style=\"text-align: justify;\"><span style=\"color: #000000;\">N\u00ebnkryetari i Partis\u00eb Demokratike Agron Gjekmarkaj, deklaroi n\u00eb Radarin Informativ se kandidat\u00ebt e Sali Berish\u00ebs mund t\u00eb regjistrohen n\u00eb zgjedhje vet\u00ebm n\u00eb sigl\u00ebn e LSI.<\/span><\/p>\n<p style=\"text-align: justify;\"><span style=\"color: #000000;\">Gjekmarkaj tha se PD-ja \u00ebsht\u00eb n\u00eb proces seleksionimi p\u00ebr kandidaturat dhe se ka vet\u00ebm nj\u00eb plan.<\/span><\/p>\n<p style=\"text-align: justify;\"><span style=\"color: #000000;\"><em>\u201cKa vet\u00ebm nj\u00eb PD. Deri koh\u00eb m\u00eb p\u00ebrpara mund t\u00eb luhej me k\u00ebto nuanca. PD ka marr\u00eb disa vendime duke p\u00ebrjashtuar disa an\u00ebtar\u00eb dhe duke pezulluar disa t\u00eb tjer\u00eb. Mund t\u00eb krijojn\u00eb nj\u00eb parti dhe ndoshta jan\u00eb rrug\u00ebs p\u00ebr t\u00eb b\u00ebr\u00eb k\u00ebt\u00eb gj\u00eb, por nuk mund t\u00eb flasin p\u00ebr k\u00ebt\u00eb. Ata kan\u00eb t\u00eb drejt\u00eb t\u2019i bashkohen LSI-s\u00eb dhe me siguri drejt asaj po shkojn\u00eb. Aleat\u00ebt e tjer\u00eb nuk i jan\u00eb p\u00ebrgjigjur thirrjes s\u00eb Foltores. Jan\u00eb aty. Aleat\u00ebt jan\u00eb ndihm\u00eb por nuk jan\u00eb ata q\u00eb p\u00ebrcaktojn\u00eb fuqin\u00eb e PD. Po bisedohet me aleat\u00ebt. Marr\u00ebveshjet n\u00eb Shqip\u00ebri arrihen n\u00eb momentin e fundit. Por ata do jen\u00eb n\u00eb \u00e7do rast n\u00eb krahun ton\u00eb\u201d<\/em><\/span><\/p>\n<p style=\"text-align: justify;\"><span style=\"color: #000000;\"><em>Jemi n\u00eb nj\u00eb proces seleksionimi. Kandidaturat jan\u00eb shum\u00eb. Duke qen\u00eb shum\u00eb \u00ebsht\u00eb edhe dilemma p\u00ebr t\u00eb p\u00ebrzgjedhur sepse duam t\u00eb \u00e7ojm\u00eb kudo kandidat\u00eb me prestigj. Baza e PD n\u00eb p\u00ebrgjith\u00ebsi n\u00eb shumic\u00ebn e saj mb\u00ebshtet PD e cila \u00ebsht\u00eb nj\u00eb edhe e vetme dhe n\u00eb baz\u00eb nuk ekzistojn\u00eb p\u00ebr\u00e7arjet q\u00eb artikulohen n\u00eb studiot e Tiran\u00ebs. PD axhend\u00ebn e saj t\u00eb p\u00ebrballjes e ka me Edi Ram\u00ebn. Nuk kemi kund\u00ebrshtar tjet\u00ebr p\u00ebr t\u00eb mundur n\u00eb Shqip\u00ebri. \u00cbsht\u00eb absurd q\u00eb Shqip\u00ebria pas 8 viteve t\u00eb rrij\u00eb n\u00eb k\u00ebt\u00eb gjendje. Vendi ka mund\u00ebsi t\u00eb ndryshoj\u00eb. Grupi i Foltores nuk e di ku do i regjistroj\u00eb kandidat\u00ebt e vet. Atashimi i tyre me LSI \u00ebsht\u00eb nj\u00eb histori tjet\u00ebr. \u00cbsht\u00eb e drejta e tyre. P\u00ebr momentin PD ka vet\u00ebm nj\u00eb plan A q\u00eb \u00ebsht\u00eb ai i fitores\u201d,-<\/em>tha Gjekmarkaj<em>.<\/em><\/span><\/p>\n","protected":false,"gt_translate_keys":[{"key":"rendered","format":"html"}]},"excerpt":{"rendered":"<p>N\u00ebnkryetari i Partis\u00eb Demokratike Agron Gjekmarkaj, deklaroi n\u00eb Radarin Informativ se kandidat\u00ebt e Sali Berish\u00ebs mund t\u00eb regjistrohen n\u00eb zgjedhje vet\u00ebm n\u00eb sigl\u00ebn e LSI. Gjekmarkaj tha se PD-ja \u00ebsht\u00eb n\u00eb proces seleksionimi p\u00ebr kandidaturat dhe se ka vet\u00ebm nj\u00eb plan. \u201cKa vet\u00ebm nj\u00eb PD. Deri koh\u00eb m\u00eb p\u00ebrpara mund t\u00eb luhej me k\u00ebto nuanca. [&hellip;]<\/p>\n","protected":false,"gt_translate_keys":[{"key":"rendered","format":"html"}]},"author":32,"featured_media":500534,"comment_status":"closed","ping_status":"closed","sticky":false,"template":"","format":"standard","meta":{"footnotes":""},"categories":[65,13],"tags":[],"class_list":["post-500533","post","type-post","status-publish","format-standard","has-post-thumbnail","hentry","category-lajme","category-te-fundit"],"gt_translate_keys":[{"key":"link","format":"url"}],"_links":{"self":[{"href":"https:\/\/www.hashtag.al\/index.php\/wp-json\/wp\/v2\/posts\/500533","targetHints":{"allow":["GET"]}}],"collection":[{"href":"https:\/\/www.hashtag.al\/index.php\/wp-json\/wp\/v2\/posts"}],"about":[{"href":"https:\/\/www.hashtag.al\/index.php\/wp-json\/wp\/v2\/types\/post"}],"author":[{"embeddable":true,"href":"https:\/\/www.hashtag.al\/index.php\/wp-json\/wp\/v2\/users\/32"}],"replies":[{"embeddable":true,"href":"https:\/\/www.hashtag.al\/index.php\/wp-json\/wp\/v2\/comments?post=500533"}],"version-history":[{"count":0,"href":"https:\/\/www.hashtag.al\/index.php\/wp-json\/wp\/v2\/posts\/500533\/revisions"}],"wp:featuredmedia":[{"embeddable":true,"href":"https:\/\/www.hashtag.al\/index.php\/wp-json\/wp\/v2\/media\/500534"}],"wp:attachment":[{"href":"https:\/\/www.hashtag.al\/index.php\/wp-json\/wp\/v2\/media?parent=500533"}],"wp:term":[{"taxonomy":"category","embeddable":true,"href":"https:\/\/www.hashtag.al\/index.php\/wp-json\/wp\/v2\/categories?post=500533"},{"taxonomy":"post_tag","embeddable":true,"href":"https:\/\/www.hashtag.al\/index.php\/wp-json\/wp\/v2\/tags?post=500533"}],"curies":[{"name":"wp","href":"https:\/\/api.w.org\/{rel}","templated":true}]}}