{"id":500506,"date":"2022-01-27T17:48:57","date_gmt":"2022-01-27T16:48:57","guid":{"rendered":"https:\/\/www.hashtag.al\/?p=500506"},"modified":"2022-01-27T17:48:57","modified_gmt":"2022-01-27T16:48:57","slug":"noka-i-pergjigjet-alibeajt-eshte-e-qarte-se-cfare-kam-komunikuar-ne-sms-te-me-nikollen-une-sbej-biseda-per-pallate-te-5-majie-as-per-para-inceneratoresh","status":"publish","type":"post","link":"https:\/\/www.hashtag.al\/index.php\/2022\/01\/27\/noka-i-pergjigjet-alibeajt-eshte-e-qarte-se-cfare-kam-komunikuar-ne-sms-te-me-nikollen-une-sbej-biseda-per-pallate-te-5-majie-as-per-para-inceneratoresh\/","title":{"rendered":"Noka i p\u00ebrgjigjet Alibeajt: \u00cbsht\u00eb e qart\u00eb se \u00e7far\u00eb kam komunikuar n\u00eb SMS-t\u00eb me Nikoll\u00ebn, un\u00eb s\u2019b\u00ebj biseda p\u00ebr pallate te \u201c5 Maji\u201de as p\u00ebr para incenerator\u00ebsh","gt_translate_keys":[{"key":"rendered","format":"text"}]},"content":{"rendered":"<p><span style=\"color: #000000;\"><a href=\"https:\/\/www.hashtag.al\/wp-content\/uploads\/2022\/01\/biseda-1.jpg\"><img loading=\"lazy\" decoding=\"async\" class=\"aligncenter size-full wp-image-500507\" src=\"https:\/\/www.hashtag.al\/wp-content\/uploads\/2022\/01\/biseda-1.jpg\" alt=\"\" width=\"850\" height=\"604\" srcset=\"https:\/\/www.hashtag.al\/wp-content\/uploads\/2022\/01\/biseda-1.jpg 850w, https:\/\/www.hashtag.al\/wp-content\/uploads\/2022\/01\/biseda-1-300x213.jpg 300w, https:\/\/www.hashtag.al\/wp-content\/uploads\/2022\/01\/biseda-1-768x546.jpg 768w\" sizes=\"auto, (max-width: 850px) 100vw, 850px\" \/><\/a><\/span><\/p>\n<p><span style=\"color: #000000;\">Deputeti Flamur Noka i \u00ebsht\u00eb p\u00ebrgjigjur akuzave t\u00eb n\u00ebnkryetarit t\u00eb PD-s\u00eb Enkelejd Alibeajt se bashk\u00ebpunon me kryeministrin Edi Rama p\u00ebr t\u00eb goditur Partin\u00eb Demokratike, pas publikimit t\u00eb mesazheve n\u00eb \u201cWhatsapp\u201d q\u00eb shk\u00ebmbeu ai me kryeparlamentaren Lindita Nikolla.<\/span><\/p>\n<p><span style=\"color: #000000;\">Noka shprehet se biseda q\u00eb ai kishte me Nikoll\u00ebn ishte e qart\u00eb, e se ai nuk flet p\u00ebr pallate te 5 Maji apo para nga incenerator\u00ebt. Deputeti shton se shqiptar\u00ebt e kan\u00eb par\u00eb par\u00eb n\u00eb 17 Maj se kush b\u00ebn pazare. Po ashtu ai paralajm\u00ebron se n\u00eb dit\u00ebt n\u00eb vijim do t\u00eb tregoj\u00eb edhe pse d\u00ebshtoi komisioni i incenerator\u00ebve dhe se kush p\u00ebrfitoi.<\/span><\/p>\n<p><em><span style=\"color: #000000;\">\u201cSot, Shoqata e Bravave n\u00ebp\u00ebrmjet pengut t\u00eb Kapllan Pallateve t\u00eb 5 Majit paska cic\u00ebruar kund\u00ebr meje.<\/span><\/em><\/p>\n<p><em><span style=\"color: #000000;\">Un\u00eb kurr\u00eb nuk kam b\u00ebr\u00eb e as nuk b\u00ebj biseda p\u00ebr pallate tek 5 Maji a tjet\u00ebrkund, dhe as p\u00ebr para incenerator\u00ebsh si\u00e7 b\u00ebn kreu i shoqat\u00ebs me z\u00ebvend\u00ebsen e tij, apo me media q\u00eb ju b\u00ebn fushat\u00eb atyre.<\/span><\/em><\/p>\n<p><em><span style=\"color: #000000;\">Un\u00eb kam komunikuar me Kryetaren e Kuvendit q\u00eb t\u2019i jepet fjala ish-Kryeministrit Berisha. SMS-ja e tregon qart\u00eb.\u00a0 Ulsin l\u00eb ta pyesin se pse kam komunikuar. Nuk kam b\u00ebr\u00eb pazare q\u00eb t\u00eb m\u00eb fus\u00eb n\u00eb pun\u00eb gruan si\u00e7 i ka k\u00ebrkuar pengu i pallateve t\u00eb 5 Majit.<\/span><\/em><\/p>\n<p><em><span style=\"color: #000000;\">Flamur Noka i ka k\u00ebrkuar t\u00eb rrij\u00eb larg pazareve Rama-Brava n\u00eb Dib\u00ebr. Ai mund t\u2019jua thot\u00eb vet\u00eb ai pse debatuam.<\/span><\/em><\/p>\n<p><em><span style=\"color: #000000;\">Se kush b\u00ebn pazare shqiptar\u00ebt e kan\u00eb par\u00eb n\u00eb 17 Maj. Milionat dhe karriget e ministrave nga Edi Rama i kan\u00eb marr\u00eb vet\u00ebm klloun\u00ebt e shoqat\u00ebs Basha &#8211; Bardhi nd\u00ebrsa Flamur Noka bashk\u00eb me t\u00eb gjith\u00eb demokrat\u00ebt e v\u00ebrtet\u00eb kan\u00eb marr\u00eb burgjet e regjimit, gazin lotsjell\u00ebs dhe 6 pal\u00eb zgjedhje t\u00eb humbura si fatur\u00eb e pazareve Rama &#8211; Brava.<\/span><\/em><\/p>\n<p><span style=\"color: #000000;\"><em>Dit\u00ebt n\u00eb vazhdim do t\u00eb tregojn\u00eb se pse d\u00ebshtoi komisioni i incenerator\u00ebve, kush p\u00ebrfitoi, e \u00e7far\u00eb ndodhi n\u00eb pazarin Rama-Brava.\u201d<\/em>&#8211; thuhet n\u00eb njoftimin e Nok\u00ebs.<\/span><\/p>\n","protected":false,"gt_translate_keys":[{"key":"rendered","format":"html"}]},"excerpt":{"rendered":"<p>Deputeti Flamur Noka i \u00ebsht\u00eb p\u00ebrgjigjur akuzave t\u00eb n\u00ebnkryetarit t\u00eb PD-s\u00eb Enkelejd Alibeajt se bashk\u00ebpunon me kryeministrin Edi Rama p\u00ebr t\u00eb goditur Partin\u00eb Demokratike, pas publikimit t\u00eb mesazheve n\u00eb \u201cWhatsapp\u201d q\u00eb shk\u00ebmbeu ai me kryeparlamentaren Lindita Nikolla. Noka shprehet se biseda q\u00eb ai kishte me Nikoll\u00ebn ishte e qart\u00eb, e se ai nuk flet p\u00ebr [&hellip;]<\/p>\n","protected":false,"gt_translate_keys":[{"key":"rendered","format":"html"}]},"author":30,"featured_media":500507,"comment_status":"closed","ping_status":"closed","sticky":false,"template":"","format":"standard","meta":{"footnotes":""},"categories":[65,13],"tags":[],"class_list":["post-500506","post","type-post","status-publish","format-standard","has-post-thumbnail","hentry","category-lajme","category-te-fundit"],"gt_translate_keys":[{"key":"link","format":"url"}],"_links":{"self":[{"href":"https:\/\/www.hashtag.al\/index.php\/wp-json\/wp\/v2\/posts\/500506","targetHints":{"allow":["GET"]}}],"collection":[{"href":"https:\/\/www.hashtag.al\/index.php\/wp-json\/wp\/v2\/posts"}],"about":[{"href":"https:\/\/www.hashtag.al\/index.php\/wp-json\/wp\/v2\/types\/post"}],"author":[{"embeddable":true,"href":"https:\/\/www.hashtag.al\/index.php\/wp-json\/wp\/v2\/users\/30"}],"replies":[{"embeddable":true,"href":"https:\/\/www.hashtag.al\/index.php\/wp-json\/wp\/v2\/comments?post=500506"}],"version-history":[{"count":0,"href":"https:\/\/www.hashtag.al\/index.php\/wp-json\/wp\/v2\/posts\/500506\/revisions"}],"wp:featuredmedia":[{"embeddable":true,"href":"https:\/\/www.hashtag.al\/index.php\/wp-json\/wp\/v2\/media\/500507"}],"wp:attachment":[{"href":"https:\/\/www.hashtag.al\/index.php\/wp-json\/wp\/v2\/media?parent=500506"}],"wp:term":[{"taxonomy":"category","embeddable":true,"href":"https:\/\/www.hashtag.al\/index.php\/wp-json\/wp\/v2\/categories?post=500506"},{"taxonomy":"post_tag","embeddable":true,"href":"https:\/\/www.hashtag.al\/index.php\/wp-json\/wp\/v2\/tags?post=500506"}],"curies":[{"name":"wp","href":"https:\/\/api.w.org\/{rel}","templated":true}]}}