{"id":500399,"date":"2022-01-27T12:51:08","date_gmt":"2022-01-27T11:51:08","guid":{"rendered":"https:\/\/www.hashtag.al\/?p=500399"},"modified":"2022-01-27T12:47:24","modified_gmt":"2022-01-27T11:47:24","slug":"obsh-parashikon-fundin-e-pandemise-ne-evrope","status":"publish","type":"post","link":"https:\/\/www.hashtag.al\/index.php\/2022\/01\/27\/obsh-parashikon-fundin-e-pandemise-ne-evrope\/","title":{"rendered":"OBSH parashikon fundin e pandemis\u00eb n\u00eb Evrop\u00eb","gt_translate_keys":[{"key":"rendered","format":"text"}]},"content":{"rendered":"<p><span style=\"color: #000000;\"><img loading=\"lazy\" decoding=\"async\" class=\"aligncenter size-full wp-image-500403\" src=\"https:\/\/www.hashtag.al\/wp-content\/uploads\/2022\/01\/hanskluge-1.png\" alt=\"\" width=\"1572\" height=\"878\" srcset=\"https:\/\/www.hashtag.al\/wp-content\/uploads\/2022\/01\/hanskluge-1.png 1572w, https:\/\/www.hashtag.al\/wp-content\/uploads\/2022\/01\/hanskluge-1-300x168.png 300w, https:\/\/www.hashtag.al\/wp-content\/uploads\/2022\/01\/hanskluge-1-1024x572.png 1024w, https:\/\/www.hashtag.al\/wp-content\/uploads\/2022\/01\/hanskluge-1-768x429.png 768w, https:\/\/www.hashtag.al\/wp-content\/uploads\/2022\/01\/hanskluge-1-1536x858.png 1536w\" sizes=\"auto, (max-width: 1572px) 100vw, 1572px\" \/><\/span><\/p>\n<p><span style=\"color: #000000;\">Duke folur p\u00ebr AFP t\u00eb diel\u00ebn, Hans Kluge, drejtori p\u00ebr Evrop\u00ebn i Organizat\u00ebs Bot\u00ebrore t\u00eb Sh\u00ebndet\u00ebsis\u00eb (OBSH), pohoi se mund t\u00eb ket\u00eb nj\u00eb fund t\u00eb pandemis\u00eb n\u00eb horizont, pavar\u00ebsisht niveleve rekord t\u00eb rasteve t\u00eb Covid-19 n\u00eb t\u00eb gjith\u00eb kontinentin.<\/span><\/p>\n<p><span style=\"color: #000000;\"><em>\u201c\u00cbsht\u00eb e besueshme q\u00eb rajoni po shkon drejt nj\u00eb fundit t\u00eb pandemis\u00eb.\u201d &#8211;<\/em> tha ai, duke shtuar se varianti Omicron i Covid-19, i cili \u00ebsht\u00eb treguar t\u00eb jet\u00eb pak m\u00eb i but\u00eb se llojet e m\u00ebparshme, mund t\u00eb infektoj\u00eb 60% t\u00eb evropian\u00ebve deri n\u00eb mars.<\/span><\/p>\n<p><span style=\"color: #000000;\">Pas k\u00ebsaj val\u00eb t\u00eb tanishme t\u00eb Omicron, \u2018do t\u00eb ket\u00eb p\u00ebr disa jav\u00eb dhe muaj nj\u00eb imunitet global, ose fal\u00eb vaksin\u00ebs ose sepse njer\u00ebzit kan\u00eb imunitet p\u00ebr shkak t\u00eb infeksionit\u2019, shpjegoi Kluge.<\/span><\/p>\n<p><span style=\"color: #000000;\"><em>\u201cNe parashikojm\u00eb q\u00eb do t\u00eb ket\u00eb nj\u00eb periudh\u00eb qet\u00ebsie p\u00ebrpara se Covid-19 t\u00eb kthehet n\u00eb fund t\u00eb vitit, por jo domosdoshm\u00ebrisht q\u00eb t\u00eb rikthehet pandemia.\u201d<\/em> &#8211; tha eksperti i viruseve.<\/span><\/p>\n<p><span style=\"color: #000000;\">Megjithat\u00eb, Kluge b\u00ebri thirrje p\u00ebr kujdes dhe p\u00ebrs\u00ebriti se virusi Covid-19 ka qen\u00eb shum\u00eb i v\u00ebshtir\u00eb p\u00ebr t&#8217;u parashikuar. Shefi i OBSH-s\u00eb tha se prioriteti duhet t\u00eb jet\u00eb stabilizimi i pandemis\u00eb.<\/span><\/p>\n<p><span style=\"color: #000000;\">Ai vuri n\u00eb dukje se nivelet e vaksinimit n\u00eb Evrop\u00eb variojn\u00eb n\u00eb vende t\u00eb ndryshme, nga 25% n\u00eb 95% t\u00eb popullsis\u00eb, duke llogaritur nivele t\u00eb ndryshme t\u00eb shtrimeve n\u00eb spital dhe vdekjeve.<\/span><\/p>\n","protected":false,"gt_translate_keys":[{"key":"rendered","format":"html"}]},"excerpt":{"rendered":"<p>Duke folur p\u00ebr AFP t\u00eb diel\u00ebn, Hans Kluge, drejtori p\u00ebr Evrop\u00ebn i Organizat\u00ebs Bot\u00ebrore t\u00eb Sh\u00ebndet\u00ebsis\u00eb (OBSH), pohoi se mund t\u00eb ket\u00eb nj\u00eb fund t\u00eb pandemis\u00eb n\u00eb horizont, pavar\u00ebsisht niveleve rekord t\u00eb rasteve t\u00eb Covid-19 n\u00eb t\u00eb gjith\u00eb kontinentin. \u201c\u00cbsht\u00eb e besueshme q\u00eb rajoni po shkon drejt nj\u00eb fundit t\u00eb pandemis\u00eb.\u201d &#8211; tha ai, duke [&hellip;]<\/p>\n","protected":false,"gt_translate_keys":[{"key":"rendered","format":"html"}]},"author":51,"featured_media":500403,"comment_status":"closed","ping_status":"closed","sticky":false,"template":"","format":"standard","meta":{"footnotes":""},"categories":[53],"tags":[],"class_list":["post-500399","post","type-post","status-publish","format-standard","has-post-thumbnail","hentry","category-fast-foodi"],"gt_translate_keys":[{"key":"link","format":"url"}],"_links":{"self":[{"href":"https:\/\/www.hashtag.al\/index.php\/wp-json\/wp\/v2\/posts\/500399","targetHints":{"allow":["GET"]}}],"collection":[{"href":"https:\/\/www.hashtag.al\/index.php\/wp-json\/wp\/v2\/posts"}],"about":[{"href":"https:\/\/www.hashtag.al\/index.php\/wp-json\/wp\/v2\/types\/post"}],"author":[{"embeddable":true,"href":"https:\/\/www.hashtag.al\/index.php\/wp-json\/wp\/v2\/users\/51"}],"replies":[{"embeddable":true,"href":"https:\/\/www.hashtag.al\/index.php\/wp-json\/wp\/v2\/comments?post=500399"}],"version-history":[{"count":0,"href":"https:\/\/www.hashtag.al\/index.php\/wp-json\/wp\/v2\/posts\/500399\/revisions"}],"wp:featuredmedia":[{"embeddable":true,"href":"https:\/\/www.hashtag.al\/index.php\/wp-json\/wp\/v2\/media\/500403"}],"wp:attachment":[{"href":"https:\/\/www.hashtag.al\/index.php\/wp-json\/wp\/v2\/media?parent=500399"}],"wp:term":[{"taxonomy":"category","embeddable":true,"href":"https:\/\/www.hashtag.al\/index.php\/wp-json\/wp\/v2\/categories?post=500399"},{"taxonomy":"post_tag","embeddable":true,"href":"https:\/\/www.hashtag.al\/index.php\/wp-json\/wp\/v2\/tags?post=500399"}],"curies":[{"name":"wp","href":"https:\/\/api.w.org\/{rel}","templated":true}]}}