{"id":500182,"date":"2022-01-26T13:40:35","date_gmt":"2022-01-26T12:40:35","guid":{"rendered":"https:\/\/www.hashtag.al\/?p=500182"},"modified":"2022-01-26T13:40:35","modified_gmt":"2022-01-26T12:40:35","slug":"kontrollet-tatimore-ne-bizneset-e-agron-dukes-ne-kulmin-e-debatit-per-fshf-ne-ministrja-e-ekonomise-komplet-rastesi","status":"publish","type":"post","link":"https:\/\/www.hashtag.al\/index.php\/2022\/01\/26\/kontrollet-tatimore-ne-bizneset-e-agron-dukes-ne-kulmin-e-debatit-per-fshf-ne-ministrja-e-ekonomise-komplet-rastesi\/","title":{"rendered":"Kontrollet tatimore n\u00eb bizneset e Agron Duk\u00ebs n\u00eb kulmin e debatit p\u00ebr FSHF-n\u00eb, ministrja e Ekonomis\u00eb: Komplet rast\u00ebsi","gt_translate_keys":[{"key":"rendered","format":"text"}]},"content":{"rendered":"<p><span style=\"color: #000000;\"><a href=\"https:\/\/www.hashtag.al\/wp-content\/uploads\/2022\/01\/Ibrahimaj-2.jpg\"><img loading=\"lazy\" decoding=\"async\" class=\"aligncenter size-full wp-image-500183\" src=\"https:\/\/www.hashtag.al\/wp-content\/uploads\/2022\/01\/Ibrahimaj-2.jpg\" alt=\"\" width=\"967\" height=\"532\" srcset=\"https:\/\/www.hashtag.al\/wp-content\/uploads\/2022\/01\/Ibrahimaj-2.jpg 967w, https:\/\/www.hashtag.al\/wp-content\/uploads\/2022\/01\/Ibrahimaj-2-300x165.jpg 300w, https:\/\/www.hashtag.al\/wp-content\/uploads\/2022\/01\/Ibrahimaj-2-768x423.jpg 768w\" sizes=\"auto, (max-width: 967px) 100vw, 967px\" \/><\/a><\/span><\/p>\n<p><span style=\"color: #000000;\">N\u00eb nj\u00eb konferenc\u00eb p\u00ebr mediat, Ministrja e Financave, Delina Ibrahimaj \u00ebsht\u00eb shprehur se kontrolli i administrat\u00ebs tatimore n\u00eb biznesin e Agron Duk\u00ebs, n\u00eb kulmin e debatit p\u00ebr rizgjedhjen ose jo n\u00eb krye t\u00eb FSHF-s\u00eb t\u00eb v\u00ebllait t\u00eb tij Armand Duka, \u00ebsht\u00eb thjesht rast\u00ebsi.<\/span><\/p>\n<p><span style=\"color: #000000;\">Ibrahimaj thot\u00eb se biznese t\u00eb tilla, jan\u00eb n\u00eb kontroll t\u00eb vazhduesh\u00ebm tatimor, p\u00ebr shkak t\u00eb denoncimeve t\u00eb ardhura, por dhe objektivave t\u00eb administrat\u00ebs p\u00ebr t\u00eb luftuar informalitetin.<\/span><\/p>\n<p><span style=\"color: #000000;\"><em>\u201cN\u00eb fakt administrata tatimore funksionon n\u00eb baz\u00eb t\u00eb ligjeve dhe procedurave tatimore. Rasti n\u00eb fjal\u00eb \u00ebsht\u00eb nj\u00eb rasti i cili ka qen\u00eb komplet nj\u00eb rast\u00ebsi n\u00eb k\u00ebt\u00eb moment, vjen pas nj\u00eb s\u00ebr\u00eb denoncimesh.<\/em><\/span><\/p>\n<p><span style=\"color: #000000;\"><em>Administrata ka detyrimin q\u00eb denoncimet t\u2019i mbyll\u00eb brenda nj\u00eb afati 7 ditor dhe ka qen\u00eb komplet n\u00eb zbatim t\u00eb procedurave dhe planit t\u00eb pun\u00ebs t\u00eb administrat\u00ebs. Subjekti q\u00eb ju p\u00ebrmend\u00ebt, por dhe subjekte t\u00eb tjera, jan\u00eb subjekte t\u00eb kontrolleve t\u00eb shpeshta tatimore, p\u00ebr t\u00eb ezauruar t\u00eb gjitha denoncimet, me q\u00ebllim p\u00ebrmbushjen e objektivave t\u00eb administrat\u00ebs p\u00ebr uljen e informalitetit dhe objektivave t\u00eb tjera q\u00eb ju i dini tashm\u00eb.\u201d-<\/em>u shpreh Ibrahimaj.<\/span><\/p>\n","protected":false,"gt_translate_keys":[{"key":"rendered","format":"html"}]},"excerpt":{"rendered":"<p>N\u00eb nj\u00eb konferenc\u00eb p\u00ebr mediat, Ministrja e Financave, Delina Ibrahimaj \u00ebsht\u00eb shprehur se kontrolli i administrat\u00ebs tatimore n\u00eb biznesin e Agron Duk\u00ebs, n\u00eb kulmin e debatit p\u00ebr rizgjedhjen ose jo n\u00eb krye t\u00eb FSHF-s\u00eb t\u00eb v\u00ebllait t\u00eb tij Armand Duka, \u00ebsht\u00eb thjesht rast\u00ebsi. Ibrahimaj thot\u00eb se biznese t\u00eb tilla, jan\u00eb n\u00eb kontroll t\u00eb vazhduesh\u00ebm tatimor, [&hellip;]<\/p>\n","protected":false,"gt_translate_keys":[{"key":"rendered","format":"html"}]},"author":30,"featured_media":500183,"comment_status":"closed","ping_status":"closed","sticky":false,"template":"","format":"standard","meta":{"footnotes":""},"categories":[65,13],"tags":[],"class_list":["post-500182","post","type-post","status-publish","format-standard","has-post-thumbnail","hentry","category-lajme","category-te-fundit"],"gt_translate_keys":[{"key":"link","format":"url"}],"_links":{"self":[{"href":"https:\/\/www.hashtag.al\/index.php\/wp-json\/wp\/v2\/posts\/500182","targetHints":{"allow":["GET"]}}],"collection":[{"href":"https:\/\/www.hashtag.al\/index.php\/wp-json\/wp\/v2\/posts"}],"about":[{"href":"https:\/\/www.hashtag.al\/index.php\/wp-json\/wp\/v2\/types\/post"}],"author":[{"embeddable":true,"href":"https:\/\/www.hashtag.al\/index.php\/wp-json\/wp\/v2\/users\/30"}],"replies":[{"embeddable":true,"href":"https:\/\/www.hashtag.al\/index.php\/wp-json\/wp\/v2\/comments?post=500182"}],"version-history":[{"count":0,"href":"https:\/\/www.hashtag.al\/index.php\/wp-json\/wp\/v2\/posts\/500182\/revisions"}],"wp:featuredmedia":[{"embeddable":true,"href":"https:\/\/www.hashtag.al\/index.php\/wp-json\/wp\/v2\/media\/500183"}],"wp:attachment":[{"href":"https:\/\/www.hashtag.al\/index.php\/wp-json\/wp\/v2\/media?parent=500182"}],"wp:term":[{"taxonomy":"category","embeddable":true,"href":"https:\/\/www.hashtag.al\/index.php\/wp-json\/wp\/v2\/categories?post=500182"},{"taxonomy":"post_tag","embeddable":true,"href":"https:\/\/www.hashtag.al\/index.php\/wp-json\/wp\/v2\/tags?post=500182"}],"curies":[{"name":"wp","href":"https:\/\/api.w.org\/{rel}","templated":true}]}}