{"id":500105,"date":"2022-01-26T09:07:33","date_gmt":"2022-01-26T08:07:33","guid":{"rendered":"https:\/\/www.hashtag.al\/?p=500105"},"modified":"2022-01-26T09:07:33","modified_gmt":"2022-01-26T08:07:33","slug":"protesta-ne-ukraine-perfaqesuesit-e-biznesit-perpiqen-te-futen-brenda-parlamentit-video","status":"publish","type":"post","link":"https:\/\/www.hashtag.al\/index.php\/2022\/01\/26\/protesta-ne-ukraine-perfaqesuesit-e-biznesit-perpiqen-te-futen-brenda-parlamentit-video\/","title":{"rendered":"Protesta n\u00eb Ukrain\u00eb, p\u00ebrfaq\u00ebsuesit e biznesit p\u00ebrpiqen t\u00eb futen brenda parlamentit (Video)","gt_translate_keys":[{"key":"rendered","format":"text"}]},"content":{"rendered":"<p><span style=\"color: #000000;\"><img loading=\"lazy\" decoding=\"async\" class=\"aligncenter size-full wp-image-500106\" src=\"https:\/\/www.hashtag.al\/wp-content\/uploads\/2022\/01\/ukraine-3.jpg\" alt=\"\" width=\"768\" height=\"432\" srcset=\"https:\/\/www.hashtag.al\/wp-content\/uploads\/2022\/01\/ukraine-3.jpg 768w, https:\/\/www.hashtag.al\/wp-content\/uploads\/2022\/01\/ukraine-3-300x169.jpg 300w\" sizes=\"auto, (max-width: 768px) 100vw, 768px\" \/><\/span><\/p>\n<p><span style=\"color: #000000;\">Skena kaotike u shpalos\u00ebn n\u00eb kryeqytetin ukrainas, Kiev t\u00eb mart\u00ebn, nd\u00ebrsa p\u00ebrfaq\u00ebsues t\u00eb bizneseve t\u00eb vogla dhe t\u00eb mesme u p\u00ebrpoq\u00ebn t\u00eb hynin n\u00eb Verkhovna Rada, parlamenti ukrainas.<\/span><\/p>\n<p><span style=\"color: #000000;\">Fotot dhe videot q\u00eb u shfaq\u00ebn n\u00eb mediat sociale tregojn\u00eb njer\u00ebz duke val\u00ebvitur flamujt ukrainas dhe pankarta t\u00eb tjera nd\u00ebrsa marshojn\u00eb n\u00ebp\u00ebr qend\u00ebr t\u00eb Kievit.<\/span><\/p>\n<p><span style=\"color: #000000;\">Policia mbylli disa nga rrug\u00ebt dhe devijoi trafikun nga rruga e marshimit. Tensionet u ndez\u00ebn mes oficer\u00ebve dhe demonstruesve teksa ata u mblodh\u00ebn para nd\u00ebrtes\u00ebs s\u00eb parlamentit.<\/span><\/p>\n<p><span style=\"color: #000000;\">Videot e publikuara n\u00eb rrjetet sociale tregojn\u00eb disa persona q\u00eb tentojn\u00eb t\u00eb \u00e7ajn\u00eb kordonin e policis\u00eb. Kishte raporte n\u00eb mediat lokale se ligjv\u00ebn\u00ebsit u evakuuan p\u00ebrmes nj\u00eb tuneli t\u00eb n\u00ebndhesh\u00ebm dhe se vet\u00ebm oficer\u00ebt e policis\u00eb dhe p\u00ebrfaq\u00ebsuesit e medias u lejuan t\u00eb q\u00ebndronin n\u00eb nd\u00ebrtes\u00eb nd\u00ebrsa bllokimi vazhdonte jasht\u00eb.<\/span><\/p>\n<p><span style=\"color: #000000;\">Tre protestues dhe 18 oficer\u00eb u plagos\u00ebn, tha policia n\u00eb nj\u00eb deklarat\u00eb. Sipas mediave, t\u00eb pakt\u00ebn 20 protestues u arrestuan.<\/span><\/p>\n<p><span style=\"color: #000000;\">Policia ka nisur disa hetime penale p\u00ebr huliganiz\u00ebm dhe dhun\u00eb ndaj punonj\u00ebsve t\u00eb rendit. Policia mohoi njoftimet e m\u00ebparshme t\u00eb mediave se nj\u00eb person u vra gjat\u00eb protestave, duke theksuar se nj\u00eb burr\u00eb q\u00eb u s\u00ebmur gjat\u00eb protest\u00ebs iu dha ndihma e par\u00eb nga oficer\u00ebt.<\/span><\/p>\n<p><span style=\"color: #000000;\">Ka pasur protesta t\u00eb vazhdueshme nga pronar\u00ebt e bizneseve kund\u00ebr ndryshimeve n\u00eb sistemin tatimor q\u00eb nga fundi i vitit 2020. Kund\u00ebrshtar\u00ebt e politik\u00ebs s\u00eb presidentit Volodymyr Zelensky k\u00ebrkojn\u00eb q\u00eb ligji q\u00eb e b\u00ebn p\u00ebrdorimin e kasave t\u00eb detyrueshme p\u00ebr pothuajse t\u00eb gjitha bizneset t\u00eb shfuqizohet dhe t\u00eb p\u00ebrdoret nj\u00eb sistem i thjeshtuar taksash, kontabiliteti dhe raportimi. <\/span><\/p>\n<p><span style=\"color: #000000;\">Ligji, i cili u n\u00ebnshkrua nga Zelensky n\u00eb vitin 2020, por nuk hyri n\u00eb fuqi t\u00eb plot\u00eb deri n\u00eb janar 2022, urdh\u00ebron p\u00ebrdorimin e regjistrave t\u00eb posa\u00e7\u00ebm t\u00eb parave q\u00eb regjistrojn\u00eb \u00e7do transaksion p\u00ebr q\u00ebllime tatimore. Pavar\u00ebsisht protestave, ai hyri n\u00eb fuqi m\u00eb 1 janar.<\/span><\/p>\n<div style=\"width: 480px;\" class=\"wp-video\"><video class=\"wp-video-shortcode\" id=\"video-500105-1\" width=\"480\" height=\"270\" preload=\"metadata\" controls=\"controls\"><source type=\"video\/mp4\" src=\"https:\/\/www.hashtag.al\/wp-content\/uploads\/2022\/01\/ukarine2.mp42.mp4?_=1\" \/><a href=\"https:\/\/www.hashtag.al\/wp-content\/uploads\/2022\/01\/ukarine2.mp42.mp4\">https:\/\/www.hashtag.al\/wp-content\/uploads\/2022\/01\/ukarine2.mp42.mp4<\/a><\/video><\/div>\n<div style=\"width: 480px;\" class=\"wp-video\"><video class=\"wp-video-shortcode\" id=\"video-500105-2\" width=\"480\" height=\"256\" preload=\"metadata\" controls=\"controls\"><source type=\"video\/mp4\" src=\"https:\/\/www.hashtag.al\/wp-content\/uploads\/2022\/01\/ukarine2.mp4?_=2\" \/><a href=\"https:\/\/www.hashtag.al\/wp-content\/uploads\/2022\/01\/ukarine2.mp4\">https:\/\/www.hashtag.al\/wp-content\/uploads\/2022\/01\/ukarine2.mp4<\/a><\/video><\/div>\n<div style=\"width: 478px;\" class=\"wp-video\"><video class=\"wp-video-shortcode\" id=\"video-500105-3\" width=\"478\" height=\"270\" preload=\"metadata\" controls=\"controls\"><source type=\"video\/mp4\" src=\"https:\/\/www.hashtag.al\/wp-content\/uploads\/2022\/01\/ukraine.mp4?_=3\" \/><a href=\"https:\/\/www.hashtag.al\/wp-content\/uploads\/2022\/01\/ukraine.mp4\">https:\/\/www.hashtag.al\/wp-content\/uploads\/2022\/01\/ukraine.mp4<\/a><\/video><\/div>\n","protected":false,"gt_translate_keys":[{"key":"rendered","format":"html"}]},"excerpt":{"rendered":"<p>Skena kaotike u shpalos\u00ebn n\u00eb kryeqytetin ukrainas, Kiev t\u00eb mart\u00ebn, nd\u00ebrsa p\u00ebrfaq\u00ebsues t\u00eb bizneseve t\u00eb vogla dhe t\u00eb mesme u p\u00ebrpoq\u00ebn t\u00eb hynin n\u00eb Verkhovna Rada, parlamenti ukrainas. Fotot dhe videot q\u00eb u shfaq\u00ebn n\u00eb mediat sociale tregojn\u00eb njer\u00ebz duke val\u00ebvitur flamujt ukrainas dhe pankarta t\u00eb tjera nd\u00ebrsa marshojn\u00eb n\u00ebp\u00ebr qend\u00ebr t\u00eb Kievit. Policia mbylli [&hellip;]<\/p>\n","protected":false,"gt_translate_keys":[{"key":"rendered","format":"html"}]},"author":51,"featured_media":500106,"comment_status":"closed","ping_status":"closed","sticky":false,"template":"","format":"standard","meta":{"footnotes":""},"categories":[6],"tags":[],"class_list":["post-500105","post","type-post","status-publish","format-standard","has-post-thumbnail","hentry","category-nderkombetare"],"gt_translate_keys":[{"key":"link","format":"url"}],"_links":{"self":[{"href":"https:\/\/www.hashtag.al\/index.php\/wp-json\/wp\/v2\/posts\/500105","targetHints":{"allow":["GET"]}}],"collection":[{"href":"https:\/\/www.hashtag.al\/index.php\/wp-json\/wp\/v2\/posts"}],"about":[{"href":"https:\/\/www.hashtag.al\/index.php\/wp-json\/wp\/v2\/types\/post"}],"author":[{"embeddable":true,"href":"https:\/\/www.hashtag.al\/index.php\/wp-json\/wp\/v2\/users\/51"}],"replies":[{"embeddable":true,"href":"https:\/\/www.hashtag.al\/index.php\/wp-json\/wp\/v2\/comments?post=500105"}],"version-history":[{"count":0,"href":"https:\/\/www.hashtag.al\/index.php\/wp-json\/wp\/v2\/posts\/500105\/revisions"}],"wp:featuredmedia":[{"embeddable":true,"href":"https:\/\/www.hashtag.al\/index.php\/wp-json\/wp\/v2\/media\/500106"}],"wp:attachment":[{"href":"https:\/\/www.hashtag.al\/index.php\/wp-json\/wp\/v2\/media?parent=500105"}],"wp:term":[{"taxonomy":"category","embeddable":true,"href":"https:\/\/www.hashtag.al\/index.php\/wp-json\/wp\/v2\/categories?post=500105"},{"taxonomy":"post_tag","embeddable":true,"href":"https:\/\/www.hashtag.al\/index.php\/wp-json\/wp\/v2\/tags?post=500105"}],"curies":[{"name":"wp","href":"https:\/\/api.w.org\/{rel}","templated":true}]}}