{"id":499919,"date":"2022-01-25T11:47:09","date_gmt":"2022-01-25T10:47:09","guid":{"rendered":"https:\/\/www.hashtag.al\/?p=499919"},"modified":"2022-01-25T11:47:09","modified_gmt":"2022-01-25T10:47:09","slug":"raporti-i-ti-gjekmarkaj-i-kemi-syte-nga-amerika-te-shpalle-non-grata-edi-ramen","status":"publish","type":"post","link":"https:\/\/www.hashtag.al\/index.php\/2022\/01\/25\/raporti-i-ti-gjekmarkaj-i-kemi-syte-nga-amerika-te-shpalle-non-grata-edi-ramen\/","title":{"rendered":"Raporti i TI, Gjekmarkaj: I kemi syt\u00eb nga Amerika, t\u00eb shpall\u00eb non grata Edi Ram\u00ebn","gt_translate_keys":[{"key":"rendered","format":"text"}]},"content":{"rendered":"<p><span style=\"color: #000000;\"><img loading=\"lazy\" decoding=\"async\" class=\"aligncenter size-full wp-image-499920\" src=\"https:\/\/www.hashtag.al\/wp-content\/uploads\/2022\/01\/image-1.jpg\" alt=\"\" width=\"600\" height=\"347\" srcset=\"https:\/\/www.hashtag.al\/wp-content\/uploads\/2022\/01\/image-1.jpg 600w, https:\/\/www.hashtag.al\/wp-content\/uploads\/2022\/01\/image-1-300x174.jpg 300w, https:\/\/www.hashtag.al\/wp-content\/uploads\/2022\/01\/image-1-250x145.jpg 250w\" sizes=\"auto, (max-width: 600px) 100vw, 600px\" \/><\/span><\/p>\n<p><span style=\"color: #000000;\">N\u00ebnkryetari i Kuvendit Agron Gjekmarkaj ka komentuar raportin e Transparency International. Ai shkruan se vendi \u00ebsht\u00eb p\u00ebrkeq\u00ebsuar n\u00eb shum\u00eb drejtime. <\/span><\/p>\n<p><span style=\"color: #000000;\">Gjekmarkaj thekson se shqiptar\u00ebt i kan\u00eb syt\u00eb nga Amerika duke b\u00ebr\u00eb thirrje p\u00ebr shpalljen non grata t\u00eb kryeministrit Edi Rama si nj\u00eb mekaniz\u00ebm q\u00eb sipas tij mund t\u00eb ndaloj\u00eb p\u00ebrkeq\u00ebsimin.<\/span><\/p>\n<p><span style=\"color: #000000;\"><em>\u201cN\u00cb P\u00cbRK\u00cbQ\u00cbSIM !<\/em><\/span><\/p>\n<p><span style=\"color: #000000;\"><em>K\u00ebshtu na p\u00ebrkufizojn\u00eb institucionet nd\u00ebrkomb\u00ebtare n\u00ebn qeverisjen e Edi Ram\u00ebs.<\/em><\/span><\/p>\n<p><span style=\"color: #000000;\"><em>N\u00eb p\u00ebrkeq\u00ebsim korrupsioni. N\u00eb p\u00ebrkeq\u00ebsim transparenca. N\u00eb perkeq\u00ebsim liria e shprehjes. N\u00eb p\u00ebrkeq\u00ebsim liria p\u00ebr t\u00eb protestuar. Organizata m\u00eb prestigjioze q\u00eb mat korrupsionin n\u00eb bot\u00eb, Transparency International thot\u00eb se qeveria n\u00eb Shqip\u00ebri p\u00ebrdori pandemin\u00eb p\u00ebr t\u00eb p\u00ebrkeq\u00ebsuar gjendjen n\u00eb t\u00eb gjitha k\u00ebto fusha, q\u00eb lidhen direkt me t\u00eb drejtat e njeriut, me lirin\u00eb, me mir\u00ebqenien dhe zhvillimin. Prej nisjes s\u00eb pandemis\u00eb, Partia Demokratike ka b\u00ebr\u00eb disa kall\u00ebzime konkrete p\u00ebr korrupsion dometh\u00ebn\u00ebs t\u00eb qeveris\u00eb me tenderat anticovid. Hetimet provuan gjth\u00e7ka, por nuk godit\u00ebn kok\u00ebn. Prandaj gjendja p\u00ebrkeq\u00ebsohet, sepse kryeministri, ministrat, kryebashkiak\u00ebt e ndiejn\u00eb veten t\u00eb papreksh\u00ebm. M\u00eb shum\u00eb sesa tek drejt\u00ebsia, shqiptar\u00ebt i kan\u00eb syt\u00eb s\u00ebrish nga Amerika. Shpallja nongrata e qeveritar\u00ebve t\u00eb korruptuar, duke nisur nga Edi Rama, \u00ebsht\u00eb nj\u00eb mekaniz\u00ebm i mir\u00ebpritur, q\u00eb mund t\u00eb funksionoj\u00eb p\u00ebr t\u00eb ndalur p\u00ebrkeq\u00ebsimin. Aty ku nuk ka vullnet politik p\u00ebr t\u00eb luftuar korrupsionin dhe p\u00ebr t\u00eb respektuar lirit\u00eb dhe t\u00eb drejtat themelore t\u00eb njeriut, si\u00e7 v\u00ebren Transparency International p\u00ebr Shqip\u00ebrin\u00eb, aty duhet ndryshim!\u201d<\/em> &#8211; shkruan Gjekmarkaj.<\/span><\/p>\n<p><span style=\"color: #000000;\"><img loading=\"lazy\" decoding=\"async\" class=\"aligncenter size-full wp-image-499921\" src=\"https:\/\/www.hashtag.al\/wp-content\/uploads\/2022\/01\/gjekmarkaj.jpg\" alt=\"\" width=\"714\" height=\"541\" srcset=\"https:\/\/www.hashtag.al\/wp-content\/uploads\/2022\/01\/gjekmarkaj.jpg 714w, https:\/\/www.hashtag.al\/wp-content\/uploads\/2022\/01\/gjekmarkaj-300x227.jpg 300w\" sizes=\"auto, (max-width: 714px) 100vw, 714px\" \/><\/span><\/p>\n","protected":false,"gt_translate_keys":[{"key":"rendered","format":"html"}]},"excerpt":{"rendered":"<p>N\u00ebnkryetari i Kuvendit Agron Gjekmarkaj ka komentuar raportin e Transparency International. Ai shkruan se vendi \u00ebsht\u00eb p\u00ebrkeq\u00ebsuar n\u00eb shum\u00eb drejtime. Gjekmarkaj thekson se shqiptar\u00ebt i kan\u00eb syt\u00eb nga Amerika duke b\u00ebr\u00eb thirrje p\u00ebr shpalljen non grata t\u00eb kryeministrit Edi Rama si nj\u00eb mekaniz\u00ebm q\u00eb sipas tij mund t\u00eb ndaloj\u00eb p\u00ebrkeq\u00ebsimin. \u201cN\u00cb P\u00cbRK\u00cbQ\u00cbSIM ! K\u00ebshtu na [&hellip;]<\/p>\n","protected":false,"gt_translate_keys":[{"key":"rendered","format":"html"}]},"author":51,"featured_media":499920,"comment_status":"closed","ping_status":"closed","sticky":false,"template":"","format":"standard","meta":{"footnotes":""},"categories":[65,13],"tags":[],"class_list":["post-499919","post","type-post","status-publish","format-standard","has-post-thumbnail","hentry","category-lajme","category-te-fundit"],"gt_translate_keys":[{"key":"link","format":"url"}],"_links":{"self":[{"href":"https:\/\/www.hashtag.al\/index.php\/wp-json\/wp\/v2\/posts\/499919","targetHints":{"allow":["GET"]}}],"collection":[{"href":"https:\/\/www.hashtag.al\/index.php\/wp-json\/wp\/v2\/posts"}],"about":[{"href":"https:\/\/www.hashtag.al\/index.php\/wp-json\/wp\/v2\/types\/post"}],"author":[{"embeddable":true,"href":"https:\/\/www.hashtag.al\/index.php\/wp-json\/wp\/v2\/users\/51"}],"replies":[{"embeddable":true,"href":"https:\/\/www.hashtag.al\/index.php\/wp-json\/wp\/v2\/comments?post=499919"}],"version-history":[{"count":0,"href":"https:\/\/www.hashtag.al\/index.php\/wp-json\/wp\/v2\/posts\/499919\/revisions"}],"wp:featuredmedia":[{"embeddable":true,"href":"https:\/\/www.hashtag.al\/index.php\/wp-json\/wp\/v2\/media\/499920"}],"wp:attachment":[{"href":"https:\/\/www.hashtag.al\/index.php\/wp-json\/wp\/v2\/media?parent=499919"}],"wp:term":[{"taxonomy":"category","embeddable":true,"href":"https:\/\/www.hashtag.al\/index.php\/wp-json\/wp\/v2\/categories?post=499919"},{"taxonomy":"post_tag","embeddable":true,"href":"https:\/\/www.hashtag.al\/index.php\/wp-json\/wp\/v2\/tags?post=499919"}],"curies":[{"name":"wp","href":"https:\/\/api.w.org\/{rel}","templated":true}]}}