{"id":499651,"date":"2022-01-24T09:53:55","date_gmt":"2022-01-24T08:53:55","guid":{"rendered":"https:\/\/www.hashtag.al\/?p=499651"},"modified":"2022-01-24T09:53:55","modified_gmt":"2022-01-24T08:53:55","slug":"nderron-jete-ne-moshen-73-vjecare-stilisti-francez-thierry-mugler","status":"publish","type":"post","link":"https:\/\/www.hashtag.al\/index.php\/2022\/01\/24\/nderron-jete-ne-moshen-73-vjecare-stilisti-francez-thierry-mugler\/","title":{"rendered":"Nd\u00ebrron jet\u00eb n\u00eb mosh\u00ebn 73-vje\u00e7are stilisti francez Thierry Mugler","gt_translate_keys":[{"key":"rendered","format":"text"}]},"content":{"rendered":"<p><span style=\"color: #000000;\"><img loading=\"lazy\" decoding=\"async\" class=\"aligncenter size-full wp-image-499652\" src=\"https:\/\/www.hashtag.al\/wp-content\/uploads\/2022\/01\/mugler.jpg\" alt=\"\" width=\"1519\" height=\"855\" srcset=\"https:\/\/www.hashtag.al\/wp-content\/uploads\/2022\/01\/mugler.jpg 1519w, https:\/\/www.hashtag.al\/wp-content\/uploads\/2022\/01\/mugler-300x169.jpg 300w, https:\/\/www.hashtag.al\/wp-content\/uploads\/2022\/01\/mugler-1024x576.jpg 1024w, https:\/\/www.hashtag.al\/wp-content\/uploads\/2022\/01\/mugler-768x432.jpg 768w\" sizes=\"auto, (max-width: 1519px) 100vw, 1519px\" \/><\/span><\/p>\n<p><span style=\"color: #000000;\">Stilisti francez Thierry Mugler, ka vdekur n\u00eb mosh\u00ebn 73-vje\u00e7are, sipas nj\u00eb mesazhi t\u00eb postuar n\u00eb llogarin\u00eb e tij zyrtare n\u00eb Instagram.<\/span><\/p>\n<p><span style=\"color: #000000;\">Marka e stilistit, Mugler, konfirmoi gjithashtu lajmin p\u00ebrmes nj\u00eb postimi n\u00eb Instagram, duke e p\u00ebrshkruar themeluesin e saj si \u2018nj\u00eb vizionar, imagjinata e t\u00eb cilit si nj\u00eb stilist, parfumier dhe b\u00ebr\u00ebs imazhi i fuqizoi njer\u00ebzit n\u00eb mbar\u00eb bot\u00ebn t\u00eb jen\u00eb m\u00eb t\u00eb guximsh\u00ebm dhe t\u00eb \u00ebnd\u00ebrrojn\u00eb \u00e7do dit\u00eb\u2019.<\/span><\/p>\n<p><span style=\"color: #000000;\">I lindur n\u00eb Strasburg, Franc\u00eb, n\u00eb vitin 1948, Mugler punoi si dizajner i pavarur n\u00eb Paris p\u00ebrpara se t\u00eb themelonte kompanin\u00eb e tij n\u00eb vitin 1974. N\u00eb vitet 1980 ai ishte nj\u00eb figur\u00eb kryesore n\u00eb mod\u00ebn nd\u00ebrkomb\u00ebtare.<\/span><\/p>\n<p><span style=\"color: #000000;\">Mugler ishte homoseksual i deklaruar nd\u00ebrsa pas largimit nga jeta aktive si stilist u mor me palest\u00ebr n\u00eb m\u00ebnyr\u00eb intensive.<\/span><\/p>\n","protected":false,"gt_translate_keys":[{"key":"rendered","format":"html"}]},"excerpt":{"rendered":"<p>Stilisti francez Thierry Mugler, ka vdekur n\u00eb mosh\u00ebn 73-vje\u00e7are, sipas nj\u00eb mesazhi t\u00eb postuar n\u00eb llogarin\u00eb e tij zyrtare n\u00eb Instagram. Marka e stilistit, Mugler, konfirmoi gjithashtu lajmin p\u00ebrmes nj\u00eb postimi n\u00eb Instagram, duke e p\u00ebrshkruar themeluesin e saj si \u2018nj\u00eb vizionar, imagjinata e t\u00eb cilit si nj\u00eb stilist, parfumier dhe b\u00ebr\u00ebs imazhi i fuqizoi [&hellip;]<\/p>\n","protected":false,"gt_translate_keys":[{"key":"rendered","format":"html"}]},"author":51,"featured_media":499652,"comment_status":"closed","ping_status":"closed","sticky":false,"template":"","format":"standard","meta":{"footnotes":""},"categories":[53],"tags":[],"class_list":["post-499651","post","type-post","status-publish","format-standard","has-post-thumbnail","hentry","category-fast-foodi"],"gt_translate_keys":[{"key":"link","format":"url"}],"_links":{"self":[{"href":"https:\/\/www.hashtag.al\/index.php\/wp-json\/wp\/v2\/posts\/499651","targetHints":{"allow":["GET"]}}],"collection":[{"href":"https:\/\/www.hashtag.al\/index.php\/wp-json\/wp\/v2\/posts"}],"about":[{"href":"https:\/\/www.hashtag.al\/index.php\/wp-json\/wp\/v2\/types\/post"}],"author":[{"embeddable":true,"href":"https:\/\/www.hashtag.al\/index.php\/wp-json\/wp\/v2\/users\/51"}],"replies":[{"embeddable":true,"href":"https:\/\/www.hashtag.al\/index.php\/wp-json\/wp\/v2\/comments?post=499651"}],"version-history":[{"count":0,"href":"https:\/\/www.hashtag.al\/index.php\/wp-json\/wp\/v2\/posts\/499651\/revisions"}],"wp:featuredmedia":[{"embeddable":true,"href":"https:\/\/www.hashtag.al\/index.php\/wp-json\/wp\/v2\/media\/499652"}],"wp:attachment":[{"href":"https:\/\/www.hashtag.al\/index.php\/wp-json\/wp\/v2\/media?parent=499651"}],"wp:term":[{"taxonomy":"category","embeddable":true,"href":"https:\/\/www.hashtag.al\/index.php\/wp-json\/wp\/v2\/categories?post=499651"},{"taxonomy":"post_tag","embeddable":true,"href":"https:\/\/www.hashtag.al\/index.php\/wp-json\/wp\/v2\/tags?post=499651"}],"curies":[{"name":"wp","href":"https:\/\/api.w.org\/{rel}","templated":true}]}}