{"id":499276,"date":"2022-01-22T13:32:50","date_gmt":"2022-01-22T12:32:50","guid":{"rendered":"https:\/\/www.hashtag.al\/?p=499276"},"modified":"2022-01-22T13:32:50","modified_gmt":"2022-01-22T12:32:50","slug":"rama-mbi-16-mije-qytetare-e-kane-plotesuar-formularin-online-te-keshillimit-kombetar","status":"publish","type":"post","link":"https:\/\/www.hashtag.al\/index.php\/2022\/01\/22\/rama-mbi-16-mije-qytetare-e-kane-plotesuar-formularin-online-te-keshillimit-kombetar\/","title":{"rendered":"Rama: Mbi 16 mij\u00eb qytetar\u00eb e kan\u00eb plot\u00ebsuar formularin online t\u00eb K\u00ebshillimit Komb\u00ebtar","gt_translate_keys":[{"key":"rendered","format":"text"}]},"content":{"rendered":"<p><span style=\"color: #000000;\"><a href=\"https:\/\/www.hashtag.al\/wp-content\/uploads\/2021\/12\/edirama.jpg\"><img loading=\"lazy\" decoding=\"async\" class=\"aligncenter size-full wp-image-493403\" src=\"https:\/\/www.hashtag.al\/wp-content\/uploads\/2021\/12\/edirama.jpg\" alt=\"\" width=\"1426\" height=\"787\" srcset=\"https:\/\/www.hashtag.al\/wp-content\/uploads\/2021\/12\/edirama.jpg 1426w, https:\/\/www.hashtag.al\/wp-content\/uploads\/2021\/12\/edirama-300x166.jpg 300w, https:\/\/www.hashtag.al\/wp-content\/uploads\/2021\/12\/edirama-1024x565.jpg 1024w, https:\/\/www.hashtag.al\/wp-content\/uploads\/2021\/12\/edirama-768x424.jpg 768w, https:\/\/www.hashtag.al\/wp-content\/uploads\/2021\/12\/edirama-750x415.jpg 750w\" sizes=\"auto, (max-width: 1426px) 100vw, 1426px\" \/><\/a><\/span><\/p>\n<p><span style=\"color: #000000;\">Kryeministri Edi Rama ka publikuar k\u00ebt\u00eb t\u00eb shtun\u00eb numrin e qytetar\u00ebve q\u00eb kan\u00eb plot\u00ebsuar pyet\u00ebsorin e qeveris\u00eb online n\u00eb kuad\u00ebr t\u00eb nism\u00ebs s\u00eb K\u00ebshillimit Komb\u00ebtar.<\/span><\/p>\n<p><span style=\"color: #000000;\">N\u00eb nj\u00eb postim n\u00eb rrjetet sociale, Rama zbulon se deri m\u00eb 21 janar, jan\u00eb 16 mij\u00eb e 544 qytetar\u00eb q\u00eb e kan\u00eb plot\u00ebsuar pyet\u00ebsorin online.<\/span><\/p>\n<p><span style=\"color: #000000;\">Rama ka publikuar edhe pyetjen e kat\u00ebrt, p\u00ebr t\u00eb cil\u00ebn u k\u00ebrkohet mendim qytetar\u00ebve, lidhur me personat q\u00eb kan\u00eb p\u00ebrfituar statusin e pensionistit, por q\u00eb ende vijojn\u00eb t\u00eb punojn\u00eb.<\/span><\/p>\n<p><em><span style=\"color: #000000;\">\u201cK\u00cbSHILLIMI KOMB\u00cbTAR \/ PYETJA 4<\/span><\/em><\/p>\n<p><em><span style=\"color: #000000;\">Me falenderimin e madh p\u00ebr 16.544 bashk\u00ebqytetar\u00ebt e bashk\u00ebqytetaret, kudo ndodhen, q\u00eb jan\u00eb p\u00ebrfshir\u00eb deri mbr\u00ebm\u00eb n\u00eb K\u00ebshillimin Komb\u00ebtar, duke e plot\u00ebsuar pyet\u00ebsorin online qysh n\u00eb 24 or\u00ebt e para, ju ftoj t\u00eb gjith\u00ebve t\u00eb b\u00ebheni pjes\u00eb e k\u00ebtij kuvendimi popullor p\u00ebr \u00e7\u00ebshtje me r\u00ebnd\u00ebsi strategjike p\u00ebr Sht\u00ebpin\u00eb ton\u00eb Shqip\u00ebrin\u00eb\ud83c\udde6\ud83c\uddf1<\/span><\/em><br \/>\n<span style=\"color: #000000;\"><em>Jepni opinionet tuaja duke klikuar k\u00ebtu\ud83d\udc49 <\/em><a style=\"color: #000000;\" href=\"https:\/\/keshillimikombetar.al\/\u201d-\"><em>https:\/\/keshillimikombetar.al\/\u201d-<\/em><\/a> shkruan Rama krahas fotos s\u00eb pyetjes s\u00eb kat\u00ebrt.<\/span><\/p>\n<p><a href=\"https:\/\/www.hashtag.al\/wp-content\/uploads\/2022\/01\/272213288_475738083921858_8194071819340941593_n.jpg\"><img loading=\"lazy\" decoding=\"async\" class=\"aligncenter size-full wp-image-499277\" src=\"https:\/\/www.hashtag.al\/wp-content\/uploads\/2022\/01\/272213288_475738083921858_8194071819340941593_n.jpg\" alt=\"\" width=\"938\" height=\"1280\" srcset=\"https:\/\/www.hashtag.al\/wp-content\/uploads\/2022\/01\/272213288_475738083921858_8194071819340941593_n.jpg 938w, https:\/\/www.hashtag.al\/wp-content\/uploads\/2022\/01\/272213288_475738083921858_8194071819340941593_n-220x300.jpg 220w, https:\/\/www.hashtag.al\/wp-content\/uploads\/2022\/01\/272213288_475738083921858_8194071819340941593_n-750x1024.jpg 750w, https:\/\/www.hashtag.al\/wp-content\/uploads\/2022\/01\/272213288_475738083921858_8194071819340941593_n-768x1048.jpg 768w\" sizes=\"auto, (max-width: 938px) 100vw, 938px\" \/><\/a><\/p>\n","protected":false,"gt_translate_keys":[{"key":"rendered","format":"html"}]},"excerpt":{"rendered":"<p>Kryeministri Edi Rama ka publikuar k\u00ebt\u00eb t\u00eb shtun\u00eb numrin e qytetar\u00ebve q\u00eb kan\u00eb plot\u00ebsuar pyet\u00ebsorin e qeveris\u00eb online n\u00eb kuad\u00ebr t\u00eb nism\u00ebs s\u00eb K\u00ebshillimit Komb\u00ebtar. N\u00eb nj\u00eb postim n\u00eb rrjetet sociale, Rama zbulon se deri m\u00eb 21 janar, jan\u00eb 16 mij\u00eb e 544 qytetar\u00eb q\u00eb e kan\u00eb plot\u00ebsuar pyet\u00ebsorin online. Rama ka publikuar edhe pyetjen [&hellip;]<\/p>\n","protected":false,"gt_translate_keys":[{"key":"rendered","format":"html"}]},"author":30,"featured_media":494556,"comment_status":"closed","ping_status":"closed","sticky":false,"template":"","format":"standard","meta":{"footnotes":""},"categories":[65,13],"tags":[],"class_list":["post-499276","post","type-post","status-publish","format-standard","has-post-thumbnail","hentry","category-lajme","category-te-fundit"],"gt_translate_keys":[{"key":"link","format":"url"}],"_links":{"self":[{"href":"https:\/\/www.hashtag.al\/index.php\/wp-json\/wp\/v2\/posts\/499276","targetHints":{"allow":["GET"]}}],"collection":[{"href":"https:\/\/www.hashtag.al\/index.php\/wp-json\/wp\/v2\/posts"}],"about":[{"href":"https:\/\/www.hashtag.al\/index.php\/wp-json\/wp\/v2\/types\/post"}],"author":[{"embeddable":true,"href":"https:\/\/www.hashtag.al\/index.php\/wp-json\/wp\/v2\/users\/30"}],"replies":[{"embeddable":true,"href":"https:\/\/www.hashtag.al\/index.php\/wp-json\/wp\/v2\/comments?post=499276"}],"version-history":[{"count":0,"href":"https:\/\/www.hashtag.al\/index.php\/wp-json\/wp\/v2\/posts\/499276\/revisions"}],"wp:featuredmedia":[{"embeddable":true,"href":"https:\/\/www.hashtag.al\/index.php\/wp-json\/wp\/v2\/media\/494556"}],"wp:attachment":[{"href":"https:\/\/www.hashtag.al\/index.php\/wp-json\/wp\/v2\/media?parent=499276"}],"wp:term":[{"taxonomy":"category","embeddable":true,"href":"https:\/\/www.hashtag.al\/index.php\/wp-json\/wp\/v2\/categories?post=499276"},{"taxonomy":"post_tag","embeddable":true,"href":"https:\/\/www.hashtag.al\/index.php\/wp-json\/wp\/v2\/tags?post=499276"}],"curies":[{"name":"wp","href":"https:\/\/api.w.org\/{rel}","templated":true}]}}