{"id":499272,"date":"2022-01-22T13:22:50","date_gmt":"2022-01-22T12:22:50","guid":{"rendered":"https:\/\/www.hashtag.al\/?p=499272"},"modified":"2022-01-22T13:22:50","modified_gmt":"2022-01-22T12:22:50","slug":"basha-takim-me-demokratet-e-deges-nr-8-ne-tirane-lereni-berishen-te-shfryje-8-janari-ua-hapi-syte-te-gjitheve-dhe-sot-jemi-bashke","status":"publish","type":"post","link":"https:\/\/www.hashtag.al\/index.php\/2022\/01\/22\/basha-takim-me-demokratet-e-deges-nr-8-ne-tirane-lereni-berishen-te-shfryje-8-janari-ua-hapi-syte-te-gjitheve-dhe-sot-jemi-bashke\/","title":{"rendered":"Basha takim me demokrat\u00ebt e deg\u00ebs nr.8 n\u00eb Tiran\u00eb: L\u00ebreni Berish\u00ebn t\u00eb shfryj\u00eb, 8 janari ua hapi syt\u00eb t\u00eb gjith\u00ebve dhe sot jemi bashk\u00eb","gt_translate_keys":[{"key":"rendered","format":"text"}]},"content":{"rendered":"<p><span style=\"color: #000000;\"><a href=\"https:\/\/www.hashtag.al\/wp-content\/uploads\/2022\/01\/lul-basha-4.jpg\"><img loading=\"lazy\" decoding=\"async\" class=\"aligncenter size-full wp-image-499274\" src=\"https:\/\/www.hashtag.al\/wp-content\/uploads\/2022\/01\/lul-basha-4.jpg\" alt=\"\" width=\"830\" height=\"420\" srcset=\"https:\/\/www.hashtag.al\/wp-content\/uploads\/2022\/01\/lul-basha-4.jpg 830w, https:\/\/www.hashtag.al\/wp-content\/uploads\/2022\/01\/lul-basha-4-300x152.jpg 300w, https:\/\/www.hashtag.al\/wp-content\/uploads\/2022\/01\/lul-basha-4-768x389.jpg 768w\" sizes=\"auto, (max-width: 830px) 100vw, 830px\" \/><\/a><\/span><\/p>\n<p><span style=\"color: #000000;\">Kryetari i Partis\u00eb Demokratike Lulzim Basha \u00ebsht\u00eb takuar sot me qytetar\u00ebt e deg\u00ebs nr.8 n\u00eb Tiran\u00eb. Gjat\u00eb fjal\u00ebs s\u00eb tij, Basha u ndal tek problemet e brendshme n\u00eb Partin\u00eb Demokratike dhe konfliktim e tij me ish-kryeministrin Sali Berisha.<\/span><\/p>\n<p><span style=\"color: #000000;\">Ai akuzoi Berish\u00ebn se filloi nj\u00eb l\u00ebvizje t\u00eb t\u00ebr\u00eb vet\u00ebm p\u00ebr hallin e tij personal. Por sipas tij 8 Janari ua ka hapur syt\u00eb t\u00eb gjith\u00ebve p\u00ebr t\u00eb kuptuar arsyet pse Basha mori vendimin n\u00eb shtator p\u00ebr p\u00ebrjashtimin e Berish\u00ebs nga grupi parlamentar pas shpalljes s\u00eb k\u00ebtij t\u00eb fundit \u201cnon grata\u201d nga SHBA-t\u00eb.<\/span><\/p>\n<p><span style=\"color: #000000;\">Basha tha se ai s\u2019mund t\u00eb lejonte q\u00eb t\u2019i vinte demokrat\u00ebt kund\u00ebr nj\u00ebri-tjetrit.<\/span><\/p>\n<p><em><span style=\"color: #000000;\">\u201cA mund t\u2019ia lejoja vetes time n\u00eb radh\u00eb t\u00eb par\u00eb, q\u00eb ky q\u00eb m\u00eb njihni si \u00e7unin e lagjes tuaj, edukat\u00ebs time familjare, sensit tim si demokrat q\u00eb n\u00eb momentin e par\u00eb q\u00eb ka lind kjo parti e jo m\u00eb pastaj p\u00ebrgjegj\u00ebsis\u00eb q\u00eb m\u00eb keni ngarkuar si kryetar i Partis\u00eb Demokratike t\u2019i vija demokrat\u00ebt kund\u00ebr nj\u00ebri-tjetrit?<\/span><\/em><\/p>\n<p><span style=\"color: #000000;\"><em>Jua kam th\u00ebn\u00eb n\u00eb fillim kush m\u00eb ka pyetur, jo nuk e b\u00ebj. L\u00ebre t\u00eb shfryj\u00eb. E di q\u00eb \u00ebsht\u00eb plot me mllef, me zem\u00ebrim, me g\u00ebnjeshtra, por e keqja do ta b\u00ebj\u00eb ciklin e vet si \u00e7do viroz\u00eb, do t\u00eb ket\u00eb edhe koston e vet si \u00e7do viroz\u00eb. Por, nuk luftohet duke i v\u00ebn\u00eb demokrat\u00ebt p\u00ebrball\u00eb nj\u00ebri-tjetrit dhe kjo \u00ebsht\u00eb arsyeja besoj e kuptoni shum\u00eb mir\u00eb. 8 janari ua ka hapur syt\u00eb t\u00eb gjith\u00ebve se pse kam marr\u00eb at\u00eb vendim dhe pse ai ishte vendim i drejt\u00eb. Dhe kjo \u00ebsht\u00eb nj\u00eb arsye m\u00eb shum\u00eb se pse sot jemi bashk\u00eb, jemi shumica absolute k\u00ebtu e strukturave drejtuese, nes\u00ebr do t\u00eb jemi edhe m\u00eb shum\u00eb si\u00e7 ishim dje, si\u00e7 ishim para 4 apo 5 dit\u00ebsh, si\u00e7 do t\u00eb jemi nes\u00ebr sepse demokrat\u00ebt nuk jan\u00eb bashk\u00eb as p\u00ebr emrin, as p\u00ebr karrigen, as p\u00ebr fam\u00ebn e nj\u00eb njeriu t\u00eb vet\u00ebm. Jan\u00eb bashk\u00eb sepse tek bashkimi jon\u00eb shohin dhe gjejn\u00eb forc\u00ebn p\u00ebr t\u2019u b\u00ebr\u00eb m\u00eb t\u00eb mir\u00eb, m\u00eb t\u00eb fort\u00eb, m\u00eb t\u00eb gatsh\u00ebm q\u00eb t\u2019i p\u00ebrgjigjemi kujt? K\u00ebrkesave t\u00eb shqiptar\u00ebve.\u201d-<\/em> tha Basha.<\/span><\/p>\n<p><strong><span style=\"color: #000000;\">Fjalimi i Bash\u00ebs<\/span><\/strong><\/p>\n<p><span style=\"color: #000000;\">Faleminderit P\u00ebllumb dhe mir\u00eb se ju gjej t\u00eb dashur drejtues, an\u00ebtar\u00eb t\u00eb strukturave t\u00eb deg\u00ebs 8 ku vij jo thjesht si kryetar i Partis\u00eb Demokratike, por si an\u00ebtar i deg\u00ebs 8, k\u00ebtu n\u00eb k\u00ebt\u00eb zon\u00eb t\u00eb zemr\u00ebs s\u00eb Partis\u00eb Demokratike n\u00eb kryeqytet me nj\u00eb dometh\u00ebnie kaq t\u00eb madhe n\u00eb historin\u00eb ton\u00eb.<\/span><\/p>\n<p><span style=\"color: #000000;\">Nga m\u00ebngjesi deri n\u00eb dark\u00eb, dit\u00eb p\u00ebr dit\u00eb, pa pushim Shqip\u00ebris\u00eb po i vijn\u00eb v\u00ebrdall\u00eb hije t\u00eb s\u00eb shkuar\u00ebs dhe disa simbole t\u00eb korrupsionit, duke treguar lloj lloj g\u00ebnjeshtrash e mashtrimesh, vet\u00ebm e vet\u00ebm p\u00ebr t\u00eb justifikuar at\u00eb q\u00eb i kan\u00eb b\u00ebr\u00eb k\u00ebtij vendi p\u00ebr 30 vjet me radh\u00eb. Vet\u00ebm e vet\u00ebm p\u00ebr t\u00eb mbuluar shkaqet e v\u00ebrteta t\u00eb gjendjes ekonomike, shoq\u00ebrore, psikologjike t\u00eb njer\u00ebzve sot. Vet\u00ebm e vet\u00ebm p\u00ebr t\u00eb kamufluar armikun e mir\u00ebq\u00ebnies t\u00eb shqiptar\u00ebve dhe shkakun e largimit t\u00eb shqiptar\u00ebve e n\u00eb ve\u00e7anti t\u00eb rinis\u00eb nga sht\u00ebpit\u00eb e tyre.\u00a0<\/span><\/p>\n<p><span style=\"color: #000000;\">K\u00ebto hije t\u00eb s\u00eb shkuar\u00ebs dhe k\u00ebto simbole t\u00eb korrupsionit, jan\u00eb b\u00ebr\u00eb nj\u00eb pesh\u00eb e tep\u00ebrt p\u00ebr \u00e7do familje shqiptare, edhe n\u00eb ekranet e p\u00ebrnat\u00ebshme. Jan\u00eb lodhur shqiptar\u00ebt s\u00eb d\u00ebgjuari t\u00eb nj\u00ebjtat g\u00ebnjeshtra, t\u00eb nj\u00ebjtat mashtrime, t\u00eb nj\u00ebjtat justifikime, t\u00eb nj\u00ebjtat alibi, apo disa t\u00eb tjer\u00eb q\u00eb i freskojn\u00eb, \u00e7do jav\u00eb i japin refresh, i rifreskojn\u00eb librin e g\u00ebnjeshtrave. Shikoni si dol\u00ebn me incenerator\u00ebt. Kemi 6 vjet q\u00eb e denoncojm\u00eb afer\u00ebn e incenerator\u00ebve. Gjasht\u00eb vjet betej\u00eb p\u00ebr nj\u00eb t\u00eb v\u00ebrtet\u00eb t\u00eb dhimbshme, p\u00ebr nj\u00eb afer\u00eb korruptive me p\u00ebrmasa monstruoze, t\u00eb p\u00ebrbindshme. Minimalisht 430 milion\u00eb euro. Mendoni se \u00e7far\u00eb mund t\u00eb ishte b\u00ebr\u00eb me k\u00ebto para po mos t\u00eb ishin zhdukur n\u00eb xhepat e nj\u00eb grushti njer\u00ebzish, nj\u00eb grushti pushtetar\u00ebsh ku sot p\u00ebr sot drejt\u00ebsia ka brenda bishtin jo kok\u00ebn. Koka \u00ebsht\u00eb akoma n\u00eb qeveri. Dhe nga m\u00ebngjesi deri n\u00eb dark\u00eb, koka e k\u00ebsaj afere, bashk\u00eb me patericat e tij dhe me tubin e tij t\u00eb oksigjenit mundohen ta heqin v\u00ebmendjen nga kjo. N\u00eb nj\u00eb shoq\u00ebri normale, n\u00eb nj\u00eb vend normal, me nj\u00eb demokraci funksionale, me nj\u00eb drejt\u00ebsi q\u00eb vepron shpejt, sot kjo qeveri sikur vet\u00ebm p\u00ebr at\u00eb afer\u00eb duhet t\u00eb ishte para drejt\u00ebsis\u00eb dhe jo t\u00eb na qeveriste. Q\u00ebllimi i tyre \u00ebsht\u00eb ta mbajn\u00eb Shqip\u00ebrin\u00eb k\u00ebshtu me afer\u00eb korruptive mbas afer\u00eb korruptive, por pa d\u00ebnime, me t\u00eb arrestuar q\u00eb mund\u00ebsisht lirohen me procese q\u00eb p\u00ebrs\u00ebriten e rip\u00ebrs\u00ebriten pa nd\u00ebshkim p\u00ebr vjedhjen q\u00eb u b\u00ebjn\u00eb i b\u00ebjn\u00eb xhepave shqiptar\u00ebve. Shikoni \u00e7\u00ebshtjen Bechetti si duan ta mbyllin.<\/span><\/p>\n<p><span style=\"color: #000000;\">Sapo k\u00ebrkuam Komision Hetimor p\u00ebr nj\u00eb \u00e7\u00ebshtje ku jan\u00eb p\u00ebrfshir\u00eb drejtp\u00ebrdrejt krer\u00ebt m\u00eb t\u00eb lart\u00eb q\u00eb sundojn\u00eb sot Shqip\u00ebrin\u00eb dhe kryeministri e kryetari i bashkis\u00eb s\u00eb Tiran\u00ebs, than\u00eb \u201cjo\u201d megjith\u00ebse 5 her\u00eb Gjykata Kushtetuese ka th\u00ebn\u00eb; kur 28 deputet\u00eb k\u00ebrkojn\u00eb komision hetimor s\u2019thua dot jo. Je i detyruar ta pranosh. Pse? Vet\u00ebm e vet\u00ebm ta zvarrisin po \u00e7far\u00eb fitojn\u00eb nga zvarritja? Po kur e zvarrisin pastaj nxjerrin n\u00ebp\u00ebr ekranet e shqiptar\u00ebve g\u00ebnjeshtrat, mashtrimet, shpifjet e p\u00ebrditshme e tani iu kan\u00eb ardhur n\u00eb ndihm\u00eb edhe disa aleat\u00eb, t\u00eb drejtp\u00ebrdrejt\u00eb apo indirekt\u00eb, t\u00eb duksh\u00ebm dhe t\u00eb paduksh\u00ebm, q\u00eb i ndihmojn\u00eb me g\u00ebnjeshtrat, me shpifjet, me mashtrimet e tyre.<\/span><\/p>\n<p><span style=\"color: #000000;\">Po p\u00ebr masakr\u00ebn zgjedhore e d\u00ebgjoni se \u00e7\u2019thon\u00eb sot apo jo? Ku s\u2019ka shqiptar\u00eb dhe gjith\u00eb faktori nd\u00ebrkomb\u00ebtar \u00ebsht\u00eb vet\u00ebdij\u00ebsuar p\u00ebr faktet q\u00eb kan\u00eb qen\u00eb n\u00eb syt\u00eb e t\u00eb gjith\u00eb shqiptar\u00ebve, t\u00eb masakr\u00ebs zgjedhore, tani, ndokush q\u00eb ka hesape t\u00eb pambyllura me drejt\u00ebsin\u00eb, kujton se mund t\u2019i shp\u00ebtoj\u00eb atyre duke mohuar masakr\u00ebn zgjedhore dhe duke shpikur fabula p\u00ebr pazare q\u00eb ndoshta vet\u00eb i kan\u00eb b\u00ebr\u00eb, pik\u00ebrisht p\u00ebr t\u2019i shp\u00ebtuar drejt\u00ebsis\u00eb. Kjo \u00ebsht\u00eb e v\u00ebrteta. K\u00ebto jan\u00eb t\u00eb v\u00ebrtetat e fundit t\u00eb nj\u00eb politike q\u00eb i ka lodhur njer\u00ebzit. I ka lodhur \u00ebsht\u00eb pak madje, i ka shkat\u00ebrruar nga nervat, i ka d\u00ebshp\u00ebruar shum\u00eb prej tyre, i ka b\u00ebr\u00eb t\u00eb humbin besimin te vet\u00eb politik\u00ebb\u00ebrja si instrument ndryshimi. Dhe kjo \u00ebsht\u00eb ajo q\u00eb duan nj\u00eb pakic\u00eb njer\u00ebzish q\u00eb vjen v\u00ebrdall\u00eb.<\/span><\/p>\n<p><span style=\"color: #000000;\">Shikoni se \u00e7far\u00eb ndodhi brenda sht\u00ebpis\u00eb ton\u00eb. Ashtu si\u00e7 ju thash\u00eb n\u00eb fillim, e gjitha gjoja filloi p\u00ebr arsye parimore por paska qen\u00eb p\u00ebr hallin e nj\u00eb njeriu. Sali Berisha filloi nj\u00eb l\u00ebvizje t\u00eb t\u00ebr\u00eb vet\u00ebm p\u00ebr hallin e tij personal. Dhe p\u00ebrfundoi ashtu si\u00e7ju thash\u00eb, ishte gati t\u2019i vinte, ai bashk\u00eb me nj\u00eb grusht njer\u00ebzish q\u00eb p\u00ebr karrigen e tyre jan\u00eb gati t\u2019i v\u00ebn\u00eb zjarrin sht\u00ebpis\u00eb s\u00eb tyre e treguan se kjo nuk \u00ebsht\u00eb nj\u00eb betej\u00eb as p\u00ebr demokracin\u00eb, as p\u00ebr demokrat\u00ebt, por p\u00ebr hallin personal t\u00eb Sali Berish\u00ebs dhe p\u00ebr karriget e tyre. Jo sot, edhe dje, edhe para 5 vjet\u00ebsh, edhe para 10-vjet\u00ebsh, edhe kur kemi qen\u00eb n\u00eb pushtet ishin gati t\u2019i nxirrnin syt\u00eb \u00e7do demokrati t\u00eb ndersh\u00ebm p\u00ebr karriget e tyre, p\u00ebr pushtetin e tyre personal t\u00eb cilin gjithmon\u00eb e ka nd\u00ebrtuar mbi sakrific\u00ebn e demokrat\u00ebve t\u00eb ndersh\u00ebm duke marr\u00eb e duke menduar \u00e7far\u00eb t\u00eb marrin kur \u00e7do demokrat i ndersh\u00ebm mendon \u00e7far\u00eb t\u00eb japi p\u00ebr k\u00ebt\u00eb vend. Njer\u00ebzit e kan\u00eb kuptuar k\u00ebt\u00eb. Nuk ka arsye tjet\u00ebr pse jemi t\u00eb gjith\u00eb bashk\u00eb sonte k\u00ebtu e do t\u00eb vazhdojm\u00eb t\u00eb jemi dit\u00eb p\u00ebr dit\u00eb sepse njer\u00ebzit e kan\u00eb kuptuar. Pyetja q\u00eb b\u00ebnin njer\u00ebzit p\u00ebrpara pse s\u2019del dhe ti, besoj e ka marr\u00eb p\u00ebrgjigjen. A mund t\u2019i falja un\u00eb Edi Ram\u00ebs k\u00ebnaq\u00ebsin\u00eb e nj\u00eb p\u00ebrplasje me demokrat\u00ebt si ajo q\u00eb u p\u00ebrpoq t\u00eb b\u00ebnte Sali Berisha me ata pak njer\u00ebz q\u00eb p\u00ebr karrigen e tyre jan\u00eb gati t\u00eb djegin Shqip\u00ebrin\u00eb me dat\u00eb 8 janar?<\/span><\/p>\n<p><span style=\"color: #000000;\">A mund t\u2019ia lejoja vetes time n\u00eb radh\u00eb t\u00eb pare, q\u00eb ky q\u00eb m\u00eb njihni si \u00e7unin e lagjes tuaj, edukat\u00ebs time familjare, sensit tim si demokrat q\u00eb n\u00eb momentin e par\u00eb q\u00eb ka lind kjo parti e jo m\u00eb pastaj p\u00ebrgjegj\u00ebsis\u00eb q\u00eb m\u00eb keni ngarkuar si kryetar i Partis\u00eb Demokratike t\u2019i vija demokrat\u00ebt kund\u00ebr nj\u00ebri-tjetrit?<\/span><\/p>\n<p><span style=\"color: #000000;\">Jua kam th\u00ebn\u00eb n\u00eb fillim kush m\u00eb ka pyetur, jo nuk e b\u00ebj. L\u00ebre t\u00eb shfryj\u00eb. E di q\u00eb \u00ebsht\u00eb plot me mllef, me zem\u00ebrim, me g\u00ebnjeshtra, por e keqja do ta b\u00ebj\u00eb ciklin e vet si \u00e7do viroz\u00eb, do t\u00eb ket\u00eb edhe koston e vet si \u00e7do viroz\u00eb. Por, nuk luftohet duke i v\u00ebn\u00eb demokrat\u00ebt p\u00ebrball\u00eb nj\u00ebri-tjetrit dhe kjo \u00ebsht\u00eb arsyeja besoj e kuptoni shum\u00eb mir\u00eb. 8 janari ua ka hapur syt\u00eb t\u00eb gjith\u00ebve se pse kam marr\u00eb at\u00eb vendim dhe pse ai ishte vendim i drejt\u00eb. Dhe kjo \u00ebsht\u00eb nj\u00eb arsye m\u00eb shum\u00eb se pse sot jemi bashk\u00eb, jemi shumica absolute k\u00ebtu e strukturave drejtuese, nes\u00ebr do t\u00eb jemi edhe m\u00eb shum\u00eb si\u00e7 ishim dje, si\u00e7 ishim para 4 apo 5 dit\u00ebsh, si\u00e7 do t\u00eb jemi nes\u00ebr sepse demokrat\u00ebt nuk jan\u00eb bashk\u00eb as p\u00ebr emrin, as p\u00ebr karrigen, as p\u00ebr fam\u00ebn e nj\u00eb njeriu t\u00eb vet\u00ebm. Jan\u00eb bashk\u00eb sepse tek bashkimi jon\u00eb shohin dhe gjejn\u00eb forc\u00ebn p\u00ebr t\u2019u b\u00ebr\u00eb m\u00eb t\u00eb mir\u00eb, m\u00eb t\u00eb fort\u00eb, m\u00eb t\u00eb gatsh\u00ebm q\u00eb t\u2019i p\u00ebrgjigjemi kujt? K\u00ebrkesave t\u00eb shqiptar\u00ebve.<\/span><\/p>\n<p><span style=\"color: #000000;\">Sa her\u00eb kemi qen\u00eb bashk\u00eb, sa her\u00eb kemi qen\u00eb t\u00eb qart\u00eb, sa her\u00eb kemi qen\u00eb t\u00eb vendosur, kemi ditur t\u00eb b\u00ebjm\u00eb pun\u00eb shum\u00eb t\u00eb mira p\u00ebr k\u00ebt\u00eb vend sikund\u00ebr dim\u00eb sot t\u2019ju k\u00ebrkojm\u00eb falje njer\u00ebzve edhe p\u00ebr ato q\u00eb s\u2019kemi b\u00ebr\u00eb ashtu si\u00e7 duhet, dhe p\u00ebr ato q\u00eb kemi b\u00ebr\u00eb gabim, edhe p\u00ebr ato gjynahe dhe m\u00ebkate q\u00eb kan\u00eb r\u00ebnduar mbi demokrat\u00ebt e thjesht\u00eb dhe mbi t\u00eb gjith\u00eb shqiptar\u00ebt e thjesht\u00eb. Dhe q\u00eb ky process t\u00eb jet\u00eb i v\u00ebrtet\u00eb nga fillimi n\u00eb fund, duhet t\u00eb kemi nj\u00eb ndarje t\u00eb plot\u00eb me k\u00ebt\u00eb kultur\u00eb t\u00eb s\u00eb shkuar\u00ebs, me ato hijet e t\u00eb shkuar\u00ebs q\u00eb u thash\u00eb q\u00eb vijn\u00eb v\u00ebrdall\u00eb bashk\u00eb me simoblet e korrupsionit.<\/span><\/p>\n<p><span style=\"color: #000000;\">Ne sfidave nuk u jemi trembur asnj\u00ebher\u00eb. Kund\u00ebrshtarit edhe kur ka qen\u00eb dhe ka patur si\u00e7 ka sot, t\u00eb gjitha mjetet, nuk i jemi trembur asnj\u00ebher\u00eb. E din\u00eb q\u00eb i fryn tam-tameve t\u00eb p\u00ebr\u00e7arjes sepse duan ta p\u00ebr\u00e7ajn\u00eb Partin\u00eb Demokratike pik\u00ebrisht sepse \u00ebsht\u00eb pengesa e vetme mes t\u00eb keqes dhe shpres\u00ebs s\u00eb shqiptar\u00ebve p\u00ebr ndryshim, mes nj\u00eb shteti pla\u00e7k\u00eb e nj\u00eb pakice politikan\u00ebsh, oligark\u00ebsh dhe kriminel\u00ebsh dhe nj\u00eb shteti n\u00eb sh\u00ebrbim t\u00eb qytetar\u00ebve. Por ne nuk do ta lejojm\u00eb si\u00e7 nuk e kemi lejuar ku me men\u00e7uri, ku me vendossm\u00ebri e ku t\u00eb jet\u00eb e nevojshme me t\u00eb dyja bashk\u00eb e me \u00e7do sakrific\u00eb. Nd\u00ebrkoh\u00eb vizioni jon\u00eb p\u00ebr t\u00eb nes\u00ebrmen q\u00eb e shpjegojm\u00eb sa e sa her\u00eb kur ka fushata, n\u00eb fakt \u00ebsht\u00eb vision i lindur nga nevojat e shqiptar\u00ebve dhe bashk\u00eb me detyr\u00ebn ton\u00eb p\u00ebr t\u00eb sh\u00ebruar plag\u00ebt e hapura padrejt\u00ebsisht ne do t\u00eb b\u00ebjm\u00eb gjith\u00e7ka q\u00eb t\u00eb krijojm\u00eb nj\u00eb aleac\u00eb sa m\u00eb t\u00eb gjer\u00eb t\u00eb mundshme me qytetar\u00ebt e t\u2019u themi me t\u00eb v\u00ebrtet\u00eb politika e mashtrimit, e g\u00ebnjeshtr\u00ebs, e shpifjes ju ka lodhur si\u00e7 do t\u00eb lodhte \u00e7do njeri normal, \u00e7do popull normal t\u00eb Europ\u00ebs. Por mos e humbni shpres\u00ebn. Sepse ne jemi t\u00eb vendosur dhe po e tregojm\u00eb me vepra, jo me fjal\u00eb q\u00eb nj\u00eb politik\u00eb ndryshe po vjen e cila i ka dh\u00ebn\u00eb tashm\u00eb provat e para dhe do t\u00eb jap\u00eb edhe m\u00eb shum\u00eb prova dhe bashk\u00eb m\u00eb t\u00eb gjith\u00eb shqiptar\u00ebt e ndersh\u00ebm q\u00eb jan\u00eb shumica absolute e k\u00ebtij vendi.<\/span><\/p>\n<p><span style=\"color: #000000;\">N\u00eb baz\u00eb t\u00eb parimeve m\u00eb t\u00eb sh\u00ebndosha t\u00eb demokracis\u00eb dhe me n\u00eb krah ata q\u00eb i kan\u00eb themeluar k\u00ebto parime, aleat\u00ebt tan\u00eb. Nuk do ta l\u00ebm\u00eb Shqip\u00ebrin\u00eb n\u00eb nat\u00ebn e tejzgjatur t\u00eb tranzicionit, por s\u00eb bashku do t\u00eb ecim drejt nj\u00eb drite t\u00eb re dhe agimi t\u00eb ri shpresash i cili m\u00eb shum\u00eb se kurr\u00eb do t\u2019i g\u00ebzoj\u00eb prind\u00ebrit shqiptar\u00eb sepse do t\u2019ju kushtohet f\u00ebmij\u00ebve t\u00eb tyre, brezit t\u00eb ri.<\/span><\/p>\n<p><span style=\"color: #000000;\">Shqip\u00ebria i ka t\u00eb gjitha mund\u00ebsit\u00eb! Dhe ne jemi t\u00eb vendosur q\u00eb k\u00ebto mund\u00ebsi mos t\u2019i g\u00ebzoj\u00eb nj\u00eb grusht njer\u00ebzish dhe f\u00ebmij\u00ebt e tyre, por t\u00eb gjith\u00eb shqipatar\u00ebt dhe f\u00ebmij\u00ebt e tyre. Kjo \u00ebsht\u00eb esenca e misionit ton\u00eb, kjo \u00ebsht\u00eb esenca e asaj q\u00eb kemi th\u00ebn\u00eb \u201c Zgjedhim t\u00eb Ardhmen\u201d t\u00eb l\u00ebm\u00eb mbrapa hijet e t\u00eb shkuar\u00ebs, t\u00eb l\u00ebm\u00eb mbrapa simbolet e korrupsionit, t\u00eb l\u00ebm\u00eb mbrapa praktik\u00ebn e aliazhit politik\u00eb-krim-oligarki dhe t\u00eb ecim p\u00ebrpara si\u00e7 na takon ne demokrat\u00ebve drejt nj\u00eb Shqip\u00ebrie normale, me politikan\u00eb normal, me integritet, t\u00eb aft\u00eb p\u00ebr t\u00eb marr\u00eb me vete shumic\u00ebn e shqiptar\u00ebve n\u00eb rrug\u00ebtimin ton\u00eb drejt nj\u00eb Shqip\u00ebrie ndryshe, ndryshe n\u00eb kuptimin e shpresave dhe \u00ebndrave t\u00eb t\u00eb gjith\u00eb prind\u00ebrve dhe t\u00eb gjitha familjeve shqiptare p\u00ebr f\u00ebmij\u00ebt e tyre.<\/span><\/p>\n<p><span style=\"color: #000000;\">Ju faleminderit.<\/span><\/p>\n","protected":false,"gt_translate_keys":[{"key":"rendered","format":"html"}]},"excerpt":{"rendered":"<p>Kryetari i Partis\u00eb Demokratike Lulzim Basha \u00ebsht\u00eb takuar sot me qytetar\u00ebt e deg\u00ebs nr.8 n\u00eb Tiran\u00eb. Gjat\u00eb fjal\u00ebs s\u00eb tij, Basha u ndal tek problemet e brendshme n\u00eb Partin\u00eb Demokratike dhe konfliktim e tij me ish-kryeministrin Sali Berisha. Ai akuzoi Berish\u00ebn se filloi nj\u00eb l\u00ebvizje t\u00eb t\u00ebr\u00eb vet\u00ebm p\u00ebr hallin e tij personal. Por sipas [&hellip;]<\/p>\n","protected":false,"gt_translate_keys":[{"key":"rendered","format":"html"}]},"author":30,"featured_media":499274,"comment_status":"closed","ping_status":"closed","sticky":false,"template":"","format":"standard","meta":{"footnotes":""},"categories":[65,13],"tags":[],"class_list":["post-499272","post","type-post","status-publish","format-standard","has-post-thumbnail","hentry","category-lajme","category-te-fundit"],"gt_translate_keys":[{"key":"link","format":"url"}],"_links":{"self":[{"href":"https:\/\/www.hashtag.al\/index.php\/wp-json\/wp\/v2\/posts\/499272","targetHints":{"allow":["GET"]}}],"collection":[{"href":"https:\/\/www.hashtag.al\/index.php\/wp-json\/wp\/v2\/posts"}],"about":[{"href":"https:\/\/www.hashtag.al\/index.php\/wp-json\/wp\/v2\/types\/post"}],"author":[{"embeddable":true,"href":"https:\/\/www.hashtag.al\/index.php\/wp-json\/wp\/v2\/users\/30"}],"replies":[{"embeddable":true,"href":"https:\/\/www.hashtag.al\/index.php\/wp-json\/wp\/v2\/comments?post=499272"}],"version-history":[{"count":0,"href":"https:\/\/www.hashtag.al\/index.php\/wp-json\/wp\/v2\/posts\/499272\/revisions"}],"wp:featuredmedia":[{"embeddable":true,"href":"https:\/\/www.hashtag.al\/index.php\/wp-json\/wp\/v2\/media\/499274"}],"wp:attachment":[{"href":"https:\/\/www.hashtag.al\/index.php\/wp-json\/wp\/v2\/media?parent=499272"}],"wp:term":[{"taxonomy":"category","embeddable":true,"href":"https:\/\/www.hashtag.al\/index.php\/wp-json\/wp\/v2\/categories?post=499272"},{"taxonomy":"post_tag","embeddable":true,"href":"https:\/\/www.hashtag.al\/index.php\/wp-json\/wp\/v2\/tags?post=499272"}],"curies":[{"name":"wp","href":"https:\/\/api.w.org\/{rel}","templated":true}]}}