{"id":499002,"date":"2022-01-20T22:25:11","date_gmt":"2022-01-20T21:25:11","guid":{"rendered":"https:\/\/www.hashtag.al\/?p=499002"},"modified":"2022-01-20T22:25:11","modified_gmt":"2022-01-20T21:25:11","slug":"berisha-yuri-kim-behet-ndonjehere-ministre-e-propagandes-se-edi-rames","status":"publish","type":"post","link":"https:\/\/www.hashtag.al\/index.php\/2022\/01\/20\/berisha-yuri-kim-behet-ndonjehere-ministre-e-propagandes-se-edi-rames\/","title":{"rendered":"Berisha: Yuri Kim b\u00ebhet ndonj\u00ebher\u00eb ministre e propagand\u00ebs s\u00eb Edi Ram\u00ebs","gt_translate_keys":[{"key":"rendered","format":"text"}]},"content":{"rendered":"<p><span style=\"color: #000000;\"><img loading=\"lazy\" decoding=\"async\" class=\"aligncenter size-full wp-image-499003\" src=\"https:\/\/www.hashtag.al\/wp-content\/uploads\/2022\/01\/berisha-1.jpeg\" alt=\"\" width=\"600\" height=\"388\" srcset=\"https:\/\/www.hashtag.al\/wp-content\/uploads\/2022\/01\/berisha-1.jpeg 600w, https:\/\/www.hashtag.al\/wp-content\/uploads\/2022\/01\/berisha-1-300x194.jpeg 300w\" sizes=\"auto, (max-width: 600px) 100vw, 600px\" \/><\/span><\/p>\n<p><span style=\"color: #000000;\">Ish-kryeministri Sali Berisha gjat\u00eb nj\u00eb interviste n\u00eb \u201cOra News\u201d, deklaroi se diplomatja amerikane b\u00ebhet ndonj\u00ebher\u00eb ministre e propagand\u00ebs s\u00eb Edi Ram\u00ebs.<\/span><\/p>\n<p><span style=\"color: #000000;\">Berisha theksoi se ka dy d\u00ebshmitar q\u00eb Rama u ka th\u00ebn\u00eb se ish-kryeministri ka b\u00ebr\u00eb konspiracion kund\u00ebr SHBA-ve.<\/span><\/p>\n<p><span style=\"color: #000000;\"><strong>\u201c<\/strong><em>Yuri Kim u p\u00ebrpoq q\u00eb t\u00eb p\u00ebrg\u00ebnjeshtroj\u00eb deklarat\u00ebn time se nism\u00ebn p\u00ebr shpalljen time non grata u b\u00eb p\u00ebr konspiracion kund\u00ebr politik\u00ebs s\u00eb jashtme t\u00eb SHBA-ve me ndryshimin e kufijve. Rama n\u00eb vitin 2019 tha se Berisha nuk kalon dot Atlantikun. Ka dy d\u00ebshmitar q\u00eb ua ka th\u00ebn\u00eb se un\u00eb kam b\u00ebr\u00eb konspiracion kund\u00ebr SHBA-ve. Ai nuk e ka shpikur k\u00ebt\u00eb sepse ta b\u00ebsh nj\u00eb gj\u00eb t\u00eb till\u00eb \u00ebsht\u00eb nj\u00eb problem shum\u00eb madhor. Yuri Kim b\u00ebhet ndonj\u00ebher\u00eb ministre e propagand\u00ebs s\u00eb Edi Ram\u00ebs. Si mund t\u00eb them un\u00eb nj\u00eb gj\u00eb t\u00eb till\u00eb p\u00ebr konspiracion\u201d,-<\/em>tha Berisha.<\/span><\/p>\n","protected":false,"gt_translate_keys":[{"key":"rendered","format":"html"}]},"excerpt":{"rendered":"<p>Ish-kryeministri Sali Berisha gjat\u00eb nj\u00eb interviste n\u00eb \u201cOra News\u201d, deklaroi se diplomatja amerikane b\u00ebhet ndonj\u00ebher\u00eb ministre e propagand\u00ebs s\u00eb Edi Ram\u00ebs. Berisha theksoi se ka dy d\u00ebshmitar q\u00eb Rama u ka th\u00ebn\u00eb se ish-kryeministri ka b\u00ebr\u00eb konspiracion kund\u00ebr SHBA-ve. \u201cYuri Kim u p\u00ebrpoq q\u00eb t\u00eb p\u00ebrg\u00ebnjeshtroj\u00eb deklarat\u00ebn time se nism\u00ebn p\u00ebr shpalljen time non grata [&hellip;]<\/p>\n","protected":false,"gt_translate_keys":[{"key":"rendered","format":"html"}]},"author":32,"featured_media":499003,"comment_status":"closed","ping_status":"closed","sticky":false,"template":"","format":"standard","meta":{"footnotes":""},"categories":[65,13],"tags":[],"class_list":["post-499002","post","type-post","status-publish","format-standard","has-post-thumbnail","hentry","category-lajme","category-te-fundit"],"gt_translate_keys":[{"key":"link","format":"url"}],"_links":{"self":[{"href":"https:\/\/www.hashtag.al\/index.php\/wp-json\/wp\/v2\/posts\/499002","targetHints":{"allow":["GET"]}}],"collection":[{"href":"https:\/\/www.hashtag.al\/index.php\/wp-json\/wp\/v2\/posts"}],"about":[{"href":"https:\/\/www.hashtag.al\/index.php\/wp-json\/wp\/v2\/types\/post"}],"author":[{"embeddable":true,"href":"https:\/\/www.hashtag.al\/index.php\/wp-json\/wp\/v2\/users\/32"}],"replies":[{"embeddable":true,"href":"https:\/\/www.hashtag.al\/index.php\/wp-json\/wp\/v2\/comments?post=499002"}],"version-history":[{"count":0,"href":"https:\/\/www.hashtag.al\/index.php\/wp-json\/wp\/v2\/posts\/499002\/revisions"}],"wp:featuredmedia":[{"embeddable":true,"href":"https:\/\/www.hashtag.al\/index.php\/wp-json\/wp\/v2\/media\/499003"}],"wp:attachment":[{"href":"https:\/\/www.hashtag.al\/index.php\/wp-json\/wp\/v2\/media?parent=499002"}],"wp:term":[{"taxonomy":"category","embeddable":true,"href":"https:\/\/www.hashtag.al\/index.php\/wp-json\/wp\/v2\/categories?post=499002"},{"taxonomy":"post_tag","embeddable":true,"href":"https:\/\/www.hashtag.al\/index.php\/wp-json\/wp\/v2\/tags?post=499002"}],"curies":[{"name":"wp","href":"https:\/\/api.w.org\/{rel}","templated":true}]}}