{"id":498973,"date":"2022-01-20T20:10:48","date_gmt":"2022-01-20T19:10:48","guid":{"rendered":"https:\/\/www.hashtag.al\/?p=498973"},"modified":"2022-01-20T20:12:17","modified_gmt":"2022-01-20T19:12:17","slug":"salianji-ne-kqz-do-regjistrohet-nje-kandidat-zyrtar-nga-pd-ja-per-zgjedhjet-e-6-marsit","status":"publish","type":"post","link":"https:\/\/www.hashtag.al\/index.php\/2022\/01\/20\/salianji-ne-kqz-do-regjistrohet-nje-kandidat-zyrtar-nga-pd-ja-per-zgjedhjet-e-6-marsit\/","title":{"rendered":"Salianji: N\u00eb KQZ do regjistrohet nj\u00eb kandidat zyrtar nga PD-ja p\u00ebr zgjedhjet e 6 marsit","gt_translate_keys":[{"key":"rendered","format":"text"}]},"content":{"rendered":"<p><span style=\"color: #000000;\"><img loading=\"lazy\" decoding=\"async\" class=\"aligncenter size-full wp-image-498974\" src=\"https:\/\/www.hashtag.al\/wp-content\/uploads\/2022\/01\/Salianji-768x596-1.jpeg\" alt=\"\" width=\"768\" height=\"596\" srcset=\"https:\/\/www.hashtag.al\/wp-content\/uploads\/2022\/01\/Salianji-768x596-1.jpeg 768w, https:\/\/www.hashtag.al\/wp-content\/uploads\/2022\/01\/Salianji-768x596-1-300x233.jpeg 300w\" sizes=\"auto, (max-width: 768px) 100vw, 768px\" \/><\/span><\/p>\n<p><span style=\"color: #000000;\">Deputeti i Partis\u00eb Demokratike, Ervin Salianji n\u00eb nj\u00eb takim me strukturat n\u00eb Kor\u00e7\u00eb u prononcua edhe p\u00ebr zgjedhjet e pjesshme lokale t\u00eb 6 marsit.<\/span><\/p>\n<p><span style=\"color: #000000;\">Salianji tha q\u00eb PD-ja do jet\u00eb n\u00eb zgjedhje dhe \u00ebsht\u00eb e gatshme p\u00ebr t\u00eb nxjerr\u00eb kandidat\u00ebt.<\/span><\/p>\n<p><span style=\"color: #000000;\">Ai foli gjithashtu edhe p\u00ebr riorganizimin q\u00eb do p\u00ebsojn\u00eb strukturat e Partis\u00eb n\u00eb \u00e7do qark.<\/span><\/p>\n<p><span style=\"color: #000000;\">\u201c<em>Nuk ka asnj\u00eb diskutim q\u00eb PD \u00ebsht\u00eb e gatshme, pothuajse n\u00eb t\u00eb gjith\u00eb koh\u00ebn ka qen\u00eb n\u00eb fazat e organizimit dhe kontaktit n\u00eb terren p\u00ebr t\u00eb nxjerr\u00eb kandidat\u00ebt. Ne do t\u00eb jemi me t\u00eb gjith\u00eb potencialin dhe faktorin opozitar q\u00eb te PD shihet e vetmja mund\u00ebsi p\u00ebr ndryshim. Data 6 mars \u00ebsht\u00eb data q\u00eb u zgjodh. Ne do t\u00eb jemi n\u00eb betej\u00eb dhe do i fitojm\u00eb betejat. Ajo q\u00eb \u00ebsht\u00eb me r\u00ebnd\u00ebsi, q\u00eb e shoh dhe k\u00ebtu me demokratet n\u00eb Kor\u00e7\u00eb, ka nj\u00eb rikthim t\u00eb ish-themeluesve q\u00eb kan\u00eb kontribuar nd\u00ebr vite n\u00eb PD, q\u00eb n\u00eb fillesat e saj, q\u00eb kan\u00eb qen\u00eb t\u00eb zhg\u00ebnjyer me k\u00ebt\u00eb parti. Po shoh dhe jam i g\u00ebzuar, i k\u00ebnaqur q\u00eb i shoh n\u00eb sallat e mbledhjes. Kemi nisur nj\u00eb proces riorganizmi dhe k\u00ebtu. Brenda nj\u00eb periudh\u00eb t\u00eb shkurt\u00ebr do rifreskojm\u00eb seksionet dhe grup seksionet dhe kryesin\u00eb pe t\u00eb nd\u00ebrtuar nj\u00eb struktur\u00eb q\u00eb do t\u00eb jet\u00eb e aft\u00eb t\u00eb fitoj\u00eb. Shoh dhe nj\u00eb element tjet\u00ebr q\u00eb dua ta ndaj me publikun, jemi me nj\u00eb pozit\u00eb q\u00eb kemi qen\u00eb. Sigla e PD \u00ebsht\u00eb po k\u00ebtu. S\u2019duhet t\u00eb shp\u00ebrdorojn\u00eb investim t\u00eb tyre q\u00eb ta \u00e7ojn\u00eb diku. Kontributet e tyre duhet t\u2019i ken\u00eb n\u00eb PD. Keq m\u00eb vjen q\u00eb disa g\u00ebnjehen rend\u00eb prej foltores. Ejani n\u00eb dat\u00eb 11 se do rr\u00ebzojm\u00eb k\u00ebt\u00eb dhe sot jemi n\u00eb dat\u00eb 20 dhe asgj\u00eb s\u2019ndodh nga k\u00ebto<\/em>\u201d-deklaroi Salianji.<\/span><\/p>\n<p><span style=\"color: #000000;\">M\u00eb tej deputeti i PD-s\u00eb tha se PD-ja do ket\u00eb nj\u00eb kandidat zyrtar p\u00ebr zgjedhjet e 6 marsit q\u00eb do regjistrohet n\u00eb KQZ n\u00eb m\u00ebnyr\u00eb institucionale.<\/span><\/p>\n<p><span style=\"color: #000000;\"><em>\u201cPD do t\u00eb jet\u00eb e bashkuar n\u00eb 6 mars, n\u00ebse ka kandidat\u00eb si partit\u00eb e tjera. PD ka nj\u00eb kandidat n\u00eb zgjedhjet e 6 marsit q\u00eb do t\u00eb regjistrohet zyrtarisht n\u00eb KQZ. Nuk di q\u00eb regjistrohesh n\u00eb m\u00ebnyr\u00eb institucionale me fjal\u00eb.<\/em><\/span><\/p>\n<p><span style=\"color: #000000;\"><em>S\u2019ka parti politike, s\u2019ka mund\u00ebsi q\u00eb t\u00eb krijoj\u00eb nj\u00eb t\u00eb re. Ne jemi t\u00eb gatsh\u00ebm q\u00eb t\u00eb p\u00ebrballemi me faktor\u00ebt e k\u00ebqij t\u00eb trazicionit. At\u00eb q\u00eb \u00ebsht\u00eb b\u00ebr\u00eb keq n\u00eb 30 vite s\u2019mund ta zhb\u00ebjn\u00eb ata q\u00eb jan\u00eb p\u00ebrgjegj\u00ebsit kryesor t\u00eb b\u00ebrjes keq t\u00eb t\u00eb gjith\u00eb element\u00ebve n\u00eb 30 vite. Pas 30 vitesh dilet dhe thuhet nga Berisha q\u00eb un\u00eb do zgjidh \u00e7\u00ebshtjen e pronar\u00ebve t\u00eb ligjsh\u00ebm. Dhe s\u2019ka b\u00ebr\u00eb asgj\u00eb! Ka ardhur koha q\u00eb n\u00eb politike t\u00eb vot\u00ebbesohen njer\u00ebz mbi merit\u00ebn dhe jo mbi baz\u00eb t\u00eb mashtrimeve dhe lidhjeve nepotike. Shpes\u00eb ka p\u00ebr t\u00eb fituar zgjedhjet dhe ne do i fitojm\u00eb ato. N\u00eb PD duhet t\u00eb rrin\u00eb demokrat\u00ebt dhe \u00ebsht\u00eb bashkim me vlerat, per\u00ebndimore dhe t\u00eb demokracis\u00eb, q\u00eb jan\u00eb sakrifikuar dhe kan\u00eb sakrifikuar qindra mij\u00ebra njer\u00ebz n\u00eb burgje duke u vrar\u00eb, p\u00ebr t\u00eb b\u00ebr\u00eb Shqip\u00ebrin\u00eb si Europa. Jo gjith\u00e7ka b\u00ebhet p\u00ebr pushtet, nuk vidhet p\u00ebr pushtet, nuk vritet p\u00ebr pushtet. Ngjarja e 8 janarit ishte nj\u00eb ngjarje e turpshme. Un\u00eb kam qen\u00eb brenda at\u00eb dit\u00eb, ishte nj\u00eb situat\u00eb e jasht\u00ebzakonshme, p\u00ebrtej imagjinat\u00ebs<\/em>.\u201d, tha Salianji.<\/span><\/p>\n","protected":false,"gt_translate_keys":[{"key":"rendered","format":"html"}]},"excerpt":{"rendered":"<p>Deputeti i Partis\u00eb Demokratike, Ervin Salianji n\u00eb nj\u00eb takim me strukturat n\u00eb Kor\u00e7\u00eb u prononcua edhe p\u00ebr zgjedhjet e pjesshme lokale t\u00eb 6 marsit. Salianji tha q\u00eb PD-ja do jet\u00eb n\u00eb zgjedhje dhe \u00ebsht\u00eb e gatshme p\u00ebr t\u00eb nxjerr\u00eb kandidat\u00ebt. Ai foli gjithashtu edhe p\u00ebr riorganizimin q\u00eb do p\u00ebsojn\u00eb strukturat e Partis\u00eb n\u00eb \u00e7do qark. [&hellip;]<\/p>\n","protected":false,"gt_translate_keys":[{"key":"rendered","format":"html"}]},"author":32,"featured_media":498974,"comment_status":"closed","ping_status":"closed","sticky":false,"template":"","format":"standard","meta":{"footnotes":""},"categories":[65,13],"tags":[],"class_list":["post-498973","post","type-post","status-publish","format-standard","has-post-thumbnail","hentry","category-lajme","category-te-fundit"],"gt_translate_keys":[{"key":"link","format":"url"}],"_links":{"self":[{"href":"https:\/\/www.hashtag.al\/index.php\/wp-json\/wp\/v2\/posts\/498973","targetHints":{"allow":["GET"]}}],"collection":[{"href":"https:\/\/www.hashtag.al\/index.php\/wp-json\/wp\/v2\/posts"}],"about":[{"href":"https:\/\/www.hashtag.al\/index.php\/wp-json\/wp\/v2\/types\/post"}],"author":[{"embeddable":true,"href":"https:\/\/www.hashtag.al\/index.php\/wp-json\/wp\/v2\/users\/32"}],"replies":[{"embeddable":true,"href":"https:\/\/www.hashtag.al\/index.php\/wp-json\/wp\/v2\/comments?post=498973"}],"version-history":[{"count":0,"href":"https:\/\/www.hashtag.al\/index.php\/wp-json\/wp\/v2\/posts\/498973\/revisions"}],"wp:featuredmedia":[{"embeddable":true,"href":"https:\/\/www.hashtag.al\/index.php\/wp-json\/wp\/v2\/media\/498974"}],"wp:attachment":[{"href":"https:\/\/www.hashtag.al\/index.php\/wp-json\/wp\/v2\/media?parent=498973"}],"wp:term":[{"taxonomy":"category","embeddable":true,"href":"https:\/\/www.hashtag.al\/index.php\/wp-json\/wp\/v2\/categories?post=498973"},{"taxonomy":"post_tag","embeddable":true,"href":"https:\/\/www.hashtag.al\/index.php\/wp-json\/wp\/v2\/tags?post=498973"}],"curies":[{"name":"wp","href":"https:\/\/api.w.org\/{rel}","templated":true}]}}