{"id":498929,"date":"2022-01-20T15:31:04","date_gmt":"2022-01-20T14:31:04","guid":{"rendered":"https:\/\/www.hashtag.al\/?p=498929"},"modified":"2022-01-20T15:31:04","modified_gmt":"2022-01-20T14:31:04","slug":"kerkesa-e-erdoganit-per-organizaten-feto-rama-nuk-i-kemi-asnje-borxh-presidentit-turk-ska-borxhe-mes-vellezerve","status":"publish","type":"post","link":"https:\/\/www.hashtag.al\/index.php\/2022\/01\/20\/kerkesa-e-erdoganit-per-organizaten-feto-rama-nuk-i-kemi-asnje-borxh-presidentit-turk-ska-borxhe-mes-vellezerve\/","title":{"rendered":"K\u00ebrkesa e Erdoganit p\u00ebr organizat\u00ebn FETO, Rama: Nuk i kemi asnj\u00eb borxh presidentit turk, s&#8217;ka borxhe mes v\u00ebllez\u00ebrve","gt_translate_keys":[{"key":"rendered","format":"text"}]},"content":{"rendered":"<p><span style=\"color: #000000;\"><a href=\"https:\/\/www.hashtag.al\/wp-content\/uploads\/2022\/01\/er-3.jpg\"><img loading=\"lazy\" decoding=\"async\" class=\"aligncenter size-full wp-image-498918\" src=\"https:\/\/www.hashtag.al\/wp-content\/uploads\/2022\/01\/er-3.jpg\" alt=\"\" width=\"679\" height=\"327\" srcset=\"https:\/\/www.hashtag.al\/wp-content\/uploads\/2022\/01\/er-3.jpg 679w, https:\/\/www.hashtag.al\/wp-content\/uploads\/2022\/01\/er-3-300x144.jpg 300w\" sizes=\"auto, (max-width: 679px) 100vw, 679px\" \/><\/a>Kryeministri Edi Rama \u00ebsht\u00eb pyetur sot nga gazetar\u00ebt lidhur me deklaratat e presidentit t\u00eb Turqis\u00eb Erdogan lidhur me ultimatumin q\u00eb i la p\u00ebr largimin e p\u00ebrfaq\u00ebsuesve t\u00eb FETO-s nga Shqip\u00ebria.<\/span><\/p>\n<p><span style=\"color: #000000;\">Rama u shpreh se vendi yn\u00eb nuk i ka asnj\u00eb borxh Presidentit t\u00eb Turqis\u00eb pasi sipas tij mes miqve dhe v\u00ebllez\u00ebrve nuk ka borxhe.<\/span><\/p>\n<p><span style=\"color: #000000;\"><em>\u201cNe nuk i kemi asnj\u00eb borxh, Presidentit t\u00eb Turqis\u00eb, ashtu sikud\u00ebr Presidenti i Turqis\u00eb nuk na ka neve asnj\u00eb borxh. Sepse mes miqsh dhe me nj\u00eb miq\u00ebsi v\u00ebllaz\u00ebrore nuk ka borxhe.\u201d \u2013<\/em>tha Rama duke e l\u00ebn\u00eb k\u00ebshtu t\u00eb paqart\u00eb se \u00e7far\u00eb vendimi do t\u00eb marr\u00eb lidhu me \u00e7\u00ebshtjen e gylenist\u00ebve.<\/span><\/p>\n<p><span style=\"color: #000000;\"><em>\u201cNuk iu p\u00ebrgjigj\u00ebt pyetjes, pra nuk do t\u00eb merrni masa p\u00ebr gylenist\u00ebt n\u00eb Shqip\u00ebri?\u201d-<\/em> u pyet s\u00ebrish Rama. \u00a0Kryeministri shtoi: <em>\u201cProblemi yt \u00ebsht\u00eb q\u00eb ti k\u00ebrkon edhe pyetjen edhe p\u00ebrgjigjen si\u00e7 e do ti. Pyetjen e ke ti, p\u00ebrgjigjen e kam un\u00eb.\u201d<\/em><\/span><\/p>\n","protected":false,"gt_translate_keys":[{"key":"rendered","format":"html"}]},"excerpt":{"rendered":"<p>Kryeministri Edi Rama \u00ebsht\u00eb pyetur sot nga gazetar\u00ebt lidhur me deklaratat e presidentit t\u00eb Turqis\u00eb Erdogan lidhur me ultimatumin q\u00eb i la p\u00ebr largimin e p\u00ebrfaq\u00ebsuesve t\u00eb FETO-s nga Shqip\u00ebria. Rama u shpreh se vendi yn\u00eb nuk i ka asnj\u00eb borxh Presidentit t\u00eb Turqis\u00eb pasi sipas tij mes miqve dhe v\u00ebllez\u00ebrve nuk ka borxhe. \u201cNe [&hellip;]<\/p>\n","protected":false,"gt_translate_keys":[{"key":"rendered","format":"html"}]},"author":30,"featured_media":498918,"comment_status":"closed","ping_status":"closed","sticky":false,"template":"","format":"standard","meta":{"footnotes":""},"categories":[65,13],"tags":[],"class_list":["post-498929","post","type-post","status-publish","format-standard","has-post-thumbnail","hentry","category-lajme","category-te-fundit"],"gt_translate_keys":[{"key":"link","format":"url"}],"_links":{"self":[{"href":"https:\/\/www.hashtag.al\/index.php\/wp-json\/wp\/v2\/posts\/498929","targetHints":{"allow":["GET"]}}],"collection":[{"href":"https:\/\/www.hashtag.al\/index.php\/wp-json\/wp\/v2\/posts"}],"about":[{"href":"https:\/\/www.hashtag.al\/index.php\/wp-json\/wp\/v2\/types\/post"}],"author":[{"embeddable":true,"href":"https:\/\/www.hashtag.al\/index.php\/wp-json\/wp\/v2\/users\/30"}],"replies":[{"embeddable":true,"href":"https:\/\/www.hashtag.al\/index.php\/wp-json\/wp\/v2\/comments?post=498929"}],"version-history":[{"count":0,"href":"https:\/\/www.hashtag.al\/index.php\/wp-json\/wp\/v2\/posts\/498929\/revisions"}],"wp:featuredmedia":[{"embeddable":true,"href":"https:\/\/www.hashtag.al\/index.php\/wp-json\/wp\/v2\/media\/498918"}],"wp:attachment":[{"href":"https:\/\/www.hashtag.al\/index.php\/wp-json\/wp\/v2\/media?parent=498929"}],"wp:term":[{"taxonomy":"category","embeddable":true,"href":"https:\/\/www.hashtag.al\/index.php\/wp-json\/wp\/v2\/categories?post=498929"},{"taxonomy":"post_tag","embeddable":true,"href":"https:\/\/www.hashtag.al\/index.php\/wp-json\/wp\/v2\/tags?post=498929"}],"curies":[{"name":"wp","href":"https:\/\/api.w.org\/{rel}","templated":true}]}}