{"id":498917,"date":"2022-01-20T15:04:15","date_gmt":"2022-01-20T14:04:15","guid":{"rendered":"https:\/\/www.hashtag.al\/?p=498917"},"modified":"2022-01-20T15:07:37","modified_gmt":"2022-01-20T14:07:37","slug":"gara-per-6-bashkite-rama-nuk-do-kete-kandidatet-nga-radhet-e-deputeteve-perparesi-grate","status":"publish","type":"post","link":"https:\/\/www.hashtag.al\/index.php\/2022\/01\/20\/gara-per-6-bashkite-rama-nuk-do-kete-kandidatet-nga-radhet-e-deputeteve-perparesi-grate\/","title":{"rendered":"Gara p\u00ebr 6 bashkit\u00eb, Rama: Nuk do ket\u00eb kandidat\u00ebt nga radh\u00ebt e deputet\u00ebve, p\u00ebrpar\u00ebsi grat\u00eb","gt_translate_keys":[{"key":"rendered","format":"text"}]},"content":{"rendered":"<p><span style=\"color: #000000;\"><a href=\"https:\/\/www.hashtag.al\/wp-content\/uploads\/2022\/01\/er-3.jpg\"><img loading=\"lazy\" decoding=\"async\" class=\"aligncenter size-full wp-image-498918\" src=\"https:\/\/www.hashtag.al\/wp-content\/uploads\/2022\/01\/er-3.jpg\" alt=\"\" width=\"679\" height=\"327\" srcset=\"https:\/\/www.hashtag.al\/wp-content\/uploads\/2022\/01\/er-3.jpg 679w, https:\/\/www.hashtag.al\/wp-content\/uploads\/2022\/01\/er-3-300x144.jpg 300w\" sizes=\"auto, (max-width: 679px) 100vw, 679px\" \/><\/a><\/span><\/p>\n<p><span style=\"color: #000000;\">Pas mbledhjes s\u00eb Kryesis\u00eb, kryeministri Edi Rama thot\u00eb se Partia Socialiste nuk do t\u00eb ket\u00eb kandidat\u00eb nga radh\u00ebt e deputet\u00ebve n\u00eb zgjedhjet e pjesshme vendore t\u00eb dekretuara nga Presidenti p\u00ebr dat\u00ebn 6 Mars.<\/span><\/p>\n<p><span style=\"color: #000000;\">Ai u shpreh se p\u00ebrpar\u00ebsi p\u00ebr t\u00eb kan\u00eb kandidatet gra.<\/span><\/p>\n<p><span style=\"color: #000000;\"><em>\u00a0\u201cSa i takon vendimit p\u00ebr t\u00eb b\u00ebr\u00eb zgjedhjet n\u00eb 6 bashki kemi folur p\u00ebr t\u00eb nisur menj\u00ebher\u00eb organizimin, \u00ebsht\u00eb proces ku ne sigurisht do jemi pjes\u00eb do respektojm\u00eb afatet do paraqesim kandidat\u00ebt. Nuk mendoj se do kemi deputet\u00eb n\u00eb parim n\u00eb k\u00ebt\u00eb gar\u00eb se deputet\u00ebt jan\u00eb zgjedhur p\u00ebr t\u00eb b\u00ebr\u00eb deputetin e ky \u00ebsht\u00eb mendimi i gjith\u00eb kryesis\u00eb! Sa p\u00ebr kandidimin e grave, mes nj\u00eb burri me nj\u00eb grua, zgjedh nj\u00eb grua.\u201d-<\/em> tha Rama.<\/span><\/p>\n<p><span style=\"color: #000000;\">I pyetur n\u00ebse do u jepet nj\u00eb shans i dyt\u00eb rikandidimi personave q\u00eb jan\u00eb p\u00ebrjashtuar m\u00eb her\u00ebt p\u00ebr shkak t\u00eb dekriminalizimit, Rama tha se PS nuk i jep asnj\u00eb personi k\u00ebt\u00eb shans t\u00eb dyt\u00eb.<\/span><\/p>\n<p><span style=\"color: #000000;\">Gjat\u00eb fjal\u00ebs s\u00eb tij, Rama i pret shpresat ish-kryebashkiakut t\u00eb Shkodr\u00ebs Valdrin Pjetri p\u00ebr rikandidim pasi ai k\u00ebrkoi nj\u00eb shans t\u00eb dyt\u00eb.<\/span><\/p>\n<p><span style=\"color: #000000;\"><em>\u00a0\u201cShanset e dyta jepen n\u00eb marr\u00ebdh\u00ebnie individuale, shanset e dyta mund t\u2019i japim kur jemi miq q\u00eb p\u00ebr nj\u00eb arsye apo tjet\u00ebr miq\u00ebsia l\u00ebndohet por shanset e dyta i jep pastaj Zoti nd\u00ebrsa PS nuk i jep shans t\u00eb dyt\u00eb askujt q\u00eb e ka v\u00ebn\u00eb n\u00eb pozit\u00eb t\u00eb v\u00ebshtir\u00eb duke g\u00ebnjyer, s\u2019ka shanse t\u00eb dyta p\u00ebr ask\u00ebnd q\u00eb b\u00ebn deklarata lidhur me jet\u00ebn e veprimtarin\u00eb politike e t\u00eb gjitha ato aspekte q\u00eb kan\u00eb t\u00eb b\u00ebjn\u00eb me ligjin e past\u00ebrtis\u00eb s\u00eb figur\u00ebs nuk e meriton.\u201d<\/em>&#8211; tha Rama.<\/span><\/p>\n","protected":false,"gt_translate_keys":[{"key":"rendered","format":"html"}]},"excerpt":{"rendered":"<p>Pas mbledhjes s\u00eb Kryesis\u00eb, kryeministri Edi Rama thot\u00eb se Partia Socialiste nuk do t\u00eb ket\u00eb kandidat\u00eb nga radh\u00ebt e deputet\u00ebve n\u00eb zgjedhjet e pjesshme vendore t\u00eb dekretuara nga Presidenti p\u00ebr dat\u00ebn 6 Mars. Ai u shpreh se p\u00ebrpar\u00ebsi p\u00ebr t\u00eb kan\u00eb kandidatet gra. \u00a0\u201cSa i takon vendimit p\u00ebr t\u00eb b\u00ebr\u00eb zgjedhjet n\u00eb 6 bashki kemi [&hellip;]<\/p>\n","protected":false,"gt_translate_keys":[{"key":"rendered","format":"html"}]},"author":30,"featured_media":498918,"comment_status":"closed","ping_status":"closed","sticky":false,"template":"","format":"standard","meta":{"footnotes":""},"categories":[65,13],"tags":[],"class_list":["post-498917","post","type-post","status-publish","format-standard","has-post-thumbnail","hentry","category-lajme","category-te-fundit"],"gt_translate_keys":[{"key":"link","format":"url"}],"_links":{"self":[{"href":"https:\/\/www.hashtag.al\/index.php\/wp-json\/wp\/v2\/posts\/498917","targetHints":{"allow":["GET"]}}],"collection":[{"href":"https:\/\/www.hashtag.al\/index.php\/wp-json\/wp\/v2\/posts"}],"about":[{"href":"https:\/\/www.hashtag.al\/index.php\/wp-json\/wp\/v2\/types\/post"}],"author":[{"embeddable":true,"href":"https:\/\/www.hashtag.al\/index.php\/wp-json\/wp\/v2\/users\/30"}],"replies":[{"embeddable":true,"href":"https:\/\/www.hashtag.al\/index.php\/wp-json\/wp\/v2\/comments?post=498917"}],"version-history":[{"count":0,"href":"https:\/\/www.hashtag.al\/index.php\/wp-json\/wp\/v2\/posts\/498917\/revisions"}],"wp:featuredmedia":[{"embeddable":true,"href":"https:\/\/www.hashtag.al\/index.php\/wp-json\/wp\/v2\/media\/498918"}],"wp:attachment":[{"href":"https:\/\/www.hashtag.al\/index.php\/wp-json\/wp\/v2\/media?parent=498917"}],"wp:term":[{"taxonomy":"category","embeddable":true,"href":"https:\/\/www.hashtag.al\/index.php\/wp-json\/wp\/v2\/categories?post=498917"},{"taxonomy":"post_tag","embeddable":true,"href":"https:\/\/www.hashtag.al\/index.php\/wp-json\/wp\/v2\/tags?post=498917"}],"curies":[{"name":"wp","href":"https:\/\/api.w.org\/{rel}","templated":true}]}}