{"id":498725,"date":"2022-01-19T16:15:29","date_gmt":"2022-01-19T15:15:29","guid":{"rendered":"https:\/\/www.hashtag.al\/?p=498725"},"modified":"2022-01-19T16:17:19","modified_gmt":"2022-01-19T15:17:19","slug":"cilat-jane-bashkite-per-te-cilat-meta-do-dekretoje-daten-e-zgjedhjeve-historiku","status":"publish","type":"post","link":"https:\/\/www.hashtag.al\/index.php\/2022\/01\/19\/cilat-jane-bashkite-per-te-cilat-meta-do-dekretoje-daten-e-zgjedhjeve-historiku\/","title":{"rendered":"Cilat jan\u00eb bashkit\u00eb p\u00ebr t\u00eb cilat Meta do dekretoj\u00eb dat\u00ebn e zgjedhjeve \u2013 Historiku","gt_translate_keys":[{"key":"rendered","format":"text"}]},"content":{"rendered":"<p><span style=\"color: #000000;\"><a href=\"https:\/\/www.hashtag.al\/wp-content\/uploads\/2022\/01\/ilir-meta-3.jpg\"><img loading=\"lazy\" decoding=\"async\" class=\"aligncenter size-full wp-image-498728\" src=\"https:\/\/www.hashtag.al\/wp-content\/uploads\/2022\/01\/ilir-meta-3.jpg\" alt=\"\" width=\"1280\" height=\"720\" srcset=\"https:\/\/www.hashtag.al\/wp-content\/uploads\/2022\/01\/ilir-meta-3.jpg 1280w, https:\/\/www.hashtag.al\/wp-content\/uploads\/2022\/01\/ilir-meta-3-300x169.jpg 300w, https:\/\/www.hashtag.al\/wp-content\/uploads\/2022\/01\/ilir-meta-3-1024x576.jpg 1024w, https:\/\/www.hashtag.al\/wp-content\/uploads\/2022\/01\/ilir-meta-3-768x432.jpg 768w\" sizes=\"auto, (max-width: 1280px) 100vw, 1280px\" \/><\/a><\/span><\/p>\n<p><span style=\"color: #000000;\">Jan\u00eb dy data t\u00eb mundshme p\u00ebr zgjedhjet e pjesshme vendore. Presidenti Ilir Meta ka propozuar dat\u00ebn 27 shkurt dhe 6 mars, por m\u00eb shum\u00eb gjasa ka q\u00eb t\u00eb vendos\u00ebt p\u00ebr dat\u00ebn e dyt\u00eb e cila preferohet edhe nga KQZ.<\/span><\/p>\n<p><span style=\"color: #000000;\">Zgjedhjet do t\u00eb mbahen n\u00eb 6 bashki, n\u00eb t\u00eb cilat pozicioni i kryetarit ka mbetur vakant p\u00ebr arsye t\u00eb ndryshme.<\/span><\/p>\n<p><span style=\"color: #000000;\">Fjala \u00ebsht\u00eb p\u00ebr bashkit\u00eb Shkod\u00ebr, Dib\u00ebr, Durr\u00ebs, Vor\u00eb, Rrogozhin\u00eb dhe Lushnj\u00eb. Nga k\u00ebto 6 bashki, Shkodra \u00ebsht\u00eb e vetmja q\u00eb drejtohet nga nj\u00eb kryetare me mandat t\u00eb p\u00ebrfunduar kushtetues, pasi Voltana Ademi vendosi t\u00eb q\u00ebndroj\u00eb n\u00eb detyr\u00eb, nd\u00ebrsa 5\u00a0bashkit\u00eb e tjera vijojn\u00eb pun\u00ebn me kryetar t\u00eb komanduar.<\/span><\/p>\n<p><strong><span style=\"color: #000000;\">BASHKIT\u00cb PA KRYETAR:<\/span><\/strong><\/p>\n<p><strong><span style=\"color: #000000;\">SHKOD\u00cbR:\u00a0<\/span><\/strong><\/p>\n<p><span style=\"color: #000000;\">I dal\u00eb fitues nga votimet e 30 qershorit por i akuzuar nga PD-ja si i d\u00ebnuar n\u00eb Itali p\u00ebr drog\u00eb, Valdrin Pjetri, dha dor\u00ebheqjen nga marrja e postit t\u00eb kryebashkiakut m\u00eb 15 gusht 2019.<\/span><\/p>\n<p><span style=\"color: #000000;\">Pjetri u largua p\u00ebr shkak t\u00eb akuzave t\u00eb vazhdueshme se prekej nga ligji i dekriminalizimit. Ai do t\u00eb shprehej se akuzat ndaj tij ishin si rrjedhoj\u00eb e nj\u00eb ngjarje banale t\u00eb ndodhur 17 vjet m\u00eb par\u00eb mes shok\u00ebve por p\u00ebr t\u00eb cil\u00ebn nuk ka asnj\u00eb p\u00ebrgjgj\u00ebsi.<\/span><\/p>\n<p><span style=\"color: #000000;\">Edhe kryeministri Edi Rama i pati dal\u00eb n\u00eb mbrojtje duke th\u00ebn\u00eb se \u201c<em>\u00c7far\u00ebdo t\u00eb ket\u00eb b\u00ebr\u00eb 19 vje\u00e7 nuk e b\u00ebn kurr\u00ebsesi njeriun nj\u00eb kriminel! Por fshehja e ngjarjes \u00ebsht\u00eb e patolerueshme dhe pasojat p\u00ebr Shkodr\u00ebn t\u00eb pajustifikueshme!\u201d.<\/em><\/span><\/p>\n<p><span style=\"color: #000000;\">Prokuroria kreu verifikime t\u00eb dy vet\u00ebdeklarimeve t\u00eb Pjetrit, duke th\u00ebn\u00eb se ai\u00a0<em>\u201c\u00cbsht\u00eb arrestuar n\u00eb flagranc\u00eb nga personeli i Policis\u00eb s\u00eb Shtetit s\u00eb Firences n\u00eb dat\u00ebn 27.01.2003 s\u00eb bashku me nj\u00eb shtetas tjet\u00ebr shqiptar p\u00ebr shkelje t\u00eb ligjeve mbi l\u00ebnd\u00ebn narkotike bazuar n\u00eb ex art 73 DPR 309\/90.\u201d<\/em><\/span><\/p>\n<p><strong><span style=\"color: #000000;\">VOR\u00cb<\/span><\/strong><\/p>\n<p><span style=\"color: #000000;\">Edhe bashkia e Vor\u00ebs ka mbetur pa kryetar p\u00ebr shkak t\u00eb dekriminalizimit q\u00eb prej dat\u00ebs\u00a01 n\u00ebntor 2019.<\/span><\/p>\n<p><span style=\"color: #000000;\">Pas denoncimeve s\u00eb pari nga Partia Demokratike, rezultoi se kryetari Agim Kajmaku ishte ndaluar nga autoritetet n\u00eb Greqi kur jetonte n\u00eb shtetin fqinj me emrin Jorgo Toto. Po k\u00ebt\u00eb ai nuk e kishte deklaruar n\u00eb formular. Por p\u00ebrpos fshehjes s\u00eb d\u00ebnimit, pati t\u00eb tjera zhvillime pas heqjes s\u00eb mandatit t\u00eb kryetarit.<\/span><\/p>\n<p><span style=\"color: #000000;\">Kjo sepse pasi KQZ i hoqi mandatin m\u00eb 1 n\u00ebntor, Kajmaku kishte firmosur shkarkimin nga detyra t\u00eb dy n\u00ebn kryetar\u00ebve dhe ka vendosur dik\u00eb tjet\u00ebr n\u00eb at\u00eb post duke shtuar akuzat ndaj tij.<\/span><\/p>\n<p><strong><span style=\"color: #000000;\">DURR\u00cbS<\/span><\/strong><\/p>\n<p><span style=\"color: #000000;\">Rasti i Durr\u00ebsit \u00ebsht\u00eb i ndrysh\u00ebm nga dy rastet e lartp\u00ebrmendura. Valbona Sako u dor\u00ebhoq si kryebashkiake e Durr\u00ebsit n\u00eb 1 dhjetor 2019, pak dit\u00eb pas t\u00ebrmetit t\u00eb 26 n\u00ebntorit.<\/span><\/p>\n<p><span style=\"color: #000000;\">Kjo pas nj\u00eb deklarate n\u00eb media, q\u00eb nuk u prit mir\u00eb n\u00eb opinionin publik.<em>\u00a0\u201cP\u00ebr hir t\u00eb s\u00eb v\u00ebrtet\u00ebs duhet ta themi q\u00eb ky ishte nj\u00eb t\u00ebrmet i nivelit shkat\u00ebrrimtar, por q\u00eb jemi t\u00eb k\u00ebnaqur me 50 viktima, sepse n\u00eb rastet e tjera kan\u00eb qen\u00eb mbi 1000 viktima.\u201d<\/em> \u2013 ishte deklarata e Sakos q\u00eb nuk u prit mir\u00eb nga qytetar\u00ebt, t\u00eb cil\u00ebt i k\u00ebrkuan asaj dor\u00ebheqjen.\u00a0<\/span><\/p>\n<p><strong><span style=\"color: #000000;\">DIB\u00cbR\u00a0<\/span><\/strong><\/p>\n<p><span style=\"color: #000000;\">Dionis Imeraj dha dor\u00ebheqjen m\u00eb 8 mars 2021, pasi vendosi t\u00eb kandidonte p\u00ebr deputet n\u00eb zgjedhjet e 25 Prillit.<\/span><\/p>\n<p><span style=\"color: #000000;\">Ai synoi nj\u00eb mandat n\u00eb parlamentin e ri n\u00eb radh\u00ebt e Partis\u00eb Socialiste, por nuk mori asgj\u00eb.<\/span><\/p>\n<p><span style=\"color: #000000;\">I renditur n\u00eb vend t\u00eb tret\u00eb n\u00eb list\u00ebn e Partis\u00eb Socialiste, Imeraj \u2018u dogj\u2019 pasi PS arriti t\u00eb merrte vet\u00ebm 2 mandate n\u00eb k\u00ebt\u00eb qark, duke kaluar n\u00eb parlament Lavdrim Krashi me 3317 vota dhe Aurora Mar\u00ebn me 9367 vota. Vet\u00eb Imeraj ka siguruar 5 mij\u00eb e 154 vota dhe i vetmi shans q\u00eb t\u00eb dilte deputet ishte t\u00eb thyente her\u00ebsin.<\/span><\/p>\n<p><strong><span style=\"color: #000000;\">RROGOZHIN\u00cb<\/span><\/strong><\/p>\n<p><span style=\"color: #000000;\">Kryebashkiaku i Rrogozhin\u00ebs Haxhi Memolla, u nda nga jeta n\u00eb mosh\u00ebn 52-vje\u00e7are m\u00eb 22 shkurt 2020. P\u00ebrpos dhimbjes q\u00eb u la familjar\u00ebve t\u00eb tij, Memolla la edhe bashkin\u00eb pa nj\u00eb kryetar.<\/span><\/p>\n<p><span style=\"color: #000000;\">Haxhi Memolla u zgjodh n\u00eb postin e kryebashkiakut pas zgjedhjeve lokale t\u00eb 30 qershorit, ku pjes\u00ebmarr\u00ebse ishte vet\u00ebm PS pasi opozita i bojkoti.<\/span><\/p>\n<p><strong><span style=\"color: #000000;\">LUSHNJ\u00cb<\/span><\/strong><\/p>\n<p><span style=\"color: #000000;\">Fatos Tushe u shkarkua nga posti i kryetarit t\u00eb Bashkis\u00eb s\u00eb Lushnj\u00ebs me vendim qeverie q\u00eb prej dat\u00ebs 7 korrik 2021pasi u mor i pandehur nga SPAK p\u00ebr korrupsion.<\/span><\/p>\n<p><span style=\"color: #000000;\">Ai fillimisht e ankimoi vendimin n\u00eb Gjykat\u00ebn Kushtetuese, por m\u00eb von\u00eb u t\u00ebrhoq.<\/span><\/p>\n<p><span style=\"color: #000000;\">Tushe akuzohet p\u00ebr korrupsion lidhur me nj\u00eb tender p\u00ebr nj\u00eb kanal vadit\u00ebs me vler\u00eb rreth 24 milion\u00eb lek\u00eb t\u00eb reja.\/<strong>Hashtag.al<\/strong><\/span><\/p>\n","protected":false,"gt_translate_keys":[{"key":"rendered","format":"html"}]},"excerpt":{"rendered":"<p>Jan\u00eb dy data t\u00eb mundshme p\u00ebr zgjedhjet e pjesshme vendore. Presidenti Ilir Meta ka propozuar dat\u00ebn 27 shkurt dhe 6 mars, por m\u00eb shum\u00eb gjasa ka q\u00eb t\u00eb vendos\u00ebt p\u00ebr dat\u00ebn e dyt\u00eb e cila preferohet edhe nga KQZ. Zgjedhjet do t\u00eb mbahen n\u00eb 6 bashki, n\u00eb t\u00eb cilat pozicioni i kryetarit ka mbetur vakant [&hellip;]<\/p>\n","protected":false,"gt_translate_keys":[{"key":"rendered","format":"html"}]},"author":30,"featured_media":498728,"comment_status":"closed","ping_status":"closed","sticky":false,"template":"","format":"standard","meta":{"footnotes":""},"categories":[22,65,13],"tags":[],"class_list":["post-498725","post","type-post","status-publish","format-standard","has-post-thumbnail","hentry","category-ballina","category-lajme","category-te-fundit"],"gt_translate_keys":[{"key":"link","format":"url"}],"_links":{"self":[{"href":"https:\/\/www.hashtag.al\/index.php\/wp-json\/wp\/v2\/posts\/498725","targetHints":{"allow":["GET"]}}],"collection":[{"href":"https:\/\/www.hashtag.al\/index.php\/wp-json\/wp\/v2\/posts"}],"about":[{"href":"https:\/\/www.hashtag.al\/index.php\/wp-json\/wp\/v2\/types\/post"}],"author":[{"embeddable":true,"href":"https:\/\/www.hashtag.al\/index.php\/wp-json\/wp\/v2\/users\/30"}],"replies":[{"embeddable":true,"href":"https:\/\/www.hashtag.al\/index.php\/wp-json\/wp\/v2\/comments?post=498725"}],"version-history":[{"count":0,"href":"https:\/\/www.hashtag.al\/index.php\/wp-json\/wp\/v2\/posts\/498725\/revisions"}],"wp:featuredmedia":[{"embeddable":true,"href":"https:\/\/www.hashtag.al\/index.php\/wp-json\/wp\/v2\/media\/498728"}],"wp:attachment":[{"href":"https:\/\/www.hashtag.al\/index.php\/wp-json\/wp\/v2\/media?parent=498725"}],"wp:term":[{"taxonomy":"category","embeddable":true,"href":"https:\/\/www.hashtag.al\/index.php\/wp-json\/wp\/v2\/categories?post=498725"},{"taxonomy":"post_tag","embeddable":true,"href":"https:\/\/www.hashtag.al\/index.php\/wp-json\/wp\/v2\/tags?post=498725"}],"curies":[{"name":"wp","href":"https:\/\/api.w.org\/{rel}","templated":true}]}}