{"id":498723,"date":"2022-01-19T15:54:38","date_gmt":"2022-01-19T14:54:38","guid":{"rendered":"https:\/\/www.hashtag.al\/?p=498723"},"modified":"2022-01-19T15:54:38","modified_gmt":"2022-01-19T14:54:38","slug":"basha-i-pergjigjet-metes-pas-takimit-me-ballen-nuk-do-ti-ikim-asnje-beteje-perfshire-zgjedhjet-vendore","status":"publish","type":"post","link":"https:\/\/www.hashtag.al\/index.php\/2022\/01\/19\/basha-i-pergjigjet-metes-pas-takimit-me-ballen-nuk-do-ti-ikim-asnje-beteje-perfshire-zgjedhjet-vendore\/","title":{"rendered":"Basha i p\u00ebrgjigjet Met\u00ebs pas takimit me Ball\u00ebn: Nuk do t\u2019i ikim asnj\u00eb beteje, p\u00ebrfshir\u00eb zgjedhjet vendore","gt_translate_keys":[{"key":"rendered","format":"text"}]},"content":{"rendered":"<p><span style=\"color: #000000;\"><a href=\"https:\/\/www.hashtag.al\/wp-content\/uploads\/2022\/01\/lb.jpg\"><img loading=\"lazy\" decoding=\"async\" class=\"aligncenter size-full wp-image-498719\" src=\"https:\/\/www.hashtag.al\/wp-content\/uploads\/2022\/01\/lb.jpg\" alt=\"\" width=\"747\" height=\"400\" srcset=\"https:\/\/www.hashtag.al\/wp-content\/uploads\/2022\/01\/lb.jpg 747w, https:\/\/www.hashtag.al\/wp-content\/uploads\/2022\/01\/lb-300x161.jpg 300w\" sizes=\"auto, (max-width: 747px) 100vw, 747px\" \/><\/a><\/span><\/p>\n<p><span style=\"color: #000000;\">Kreu i Partis\u00eb Demokratike Lulzim Basha ka reaguar lidhur me deklaratat e m\u00ebhershme t\u00eb presidentit Ilir Meta dit\u00ebn e sotme, p\u00ebr zgjedhjet e pjesshme vendore. Kujtojm\u00eb se presidenti pati nj\u00eb takim me kreun e grupit parlamentar t\u00eb PS-s\u00eb, Taulant Balla.<\/span><\/p>\n<p><span style=\"color: #000000;\">N\u00eb nj\u00eb intervist\u00eb p\u00ebr \u201cOra News\u201d, Basha dha garanci se PD do t\u00eb marr\u00eb pjes\u00eb dhe nuk do t\u2019i iki asnj\u00eb beteje p\u00ebrfshir\u00eb edhe zgjedhjeve vendore.<\/span><\/p>\n<p><em><span style=\"color: #000000;\">\u201cE para pun\u00ebs Partia Demokratike nuk do t&#8217;i ik\u00eb asnj\u00eb beteje, asgj\u00eb beteje p\u00ebrfshir\u00eb dhe zgjedhjet vendore, e dyta faktori politik \u00ebsht\u00eb nj\u00eb p\u00ebrcaktim i cili duhet t\u00eb ndryshoj\u00eb n\u00eb k\u00ebt\u00eb kultur\u00eb t\u00eb re politike q\u00eb po Partia Demokratike po prezanton n\u00eb Shqip\u00ebri.<\/span><\/em><\/p>\n<p><span style=\"color: #000000;\"><em>Kjo q\u00eb po ndodh nuk \u00ebsht\u00eb thjesht nj\u00eb p\u00ebrplasje midis mendimeve krejt\u00ebsisht t\u00eb ndryshme p\u00ebr pluralizmin dhe demokracin\u00eb, \u00ebsht\u00eb nj\u00eb ndryshim do t\u00eb thoja kulturor i cili po ndodh p\u00ebr her\u00eb t\u00eb dyt\u00ebn, para 31 vjet\u00ebsh na \u00e7oi nga monizmi n\u00eb pluraliz\u00ebm por jo tamam n\u00eb demokraci dhe tani synon q\u00eb Shqip\u00ebrin\u00eb ta kthej n\u00eb nj\u00eb vend normal Europian demokratik dhe n\u00eb nj\u00eb vend normal Europian demokratik faktori m\u00eb i r\u00ebnd\u00ebsishme politik \u00ebsht\u00eb opinioni publik, jan\u00eb qytetar\u00ebt, qytetar\u00ebt duan ndryshimin dhe Partia Demokratike po b\u00ebn e do b\u00ebj\u00eb gjith\u00e7ka q\u00eb t\u2019i ofroj\u00eb k\u00ebt\u00eb ndryshim shqiptar\u00ebve dhe q\u00eb shqiptar\u00ebt besojn\u00eb q\u00eb ky ndryshim mund t\u00eb\u00a0 vij\u00eb vet\u00ebm p\u00ebrmes nj\u00eb bashk\u00ebpunim dhe p\u00ebrmes nj\u00eb aleance me Partin\u00eb Demokratike, me t\u00ebr\u00ebsin\u00eb e saj, vizionin ton\u00eb, planin ton\u00eb, programet tona, ekipin ton\u00eb.\u201d-<\/em> tha Basha.<\/span><\/p>\n<p><span style=\"color: #000000;\">Basha u pyet n\u00ebse \u00ebsht\u00eb i gatsh\u00ebm ai t\u00eb ndryshoj\u00eb kaq shpejt dhe t\u00eb sjell\u00eb nj\u00eb qaje krejt t\u00eb re politike.<\/span><\/p>\n<p><em><span style=\"color: #000000;\">\u201cUn\u00eb besoj se gjat\u00eb k\u00ebtyre viteve n\u00eb politik\u00eb kam demonstruar gjithmon\u00eb nj\u00eb model ndryshe nga ajo q\u00eb kam gjetur k\u00ebtu. Besoj q\u00eb ky ka qen\u00eb edhe atraksioni i shum\u00eb atyre q\u00eb m\u00eb kan\u00eb votuar n\u00eb t\u00eb gjitha betejat e mia. Q\u00eb nga beteja e par\u00eb p\u00ebr deputet n\u00eb vitin 2005, q\u00eb nga rezultati si drejtues politik i qarkut t\u00eb Elbasanit n\u00eb vitin 2009, q\u00eb nga beteja me Edi Ram\u00ebn n\u00eb vitin 2011.<\/span><\/em><\/p>\n<p><em><span style=\"color: #000000;\">N\u00eb t\u00eb gjitha betejat ajo q\u00eb un\u00eb besoj ka qen\u00eb le t\u00eb themi arma m\u00eb e fort\u00eb, \u00ebsht\u00eb pik\u00ebrisht nj\u00eb model ndryshe nga ky q\u00eb tashm\u00eb mbush 31 vite i personazheve t\u00eb tranzicionit, t\u00eb cil\u00ebt n\u00eb nj\u00eb faz\u00eb t\u00eb caktuar mund t\u00eb ken\u00eb pasur nj\u00eb mision, mund ta ken\u00eb arritur pjes\u00ebrisht apo hi\u00e7 fare, apo plot\u00ebsisht, por tani s\u2019kan\u00eb \u00e7far\u00eb t\u00eb ofrojn\u00eb m\u00eb.<\/span><\/em><\/p>\n<p><span style=\"color: #000000;\"><em>Nd\u00ebrsa Partia Demokratike, ekipi im dhe un\u00eb, jemi plot\u00eb me energji, kemi vizionin, vullnetin dhe vendosm\u00ebrin\u00eb p\u00ebr t\u2019i dh\u00ebn\u00eb shqiptar\u00ebve k\u00ebt\u00eb model, si modelin e p\u00ebrhersh\u00ebm t\u00eb t\u00eb b\u00ebrit politik\u00eb. Ku politika nuk \u00ebsht\u00eb nj\u00eb instrument pushteti p\u00ebr t\u2019iu imponuar qytetar\u00ebve, por \u00ebsht\u00eb nj\u00eb instrument ndryshimi p\u00ebr t\u2019i sh\u00ebrbyer njer\u00ebzve, p\u00ebr t\u2019i sh\u00ebrbyer vendit.\u201c-<\/em> u shpreh ai.<\/span><\/p>\n","protected":false,"gt_translate_keys":[{"key":"rendered","format":"html"}]},"excerpt":{"rendered":"<p>Kreu i Partis\u00eb Demokratike Lulzim Basha ka reaguar lidhur me deklaratat e m\u00ebhershme t\u00eb presidentit Ilir Meta dit\u00ebn e sotme, p\u00ebr zgjedhjet e pjesshme vendore. Kujtojm\u00eb se presidenti pati nj\u00eb takim me kreun e grupit parlamentar t\u00eb PS-s\u00eb, Taulant Balla. N\u00eb nj\u00eb intervist\u00eb p\u00ebr \u201cOra News\u201d, Basha dha garanci se PD do t\u00eb marr\u00eb pjes\u00eb [&hellip;]<\/p>\n","protected":false,"gt_translate_keys":[{"key":"rendered","format":"html"}]},"author":30,"featured_media":498719,"comment_status":"closed","ping_status":"closed","sticky":false,"template":"","format":"standard","meta":{"footnotes":""},"categories":[65,13],"tags":[],"class_list":["post-498723","post","type-post","status-publish","format-standard","has-post-thumbnail","hentry","category-lajme","category-te-fundit"],"gt_translate_keys":[{"key":"link","format":"url"}],"_links":{"self":[{"href":"https:\/\/www.hashtag.al\/index.php\/wp-json\/wp\/v2\/posts\/498723","targetHints":{"allow":["GET"]}}],"collection":[{"href":"https:\/\/www.hashtag.al\/index.php\/wp-json\/wp\/v2\/posts"}],"about":[{"href":"https:\/\/www.hashtag.al\/index.php\/wp-json\/wp\/v2\/types\/post"}],"author":[{"embeddable":true,"href":"https:\/\/www.hashtag.al\/index.php\/wp-json\/wp\/v2\/users\/30"}],"replies":[{"embeddable":true,"href":"https:\/\/www.hashtag.al\/index.php\/wp-json\/wp\/v2\/comments?post=498723"}],"version-history":[{"count":0,"href":"https:\/\/www.hashtag.al\/index.php\/wp-json\/wp\/v2\/posts\/498723\/revisions"}],"wp:featuredmedia":[{"embeddable":true,"href":"https:\/\/www.hashtag.al\/index.php\/wp-json\/wp\/v2\/media\/498719"}],"wp:attachment":[{"href":"https:\/\/www.hashtag.al\/index.php\/wp-json\/wp\/v2\/media?parent=498723"}],"wp:term":[{"taxonomy":"category","embeddable":true,"href":"https:\/\/www.hashtag.al\/index.php\/wp-json\/wp\/v2\/categories?post=498723"},{"taxonomy":"post_tag","embeddable":true,"href":"https:\/\/www.hashtag.al\/index.php\/wp-json\/wp\/v2\/tags?post=498723"}],"curies":[{"name":"wp","href":"https:\/\/api.w.org\/{rel}","templated":true}]}}