{"id":498700,"date":"2022-01-19T14:12:31","date_gmt":"2022-01-19T13:12:31","guid":{"rendered":"https:\/\/www.hashtag.al\/?p=498700"},"modified":"2022-01-19T14:12:31","modified_gmt":"2022-01-19T13:12:31","slug":"basha-takime-me-demokratet-e-deges-7-do-jem-pengu-i-demokrateve-por-i-lire-perballe-atyre-qe-kane-denigruar-e-percare","status":"publish","type":"post","link":"https:\/\/www.hashtag.al\/index.php\/2022\/01\/19\/basha-takime-me-demokratet-e-deges-7-do-jem-pengu-i-demokrateve-por-i-lire-perballe-atyre-qe-kane-denigruar-e-percare\/","title":{"rendered":"Basha takime me demokrat\u00ebt e deg\u00ebs 7: Do jem pengu i demokrat\u00ebve, por i lir\u00eb p\u00ebrball\u00eb atyre q\u00eb kan\u00eb denigruar e p\u00ebr\u00e7ar\u00eb","gt_translate_keys":[{"key":"rendered","format":"text"}]},"content":{"rendered":"<p><span style=\"color: #000000;\"><a href=\"https:\/\/www.hashtag.al\/wp-content\/uploads\/2022\/01\/WhatsApp-Image-2022-01-19-at-1.30.53-PM.jpeg\"><img loading=\"lazy\" decoding=\"async\" class=\"aligncenter size-full wp-image-498702\" src=\"https:\/\/www.hashtag.al\/wp-content\/uploads\/2022\/01\/WhatsApp-Image-2022-01-19-at-1.30.53-PM.jpeg\" alt=\"\" width=\"1280\" height=\"720\" srcset=\"https:\/\/www.hashtag.al\/wp-content\/uploads\/2022\/01\/WhatsApp-Image-2022-01-19-at-1.30.53-PM.jpeg 1280w, https:\/\/www.hashtag.al\/wp-content\/uploads\/2022\/01\/WhatsApp-Image-2022-01-19-at-1.30.53-PM-300x169.jpeg 300w, https:\/\/www.hashtag.al\/wp-content\/uploads\/2022\/01\/WhatsApp-Image-2022-01-19-at-1.30.53-PM-1024x576.jpeg 1024w, https:\/\/www.hashtag.al\/wp-content\/uploads\/2022\/01\/WhatsApp-Image-2022-01-19-at-1.30.53-PM-768x432.jpeg 768w\" sizes=\"auto, (max-width: 1280px) 100vw, 1280px\" \/><\/a><\/span><\/p>\n<p><span style=\"color: #000000;\">Kryetari i Partis\u00eb Demokratike, Lulzim Basha, ka zhvilluar nj\u00eb dit\u00eb m\u00eb par\u00eb nj\u00eb me demokrat\u00ebt e deg\u00ebs 7 n\u00eb Tiran\u00eb.<\/span><\/p>\n<p><span style=\"color: #000000;\">Gjat\u00eb fjal\u00ebs s\u00eb tij me demokrat\u00ebt, Basha duket se dha dhe nj\u00eb mesazh p\u00ebr ish-kryeministrin Sali Berisha kur tha se Shqip\u00ebria dhe PD-ja nuk do t\u00eb mbeten peng: <em>&#8220;Shqip\u00ebria nuk mund t\u00eb mbetet peng, Partia Demokratike nuk mund t\u00eb mbetet peng, prandaj k\u00ebtu jam dhe do t\u00eb jem si pengu i demokrat\u00ebve dhe si pengu i shqiptar\u00ebve, por si njeri i lir\u00eb p\u00ebrball\u00eb rr\u00ebgjimit dhe p\u00ebrball\u00eb atyre q\u00eb jan\u00eb b\u00ebr\u00eb nj\u00ebsh me rr\u00ebgjimin duke denigruar, p\u00ebr\u00e7ar\u00eb dhe fryr\u00eb frym\u00ebs s\u00eb p\u00ebr\u00e7arjes. Ata do t\u00eb d\u00ebshtojn\u00eb. Ne do t\u00eb fitojm\u00eb, Shqip\u00ebria do t\u00eb fitoj\u00eb!&#8221;<\/em><\/span><\/p>\n<p><span style=\"color: #000000;\">Basha shprehet se nuk ka asnj\u00eb fuqi tjet\u00ebr politike q\u00eb mund ta nxjerr\u00eb vendin nga kjo situat\u00eb e v\u00ebshtir\u00eb, p\u00ebrve\u00e7 PD-s\u00eb.<\/span><\/p>\n<p><span style=\"color: #000000;\"><strong>Fjala e Bash\u00ebs:<\/strong><\/span><\/p>\n<p><span style=\"color: #000000;\">E r\u00ebnd\u00ebsishme \u00ebsht\u00eb nj\u00eb gj\u00eb, q\u00eb ky proces do t\u00eb ishte nj\u00eb proces i v\u00ebshtir\u00eb, p\u00ebr k\u00ebt\u00eb i pari kam qen\u00eb i vet\u00ebdijsh\u00ebm un\u00eb. Dhe se kam qen\u00eb i vet\u00ebdijsh\u00ebm se sa i v\u00ebshtir\u00eb do t\u00eb ishte procesi, kam b\u00ebr\u00eb gjith\u00e7ka q\u00eb t\u00eb mbaja pesh\u00ebn m\u00eb t\u00eb madhe t\u00eb vendimit. Po pa k\u00ebt\u00eb vendim, sot ne nuk do e dinim se ku do t\u00eb ishte Partia Demokratike, apo a do t\u00eb ishte Partia Demokratike. \u00c7far\u00eb ka r\u00ebnd\u00ebsi? R\u00ebnd\u00ebsi ka t\u00eb p\u00ebrdorim at\u00eb q\u00eb na ka dh\u00ebn\u00eb Zoti p\u00ebr t\u00eb komunikuar, mendjen dhe gjuh\u00ebn. Njer\u00ebzit komunikojn\u00eb me mendje dhe me gjuh\u00eb. R\u00ebnd\u00ebsi ka ta p\u00ebrdorim ashtu si\u00e7 din\u00eb ta p\u00ebrdorin demokrat\u00ebt, me past\u00ebrti, me t\u00eb v\u00ebrteta dhe kur nuk biem dakord, edhe kur kemi mendime t\u00eb ndryshme, edhe kur kemi kritika, edhe kund\u00ebrshtira. Dhe duhet t\u2019i kemi, se po s\u2019i pat\u00ebm nga ndryshon nga sistemi q\u00eb kemi l\u00ebn\u00eb pas. Mendim ndryshe po, kritika po, kund\u00ebrshti po, t\u00eb gjitha! Dhe me z\u00eb t\u00eb lart\u00eb, gar\u00eb po, por jo dhun\u00eb, jo mashtrime dhe g\u00ebnjeshtra, jo vese me t\u00eb cilat kemi 8 vite q\u00eb p\u00ebrballemi n\u00eb em\u00ebr t\u00eb demokrat\u00ebve dhe n\u00eb em\u00ebr t\u00eb t\u00eb gjith\u00eb shqiptar\u00ebve me qeverin\u00eb m\u00eb t\u00eb korruptuar t\u00eb Europ\u00ebs. Nuk mund t\u2019i lejojm\u00eb tani k\u00ebto vese t\u00eb b\u00ebhen pjes\u00eb e sjelljes n\u00eb Partin\u00eb Demokratike. Ndaj, nga nj\u00ebra an\u00eb me t\u00eb v\u00ebrtet\u00eb jan\u00eb nj\u00eb pjes\u00eb njer\u00ebzish, jan\u00eb m\u00eb pak se \u00e7\u2019kan\u00eb qen\u00eb para nj\u00eb muaji apo para dy muajsh, shum\u00eb m\u00eb pak se \u00e7\u2019kan\u00eb qen\u00eb n\u00eb 8 janar, nj\u00eb dat\u00eb q\u00eb duam ta harrojm\u00eb, por n\u00eb fakt nuk mund ta harrojm\u00eb pa nxjerr konkluzionet brenda familjes ton\u00eb dhe do jen\u00eb edhe m\u00eb pak kur ta kuptojn\u00eb q\u00eb dora e shtrir\u00eb nuk \u00ebsht\u00eb vet\u00ebm e imja, por \u00ebsht\u00eb e \u00e7do demokrati, se na bashkojn\u00eb q\u00ebllimet. Sepse mund t\u00eb v\u00ebm\u00eb n\u00eb pik\u00ebpyetje gjith\u00e7ka, p\u00ebrve\u00e7 motiveve dhe q\u00ebllimeve tona. Motivi \u00ebsht\u00eb ky vend. P\u00ebr k\u00ebt\u00eb vend dhe p\u00ebr k\u00ebta njer\u00ebz \u00ebsht\u00eb themeluar kjo familje politike.<\/span><\/p>\n<p><span style=\"color: #000000;\">Q\u00ebllimi \u00ebsht\u00eb i qart\u00eb, at\u00eb q\u00eb nuk u arrit m\u00eb 25 prill, jo p\u00ebr shkakun e sakrific\u00ebs tuaj, po p\u00ebr shkak t\u00eb masakr\u00ebs zgjedhore, ndryshimin ta sjellim nj\u00eb or\u00eb e m\u00eb par\u00eb. Dhe ndryshimi do t\u00eb vij, na ra ne barra e pesh\u00ebs t\u00eb kalojm\u00eb p\u00ebrmes nj\u00eb sprove shume t\u00eb madhe, pas asaj t\u00eb masakr\u00ebs zgjedhore. Por e sigurt \u00ebsht\u00eb q\u00eb vullneti i shumic\u00ebs d\u00ebrrmuese t\u00eb shqiptar\u00ebve, p\u00ebr t\u2019i dh\u00ebn\u00eb fund tranzicionit, p\u00ebr t\u00eb pasur qarkullimin e elitave, p\u00ebr t\u00eb pasur nj\u00eb klas\u00eb politike e cila hyn\u00eb n\u00eb politik\u00eb p\u00ebr t\u00eb sh\u00ebrbyer, vler\u00ebsohet me vot\u00eb dhe ata q\u00eb jan\u00eb pjes\u00eb e klas\u00ebs politike, q\u00eb e abuzojn\u00eb pushtetin, ballafaqohen me pasojat e abuzimit me drejt\u00ebsin\u00eb, kjo \u00ebsht\u00eb aspirat\u00eb e shqiptar\u00ebve do t\u00eb b\u00ebhet realitet, nuk e ndal dot askush, nuk e ndal dot Edi Rama. Dhe p\u00ebr fat t\u00eb keq, do t\u00eb na duhet tani, t\u00eb pakt\u00ebn deri n\u00eb sh\u00ebrimin e nj\u00eb plage q\u00eb padrejt\u00ebsisht i \u00ebsht\u00eb mbivendosur Partis\u00eb Demokratike, q\u00eb nj\u00eb pjes\u00eb t\u00eb energjis\u00eb ta shpenzojm\u00eb edhe brenda familjes. Sepse ata demokrat\u00eb q\u00eb jan\u00eb jasht\u00eb aty, ata nd\u00ebr demokrat\u00ebt q\u00eb jan\u00eb jasht\u00eb, duhet dit\u00eb p\u00ebr dit\u00eb e jav\u00eb p\u00ebr jav\u00eb t\u2019i kemi k\u00ebshtu, bashk\u00eb me ne p\u00ebrpara t\u00eb keqes. Aty ku ndodh e keqja, nga kryeministria tek ministrit\u00eb, tek institucionet e tjera t\u00eb zaptuara q\u00eb po ua b\u00ebjn\u00eb jet\u00ebn ferr shqiptar\u00ebve. Sepse sonte q\u00eb flasim, edhe sonte q\u00eb flasim, nuk duhet t\u00eb harrojm\u00eb q\u00eb gjysma e familjeve shqiptare, arrijn\u00eb t\u00eb paguajn\u00eb vet\u00ebm nj\u00eb vakt n\u00eb dit\u00eb.<\/span><\/p>\n<p><span style=\"color: #000000;\">Edhe sot q\u00eb flasim, s\u2019duhet t\u00eb harrojm\u00eb q\u00eb gjysma e familjeve shqiptare paguajn\u00eb vet\u00ebm, arrijn\u00eb t\u00eb paguajn\u00eb vet\u00ebm nj\u00eb vakt n\u00eb dit\u00eb, p\u00ebr tjetr\u00ebn ose marrin borxh ose aq han\u00eb. B\u00ebjn\u00eb sikur han\u00eb 2 apo 3, nj\u00eb han\u00eb. K\u00ebtu ka ardhur Shqip\u00ebria nga korrupsioni dhe keqqeverisja nga rr\u00ebgjimi i Edi Ram\u00ebs. Nuk b\u00ebhemi dhe nuk do t\u00eb b\u00ebhemi kurr\u00eb m\u00eb as alibi, as streh\u00eb, as \u00e7ar\u00e7af p\u00ebr t\u00eb mbuluar gabimet, t\u00eb metat e t\u00eb kaluar\u00ebs. Sigurisht pa mohuar n\u00eb asnj\u00eb \u00e7ast ato gj\u00ebra t\u00eb mira q\u00eb kemi b\u00ebr\u00eb p\u00ebr shqiptar\u00ebt, q\u00eb nuk i b\u00ebjn\u00eb dot kurr\u00eb k\u00ebta. Se k\u00ebta pushtetin e shohin si nj\u00eb mjet p\u00ebr veten e tyre, kurse p\u00ebr ne ka qen\u00eb nj\u00eb obligim p\u00ebr ta \u00e7uar Shqip\u00ebrin\u00eb p\u00ebrpara. Prandaj \u00e7do hap q\u00eb Shqip\u00ebria ka hedhur p\u00ebrpara ka ndodhur kur kemi qeverisur ne, por ama nuk mund t\u00eb fus\u00eb posht\u00eb divanit t\u00eb metat, gabimet dhe korrupsionin q\u00eb ka ndodhur. Nuk ka pal\u00eb brenda familjes ton\u00eb. Ka nj\u00eb q\u00ebndrim t\u00eb qart\u00eb kund\u00ebr korrupsionit dhe ka nj\u00eb q\u00ebllim t\u00eb qart\u00eb p\u00ebr t\u00eb larguar rr\u00ebgjimin e korruptuar t\u00eb Edi Ram\u00ebs.<\/span><\/p>\n<p><span style=\"color: #000000;\">Nuk ka asnj\u00eb familje tjet\u00ebr politike, asnj\u00eb fuqi tjet\u00ebr politike n\u00eb k\u00ebt\u00eb vend q\u00eb mund ta nxjerr\u00eb vendin nga kjo gremin\u00eb, p\u00ebrve\u00e7 Partis\u00eb Demokratike. Prandaj e kemi marr\u00eb k\u00ebt\u00eb p\u00ebrgjegj\u00ebsi, k\u00ebt\u00eb barr\u00eb t\u00eb dyfisht\u00eb mbi supet tona. N\u00eb radh\u00eb t\u00eb par\u00eb p\u00ebr familjen ton\u00eb politike dhe n\u00eb radh\u00eb t\u00eb dyt\u00eb p\u00ebr familjet e gjith\u00eb shqiptar\u00ebve dhe familjen e madhe, p\u00ebr gjith\u00eb Shqip\u00ebrin\u00eb. Kjo na jep kuraj\u00eb, kjo na jep qart\u00ebsi, kjo na jep q\u00ebndres\u00ebn dhe vendosm\u00ebrin\u00eb p\u00ebr ti shkuar deri n\u00eb fund. Por t\u00eb ndahesh me t\u00eb shkuar\u00ebn nuk do t\u00eb thot\u00eb t\u00eb l\u00ebsh prapa ata q\u00eb duan me zem\u00ebr t\u00eb kontribuojn\u00eb p\u00ebr t\u00eb ardhmen, duan me zem\u00ebr t\u00eb kontribuojn\u00eb p\u00ebr Shqip\u00ebrin\u00eb. P\u00ebrkundrazi, detyra jon\u00eb e par\u00eb, k\u00ebt\u00eb jav\u00eb, \u00ebsht\u00eb q\u00eb ti marrim me vete, t\u2019iu shtrijm\u00eb dor\u00ebn, t\u2019iu themi\u00a0 nuk ka t\u00eb tep\u00ebr, nuk ka demokrat\u00eb t\u00eb tep\u00ebr n\u00eb familjen ton\u00eb. Shqip\u00ebria nuk mund t\u00eb mbetet peng, Partia Demokratike nuk mund t\u00eb mbetet peng, prandaj k\u00ebtu jam dhe do t\u00eb jem si pengu i demokrat\u00ebve dhe si pengu i shqiptar\u00ebve, por si njeri i lir\u00eb p\u00ebrball\u00eb rr\u00ebgjimit dhe p\u00ebrball\u00eb atyre q\u00eb jan\u00eb b\u00ebr\u00eb nj\u00ebsh me rr\u00ebgjimin duke denigruar, p\u00ebr\u00e7ar\u00eb dhe fryr\u00eb frym\u00ebs s\u00eb p\u00ebr\u00e7arjes. Ata do t\u00eb d\u00ebshtojn\u00eb. Ne do t\u00eb fitojm\u00eb, Shqip\u00ebria do t\u00eb fitoj\u00eb!<\/span><\/p>\n<p><a href=\"https:\/\/www.hashtag.al\/wp-content\/uploads\/2022\/01\/WhatsApp-Image-2022-01-19-at-1.30.54-PM.jpeg\"><img loading=\"lazy\" decoding=\"async\" class=\"aligncenter size-full wp-image-498703\" src=\"https:\/\/www.hashtag.al\/wp-content\/uploads\/2022\/01\/WhatsApp-Image-2022-01-19-at-1.30.54-PM.jpeg\" alt=\"\" width=\"1280\" height=\"720\" srcset=\"https:\/\/www.hashtag.al\/wp-content\/uploads\/2022\/01\/WhatsApp-Image-2022-01-19-at-1.30.54-PM.jpeg 1280w, https:\/\/www.hashtag.al\/wp-content\/uploads\/2022\/01\/WhatsApp-Image-2022-01-19-at-1.30.54-PM-300x169.jpeg 300w, https:\/\/www.hashtag.al\/wp-content\/uploads\/2022\/01\/WhatsApp-Image-2022-01-19-at-1.30.54-PM-1024x576.jpeg 1024w, https:\/\/www.hashtag.al\/wp-content\/uploads\/2022\/01\/WhatsApp-Image-2022-01-19-at-1.30.54-PM-768x432.jpeg 768w\" sizes=\"auto, (max-width: 1280px) 100vw, 1280px\" \/><\/a><a href=\"https:\/\/www.hashtag.al\/wp-content\/uploads\/2022\/01\/WhatsApp-Image-2022-01-19-at-1.30.52-PM.jpeg\"><img loading=\"lazy\" decoding=\"async\" class=\"aligncenter size-full wp-image-498701\" src=\"https:\/\/www.hashtag.al\/wp-content\/uploads\/2022\/01\/WhatsApp-Image-2022-01-19-at-1.30.52-PM.jpeg\" alt=\"\" width=\"1280\" height=\"720\" srcset=\"https:\/\/www.hashtag.al\/wp-content\/uploads\/2022\/01\/WhatsApp-Image-2022-01-19-at-1.30.52-PM.jpeg 1280w, https:\/\/www.hashtag.al\/wp-content\/uploads\/2022\/01\/WhatsApp-Image-2022-01-19-at-1.30.52-PM-300x169.jpeg 300w, https:\/\/www.hashtag.al\/wp-content\/uploads\/2022\/01\/WhatsApp-Image-2022-01-19-at-1.30.52-PM-1024x576.jpeg 1024w, https:\/\/www.hashtag.al\/wp-content\/uploads\/2022\/01\/WhatsApp-Image-2022-01-19-at-1.30.52-PM-768x432.jpeg 768w\" sizes=\"auto, (max-width: 1280px) 100vw, 1280px\" \/><\/a><\/p>\n","protected":false,"gt_translate_keys":[{"key":"rendered","format":"html"}]},"excerpt":{"rendered":"<p>Kryetari i Partis\u00eb Demokratike, Lulzim Basha, ka zhvilluar nj\u00eb dit\u00eb m\u00eb par\u00eb nj\u00eb me demokrat\u00ebt e deg\u00ebs 7 n\u00eb Tiran\u00eb. Gjat\u00eb fjal\u00ebs s\u00eb tij me demokrat\u00ebt, Basha duket se dha dhe nj\u00eb mesazh p\u00ebr ish-kryeministrin Sali Berisha kur tha se Shqip\u00ebria dhe PD-ja nuk do t\u00eb mbeten peng: &#8220;Shqip\u00ebria nuk mund t\u00eb mbetet peng, Partia [&hellip;]<\/p>\n","protected":false,"gt_translate_keys":[{"key":"rendered","format":"html"}]},"author":30,"featured_media":498702,"comment_status":"closed","ping_status":"closed","sticky":false,"template":"","format":"standard","meta":{"footnotes":""},"categories":[65,13],"tags":[],"class_list":["post-498700","post","type-post","status-publish","format-standard","has-post-thumbnail","hentry","category-lajme","category-te-fundit"],"gt_translate_keys":[{"key":"link","format":"url"}],"_links":{"self":[{"href":"https:\/\/www.hashtag.al\/index.php\/wp-json\/wp\/v2\/posts\/498700","targetHints":{"allow":["GET"]}}],"collection":[{"href":"https:\/\/www.hashtag.al\/index.php\/wp-json\/wp\/v2\/posts"}],"about":[{"href":"https:\/\/www.hashtag.al\/index.php\/wp-json\/wp\/v2\/types\/post"}],"author":[{"embeddable":true,"href":"https:\/\/www.hashtag.al\/index.php\/wp-json\/wp\/v2\/users\/30"}],"replies":[{"embeddable":true,"href":"https:\/\/www.hashtag.al\/index.php\/wp-json\/wp\/v2\/comments?post=498700"}],"version-history":[{"count":0,"href":"https:\/\/www.hashtag.al\/index.php\/wp-json\/wp\/v2\/posts\/498700\/revisions"}],"wp:featuredmedia":[{"embeddable":true,"href":"https:\/\/www.hashtag.al\/index.php\/wp-json\/wp\/v2\/media\/498702"}],"wp:attachment":[{"href":"https:\/\/www.hashtag.al\/index.php\/wp-json\/wp\/v2\/media?parent=498700"}],"wp:term":[{"taxonomy":"category","embeddable":true,"href":"https:\/\/www.hashtag.al\/index.php\/wp-json\/wp\/v2\/categories?post=498700"},{"taxonomy":"post_tag","embeddable":true,"href":"https:\/\/www.hashtag.al\/index.php\/wp-json\/wp\/v2\/tags?post=498700"}],"curies":[{"name":"wp","href":"https:\/\/api.w.org\/{rel}","templated":true}]}}