{"id":498310,"date":"2022-01-17T23:24:48","date_gmt":"2022-01-17T22:24:48","guid":{"rendered":"https:\/\/www.hashtag.al\/?p=498310"},"modified":"2022-01-17T23:25:22","modified_gmt":"2022-01-17T22:25:22","slug":"pd-ja-poston-videon-berisha-dhunoi-shtepine-e-demokrateve-per-hallet-personale","status":"publish","type":"post","link":"https:\/\/www.hashtag.al\/index.php\/2022\/01\/17\/pd-ja-poston-videon-berisha-dhunoi-shtepine-e-demokrateve-per-hallet-personale\/","title":{"rendered":"PD-ja poston videon: Berisha dhunoi sht\u00ebpin\u00eb e demokrat\u00ebve p\u00ebr hallet personale","gt_translate_keys":[{"key":"rendered","format":"text"}]},"content":{"rendered":"<p style=\"text-align: justify;\"><span style=\"color: #000000;\"><img loading=\"lazy\" decoding=\"async\" class=\"size-full wp-image-498311 aligncenter\" src=\"https:\/\/www.hashtag.al\/wp-content\/uploads\/2022\/01\/Berisha-pd.png\" alt=\"\" width=\"1257\" height=\"696\" srcset=\"https:\/\/www.hashtag.al\/wp-content\/uploads\/2022\/01\/Berisha-pd.png 1257w, https:\/\/www.hashtag.al\/wp-content\/uploads\/2022\/01\/Berisha-pd-300x166.png 300w, https:\/\/www.hashtag.al\/wp-content\/uploads\/2022\/01\/Berisha-pd-1024x567.png 1024w, https:\/\/www.hashtag.al\/wp-content\/uploads\/2022\/01\/Berisha-pd-768x425.png 768w, https:\/\/www.hashtag.al\/wp-content\/uploads\/2022\/01\/Berisha-pd-750x415.png 750w\" sizes=\"auto, (max-width: 1257px) 100vw, 1257px\" \/><\/span><\/p>\n<p style=\"text-align: justify;\"><span style=\"color: #000000;\">Partia Demokratike ka postuar nj\u00eb video q\u00eb sulmon direkt ish-kryetarin e saj, Sali Berisha.<\/span><\/p>\n<p style=\"text-align: justify;\"><span style=\"color: #000000;\">N\u00eb video ka pamje nga protesta n\u00eb 8 janar ku pati p\u00ebrplasje n\u00eb p\u00ebrpjekje p\u00ebr marrjen e selis\u00eb blu.<\/span><\/p>\n<p style=\"text-align: justify;\"><span style=\"color: #000000;\">N\u00eb postim t\u00eb PD-s\u00eb shkruhet se Berisha dhunoi sht\u00ebpin\u00eb e demokrat\u00ebve p\u00ebr hallet personale.<\/span><\/p>\n<p style=\"text-align: justify;\"><span style=\"color: #000000;\">\u201c<em>I braktisur nga demokrat\u00ebt Sali Berisha vjen v\u00ebrdall\u00eb duke mashtruar e k\u00ebrc\u00ebnuar k\u00ebdo q\u00eb nuk mendon si ai. 8 janari tregoi fytyr\u00ebn e v\u00ebrtet\u00eb t\u00eb Sali Berish\u00ebs. P\u00ebr interesin e tij Berisha dhunoi sht\u00ebpin\u00eb e demokrat\u00ebve dhe ishte gati t\u00eb derdhte gjakun e tyre. Por as ai, as aleat\u00ebt e tij nuk do ta marrin peng Partin\u00eb Demokratike p\u00ebr hallet e tyre personale. Partia Demokratike nuk do t\u00eb jet\u00eb kurr\u00eb m\u00eb as streha dhe as avokate e t\u00eb korruptuarve. Demokrat\u00ebt kan\u00eb zgjedhur t\u00eb ardhmen, p\u00ebr t\u2019u dh\u00ebn\u00eb shqiptar\u00ebve ndryshimin q\u00eb duan<\/em>\u201d-shkruan n\u00eb postim PD-ja.<\/span><\/p>\n<p><iframe loading=\"lazy\" style=\"border: none; overflow: hidden;\" src=\"https:\/\/www.facebook.com\/plugins\/video.php?href=https%3A%2F%2Fwww.facebook.com%2Fpartiademokratike%2Fvideos%2F474091967766144%2F&amp;show_text=0&amp;width=560\" width=\"560\" height=\"315\" frameborder=\"0\" scrolling=\"no\" allowfullscreen=\"allowfullscreen\"><\/iframe><\/p>\n","protected":false,"gt_translate_keys":[{"key":"rendered","format":"html"}]},"excerpt":{"rendered":"<p>Partia Demokratike ka postuar nj\u00eb video q\u00eb sulmon direkt ish-kryetarin e saj, Sali Berisha. N\u00eb video ka pamje nga protesta n\u00eb 8 janar ku pati p\u00ebrplasje n\u00eb p\u00ebrpjekje p\u00ebr marrjen e selis\u00eb blu. N\u00eb postim t\u00eb PD-s\u00eb shkruhet se Berisha dhunoi sht\u00ebpin\u00eb e demokrat\u00ebve p\u00ebr hallet personale. \u201cI braktisur nga demokrat\u00ebt Sali Berisha vjen v\u00ebrdall\u00eb [&hellip;]<\/p>\n","protected":false,"gt_translate_keys":[{"key":"rendered","format":"html"}]},"author":32,"featured_media":498311,"comment_status":"closed","ping_status":"closed","sticky":false,"template":"","format":"standard","meta":{"footnotes":""},"categories":[65,13],"tags":[],"class_list":["post-498310","post","type-post","status-publish","format-standard","has-post-thumbnail","hentry","category-lajme","category-te-fundit"],"gt_translate_keys":[{"key":"link","format":"url"}],"_links":{"self":[{"href":"https:\/\/www.hashtag.al\/index.php\/wp-json\/wp\/v2\/posts\/498310","targetHints":{"allow":["GET"]}}],"collection":[{"href":"https:\/\/www.hashtag.al\/index.php\/wp-json\/wp\/v2\/posts"}],"about":[{"href":"https:\/\/www.hashtag.al\/index.php\/wp-json\/wp\/v2\/types\/post"}],"author":[{"embeddable":true,"href":"https:\/\/www.hashtag.al\/index.php\/wp-json\/wp\/v2\/users\/32"}],"replies":[{"embeddable":true,"href":"https:\/\/www.hashtag.al\/index.php\/wp-json\/wp\/v2\/comments?post=498310"}],"version-history":[{"count":0,"href":"https:\/\/www.hashtag.al\/index.php\/wp-json\/wp\/v2\/posts\/498310\/revisions"}],"wp:featuredmedia":[{"embeddable":true,"href":"https:\/\/www.hashtag.al\/index.php\/wp-json\/wp\/v2\/media\/498311"}],"wp:attachment":[{"href":"https:\/\/www.hashtag.al\/index.php\/wp-json\/wp\/v2\/media?parent=498310"}],"wp:term":[{"taxonomy":"category","embeddable":true,"href":"https:\/\/www.hashtag.al\/index.php\/wp-json\/wp\/v2\/categories?post=498310"},{"taxonomy":"post_tag","embeddable":true,"href":"https:\/\/www.hashtag.al\/index.php\/wp-json\/wp\/v2\/tags?post=498310"}],"curies":[{"name":"wp","href":"https:\/\/api.w.org\/{rel}","templated":true}]}}