{"id":498269,"date":"2022-01-17T18:41:37","date_gmt":"2022-01-17T17:41:37","guid":{"rendered":"https:\/\/www.hashtag.al\/?p=498269"},"modified":"2022-01-17T18:41:37","modified_gmt":"2022-01-17T17:41:37","slug":"kroacia-do-fuse-ne-perdorim-euron-qeveria-thirrje-per-depozitim-te-parave-ne-banka","status":"publish","type":"post","link":"https:\/\/www.hashtag.al\/index.php\/2022\/01\/17\/kroacia-do-fuse-ne-perdorim-euron-qeveria-thirrje-per-depozitim-te-parave-ne-banka\/","title":{"rendered":"Kroacia do fus\u00eb n\u00eb p\u00ebrdorim euron, qeveria thirrje p\u00ebr depozitim t\u00eb parave n\u00eb banka","gt_translate_keys":[{"key":"rendered","format":"text"}]},"content":{"rendered":"<p style=\"text-align: justify;\"><span style=\"color: #000000;\"><img loading=\"lazy\" decoding=\"async\" class=\"size-full wp-image-498270 aligncenter\" src=\"https:\/\/www.hashtag.al\/wp-content\/uploads\/2022\/01\/kuna-euro.jpg\" alt=\"\" width=\"750\" height=\"500\" srcset=\"https:\/\/www.hashtag.al\/wp-content\/uploads\/2022\/01\/kuna-euro.jpg 750w, https:\/\/www.hashtag.al\/wp-content\/uploads\/2022\/01\/kuna-euro-300x200.jpg 300w\" sizes=\"auto, (max-width: 750px) 100vw, 750px\" \/><\/span><\/p>\n<p style=\"text-align: justify;\"><span style=\"color: #000000;\">Kryeministri i Kroacis\u00eb, Andrej Plenkovi\u00e7 ka prezantuar projektligjin p\u00ebr futjen e euros si valut\u00eb zyrtare dhe disa udh\u00ebzime p\u00ebr rregullimin e procesit t\u00eb ekonomis\u00eb, raportojn\u00eb\u00a0<a style=\"color: #000000;\" href=\"https:\/\/www.index.hr\/vijesti\/clanak\/video-plenkovic-o-uvodjenju-eura-ako-imate-doma-gotovinu-polozite-je-u-banku\/2332944.aspx?index_ref=naslovnica_vijesti_prva_d\">mediat kroate<\/a>.<\/span><\/p>\n<p style=\"text-align: justify;\"><span style=\"color: #000000;\">\u201cQ\u00ebllimi i prezantimit \u00ebsht\u00eb ta sensibilizoj\u00eb m\u00eb tej publikun rreth ligjit p\u00ebr futjen e euros si monedh\u00eb zyrtare n\u00eb Kroaci\u201d, tha\u00a0Plenkovi\u00e7.<\/span><\/p>\n<p style=\"text-align: justify;\"><span style=\"color: #000000;\">Ai thot\u00eb se nj\u00eb nga arsyet kryesore pse po e futin euron \u00ebsht\u00eb se Kroacia \u00ebsht\u00eb nj\u00eb vend shum\u00eb i \u201ceuroizuar\u201d.\u00a0<\/span><\/p>\n<p style=\"text-align: justify;\"><span style=\"color: #000000;\">\u201cQ\u00eb m\u00eb 10 korrik 2020, ne u pranuam n\u00eb Mekanizmin Evropian t\u00eb Kursit t\u00eb K\u00ebmbimit. K\u00ebshtu Kroacia ka konfirmuar reputacionin e saj p\u00ebr p\u00ebrmbushjen sistematike t\u00eb objektivave t\u00eb saj t\u00eb eurozon\u00ebs. Ne kemi miratuar gjithashtu nj\u00eb plan p\u00ebr t\u00eb shk\u00ebmbyer kun\u00ebn me euron, nj\u00eb vit m\u00eb par\u00eb\u201d, tha Plenkovi\u00e7.<\/span><\/p>\n<p style=\"text-align: justify;\"><span style=\"color: #000000;\">Ai u b\u00ebri thirrje qytetar\u00ebve kroat\u00eb q\u00eb n\u00ebse kan\u00eb para n\u00eb sht\u00ebpi, t\u2019i depozitojn\u00eb ato n\u00eb banka sepse kunat do t\u00eb konvertohen automatikisht n\u00eb euro.<\/span><\/p>\n<p style=\"text-align: justify;\"><span style=\"color: #000000;\">\u201c\u00c7mimet do t\u00eb jen\u00eb t\u00eb theksuara n\u00eb kuna dhe euro edhe p\u00ebr nj\u00eb vit, p\u00ebr t\u00eb gjith\u00eb vitin 2023\u201d, shtoi ai.<\/span><\/p>\n<p style=\"text-align: justify;\">\n","protected":false,"gt_translate_keys":[{"key":"rendered","format":"html"}]},"excerpt":{"rendered":"<p>Kryeministri i Kroacis\u00eb, Andrej Plenkovi\u00e7 ka prezantuar projektligjin p\u00ebr futjen e euros si valut\u00eb zyrtare dhe disa udh\u00ebzime p\u00ebr rregullimin e procesit t\u00eb ekonomis\u00eb, raportojn\u00eb\u00a0mediat kroate. \u201cQ\u00ebllimi i prezantimit \u00ebsht\u00eb ta sensibilizoj\u00eb m\u00eb tej publikun rreth ligjit p\u00ebr futjen e euros si monedh\u00eb zyrtare n\u00eb Kroaci\u201d, tha\u00a0Plenkovi\u00e7. Ai thot\u00eb se nj\u00eb nga arsyet kryesore pse [&hellip;]<\/p>\n","protected":false,"gt_translate_keys":[{"key":"rendered","format":"html"}]},"author":32,"featured_media":498270,"comment_status":"closed","ping_status":"closed","sticky":false,"template":"","format":"standard","meta":{"footnotes":""},"categories":[149,13],"tags":[],"class_list":["post-498269","post","type-post","status-publish","format-standard","has-post-thumbnail","hentry","category-kosoverajon","category-te-fundit"],"gt_translate_keys":[{"key":"link","format":"url"}],"_links":{"self":[{"href":"https:\/\/www.hashtag.al\/index.php\/wp-json\/wp\/v2\/posts\/498269","targetHints":{"allow":["GET"]}}],"collection":[{"href":"https:\/\/www.hashtag.al\/index.php\/wp-json\/wp\/v2\/posts"}],"about":[{"href":"https:\/\/www.hashtag.al\/index.php\/wp-json\/wp\/v2\/types\/post"}],"author":[{"embeddable":true,"href":"https:\/\/www.hashtag.al\/index.php\/wp-json\/wp\/v2\/users\/32"}],"replies":[{"embeddable":true,"href":"https:\/\/www.hashtag.al\/index.php\/wp-json\/wp\/v2\/comments?post=498269"}],"version-history":[{"count":0,"href":"https:\/\/www.hashtag.al\/index.php\/wp-json\/wp\/v2\/posts\/498269\/revisions"}],"wp:featuredmedia":[{"embeddable":true,"href":"https:\/\/www.hashtag.al\/index.php\/wp-json\/wp\/v2\/media\/498270"}],"wp:attachment":[{"href":"https:\/\/www.hashtag.al\/index.php\/wp-json\/wp\/v2\/media?parent=498269"}],"wp:term":[{"taxonomy":"category","embeddable":true,"href":"https:\/\/www.hashtag.al\/index.php\/wp-json\/wp\/v2\/categories?post=498269"},{"taxonomy":"post_tag","embeddable":true,"href":"https:\/\/www.hashtag.al\/index.php\/wp-json\/wp\/v2\/tags?post=498269"}],"curies":[{"name":"wp","href":"https:\/\/api.w.org\/{rel}","templated":true}]}}