{"id":498184,"date":"2022-01-17T14:13:53","date_gmt":"2022-01-17T13:13:53","guid":{"rendered":"https:\/\/www.hashtag.al\/?p=498184"},"modified":"2022-01-17T14:13:53","modified_gmt":"2022-01-17T13:13:53","slug":"pd-informon-kuvendin-per-ndryshimet-ne-grupin-parlamentar-pas-perjashtimit-te-mbeshtetesve-te-berishes","status":"publish","type":"post","link":"https:\/\/www.hashtag.al\/index.php\/2022\/01\/17\/pd-informon-kuvendin-per-ndryshimet-ne-grupin-parlamentar-pas-perjashtimit-te-mbeshtetesve-te-berishes\/","title":{"rendered":"PD informon Kuvendin p\u00ebr ndryshimet n\u00eb grupin parlamentar, pas p\u00ebrjashtimit t\u00eb mb\u00ebshtet\u00ebsve t\u00eb Berish\u00ebs","gt_translate_keys":[{"key":"rendered","format":"text"}]},"content":{"rendered":"<p><span style=\"color: #000000;\"><a href=\"https:\/\/www.hashtag.al\/wp-content\/uploads\/2021\/12\/basha-pd-1.png\"><img loading=\"lazy\" decoding=\"async\" class=\"aligncenter size-full wp-image-492396\" src=\"https:\/\/www.hashtag.al\/wp-content\/uploads\/2021\/12\/basha-pd-1.png\" alt=\"\" width=\"937\" height=\"553\" srcset=\"https:\/\/www.hashtag.al\/wp-content\/uploads\/2021\/12\/basha-pd-1.png 937w, https:\/\/www.hashtag.al\/wp-content\/uploads\/2021\/12\/basha-pd-1-300x177.png 300w, https:\/\/www.hashtag.al\/wp-content\/uploads\/2021\/12\/basha-pd-1-768x453.png 768w\" sizes=\"auto, (max-width: 937px) 100vw, 937px\" \/><\/a><\/span><\/p>\n<p><span style=\"color: #000000;\">PD i \u00ebsht\u00eb drejtuar Kuvendit me nj\u00eb shkres\u00eb zyrtare ku e ka njoftuar p\u00ebr vendimet e marra, pas mbledhjes s\u00eb organizuar nga K\u00ebshilli Komb\u00ebtar i PD-s\u00eb.<\/span><\/p>\n<p><span style=\"color: #000000;\"><em>\u201cPas vendimeve t\u00eb Kryesis\u00eb s\u00eb Partis\u00eb dhe k\u00ebshillit Komb\u00ebtar t\u00eb PD, n\u00eb p\u00ebrputhje me statutin dhe Rregulloren e brendshme t\u00eb Grupit Parlamentar, n\u00eb p\u00ebrputhje me nenet 15 e vijues t\u00eb Rregullores s\u00eb Kuvendit, ju njoftojm\u00eb se n\u00eb mbledhjen e Grupit Parlamentar t\u00eb dat\u00ebs 15.01.2022, kryetari i Grupit Parlamentar \u00ebsht\u00eb zgjedhur Enkelejd Alibeaj\u201d-<\/em> shkruhet n\u00eb njoftimin e PD.<\/span><\/p>\n<p><span style=\"color: #000000;\">N\u00eb mbledhjen e K\u00ebshillit Komb\u00ebtar p\u00ebrve\u00e7 ndryshimit t\u00eb Kreut t\u00eb Grupit Parlamentar ku n\u00eb vend t\u00eb Alfred Rushajt u vendos Enkelejd Alibeaj, jan\u00eb ndryshuar edhe emrat e Kryetar\u00ebve t\u00eb Komisioneve Parlamentare si dhe n\u00eb Byron\u00eb e Kuvendit.<\/span><\/p>\n<p><span style=\"color: #000000;\">K\u00ebshtu vendin e Alibeajt si n\u00ebnkryetar i Kuvendit e ka z\u00ebn\u00eb Agron Gjekmarkaj. <\/span><span style=\"color: #000000;\">Nd\u00ebrsa si Kryetare e Komisionit t\u00eb Arsimit u vendos Flutura A\u00e7ka. <\/span><span style=\"color: #000000;\">Vendin e Albana Vokshit si Kryetare e Komisionit t\u00eb Sh\u00ebndet\u00ebsis\u00eb e zuri Grida Duma.<\/span><\/p>\n<p><span style=\"color: #000000;\">Ndryshimet e tjera q\u00eb u propozuan kan\u00eb t\u00eb b\u00ebjn\u00eb me drejtimin e komisioneve parlamentare dhe n\u00eb Byron\u00eb e Kuvendit.<\/span><\/p>\n<p><a href=\"https:\/\/www.hashtag.al\/wp-content\/uploads\/2022\/01\/1-6-263x350-1.jpg\"><img loading=\"lazy\" decoding=\"async\" class=\"aligncenter size-full wp-image-498185\" src=\"https:\/\/www.hashtag.al\/wp-content\/uploads\/2022\/01\/1-6-263x350-1.jpg\" alt=\"\" width=\"263\" height=\"350\" srcset=\"https:\/\/www.hashtag.al\/wp-content\/uploads\/2022\/01\/1-6-263x350-1.jpg 263w, https:\/\/www.hashtag.al\/wp-content\/uploads\/2022\/01\/1-6-263x350-1-225x300.jpg 225w\" sizes=\"auto, (max-width: 263px) 100vw, 263px\" \/><\/a><a href=\"https:\/\/www.hashtag.al\/wp-content\/uploads\/2022\/01\/200ccd6e-7d86-4015-8d74-80225df89072-263x350-1.jpg\"><img loading=\"lazy\" decoding=\"async\" class=\"aligncenter size-full wp-image-498186\" src=\"https:\/\/www.hashtag.al\/wp-content\/uploads\/2022\/01\/200ccd6e-7d86-4015-8d74-80225df89072-263x350-1.jpg\" alt=\"\" width=\"263\" height=\"350\" srcset=\"https:\/\/www.hashtag.al\/wp-content\/uploads\/2022\/01\/200ccd6e-7d86-4015-8d74-80225df89072-263x350-1.jpg 263w, https:\/\/www.hashtag.al\/wp-content\/uploads\/2022\/01\/200ccd6e-7d86-4015-8d74-80225df89072-263x350-1-225x300.jpg 225w\" sizes=\"auto, (max-width: 263px) 100vw, 263px\" \/><\/a><a href=\"https:\/\/www.hashtag.al\/wp-content\/uploads\/2022\/01\/402dcecd-95ad-4524-a89d-b1e56f1de20d-263x350-1.jpg\"><img loading=\"lazy\" decoding=\"async\" class=\"aligncenter size-full wp-image-498187\" src=\"https:\/\/www.hashtag.al\/wp-content\/uploads\/2022\/01\/402dcecd-95ad-4524-a89d-b1e56f1de20d-263x350-1.jpg\" alt=\"\" width=\"263\" height=\"350\" srcset=\"https:\/\/www.hashtag.al\/wp-content\/uploads\/2022\/01\/402dcecd-95ad-4524-a89d-b1e56f1de20d-263x350-1.jpg 263w, https:\/\/www.hashtag.al\/wp-content\/uploads\/2022\/01\/402dcecd-95ad-4524-a89d-b1e56f1de20d-263x350-1-225x300.jpg 225w\" sizes=\"auto, (max-width: 263px) 100vw, 263px\" \/><\/a><a href=\"https:\/\/www.hashtag.al\/wp-content\/uploads\/2022\/01\/01252701-a0ae-4ba2-83b5-f65c45ce6574-263x350-1.jpg\"><img loading=\"lazy\" decoding=\"async\" class=\"aligncenter size-full wp-image-498188\" src=\"https:\/\/www.hashtag.al\/wp-content\/uploads\/2022\/01\/01252701-a0ae-4ba2-83b5-f65c45ce6574-263x350-1.jpg\" alt=\"\" width=\"263\" height=\"350\" srcset=\"https:\/\/www.hashtag.al\/wp-content\/uploads\/2022\/01\/01252701-a0ae-4ba2-83b5-f65c45ce6574-263x350-1.jpg 263w, https:\/\/www.hashtag.al\/wp-content\/uploads\/2022\/01\/01252701-a0ae-4ba2-83b5-f65c45ce6574-263x350-1-225x300.jpg 225w\" sizes=\"auto, (max-width: 263px) 100vw, 263px\" \/><\/a><\/p>\n","protected":false,"gt_translate_keys":[{"key":"rendered","format":"html"}]},"excerpt":{"rendered":"<p>PD i \u00ebsht\u00eb drejtuar Kuvendit me nj\u00eb shkres\u00eb zyrtare ku e ka njoftuar p\u00ebr vendimet e marra, pas mbledhjes s\u00eb organizuar nga K\u00ebshilli Komb\u00ebtar i PD-s\u00eb. \u201cPas vendimeve t\u00eb Kryesis\u00eb s\u00eb Partis\u00eb dhe k\u00ebshillit Komb\u00ebtar t\u00eb PD, n\u00eb p\u00ebrputhje me statutin dhe Rregulloren e brendshme t\u00eb Grupit Parlamentar, n\u00eb p\u00ebrputhje me nenet 15 e vijues [&hellip;]<\/p>\n","protected":false,"gt_translate_keys":[{"key":"rendered","format":"html"}]},"author":30,"featured_media":492396,"comment_status":"closed","ping_status":"closed","sticky":false,"template":"","format":"standard","meta":{"footnotes":""},"categories":[65,13],"tags":[],"class_list":["post-498184","post","type-post","status-publish","format-standard","has-post-thumbnail","hentry","category-lajme","category-te-fundit"],"gt_translate_keys":[{"key":"link","format":"url"}],"_links":{"self":[{"href":"https:\/\/www.hashtag.al\/index.php\/wp-json\/wp\/v2\/posts\/498184","targetHints":{"allow":["GET"]}}],"collection":[{"href":"https:\/\/www.hashtag.al\/index.php\/wp-json\/wp\/v2\/posts"}],"about":[{"href":"https:\/\/www.hashtag.al\/index.php\/wp-json\/wp\/v2\/types\/post"}],"author":[{"embeddable":true,"href":"https:\/\/www.hashtag.al\/index.php\/wp-json\/wp\/v2\/users\/30"}],"replies":[{"embeddable":true,"href":"https:\/\/www.hashtag.al\/index.php\/wp-json\/wp\/v2\/comments?post=498184"}],"version-history":[{"count":0,"href":"https:\/\/www.hashtag.al\/index.php\/wp-json\/wp\/v2\/posts\/498184\/revisions"}],"wp:featuredmedia":[{"embeddable":true,"href":"https:\/\/www.hashtag.al\/index.php\/wp-json\/wp\/v2\/media\/492396"}],"wp:attachment":[{"href":"https:\/\/www.hashtag.al\/index.php\/wp-json\/wp\/v2\/media?parent=498184"}],"wp:term":[{"taxonomy":"category","embeddable":true,"href":"https:\/\/www.hashtag.al\/index.php\/wp-json\/wp\/v2\/categories?post=498184"},{"taxonomy":"post_tag","embeddable":true,"href":"https:\/\/www.hashtag.al\/index.php\/wp-json\/wp\/v2\/tags?post=498184"}],"curies":[{"name":"wp","href":"https:\/\/api.w.org\/{rel}","templated":true}]}}