{"id":498168,"date":"2022-01-17T13:44:18","date_gmt":"2022-01-17T12:44:18","guid":{"rendered":"https:\/\/www.hashtag.al\/?p=498168"},"modified":"2022-01-17T13:44:18","modified_gmt":"2022-01-17T12:44:18","slug":"sheshi-kryesor-ne-lagjen-e-rindertuar-ne-lac-merr-emrin-erdogan","status":"publish","type":"post","link":"https:\/\/www.hashtag.al\/index.php\/2022\/01\/17\/sheshi-kryesor-ne-lagjen-e-rindertuar-ne-lac-merr-emrin-erdogan\/","title":{"rendered":"Sheshi kryesor n\u00eb lagjen e rind\u00ebrtuar n\u00eb La\u00e7 merr emrin \u201cErdogan\u201d","gt_translate_keys":[{"key":"rendered","format":"text"}]},"content":{"rendered":"<p><span style=\"color: #000000;\"><a href=\"https:\/\/www.hashtag.al\/wp-content\/uploads\/2022\/01\/Screenshot_92-2.jpg\"><img loading=\"lazy\" decoding=\"async\" class=\"aligncenter size-full wp-image-498169\" src=\"https:\/\/www.hashtag.al\/wp-content\/uploads\/2022\/01\/Screenshot_92-2.jpg\" alt=\"\" width=\"827\" height=\"427\" srcset=\"https:\/\/www.hashtag.al\/wp-content\/uploads\/2022\/01\/Screenshot_92-2.jpg 827w, https:\/\/www.hashtag.al\/wp-content\/uploads\/2022\/01\/Screenshot_92-2-300x155.jpg 300w, https:\/\/www.hashtag.al\/wp-content\/uploads\/2022\/01\/Screenshot_92-2-768x397.jpg 768w\" sizes=\"auto, (max-width: 827px) 100vw, 827px\" \/><\/a><\/span><\/p>\n<p><span style=\"color: #000000;\">\u201cSheshi Erdogan\u201d, k\u00ebshtu do t\u00eb quhet sheshi kryesor n\u00eb lagjen e nd\u00ebrtuar n\u00eb La\u00e7 me financimin e Turqis\u00eb.<\/span><\/p>\n<p><span style=\"color: #000000;\">Pasi kan\u00eb prer\u00eb shiritin p\u00ebr inaugurimin e lagjes s\u00eb re n\u00eb qytetin e La\u00e7it, kryeministri Edi Rama bashk\u00eb me kryeparlamentaren Lindita Nikoll\u00ebn kan\u00eb zbuluar nj\u00eb mbishkrim ku shkruhej emri i sheshit n\u00eb lagjen e re, q\u00eb em\u00ebrohet nga presidenti turk Recep Tayyip Erdogan. 522 banesat e rind\u00ebrtuar n\u00eb La\u00e7 jan\u00eb b\u00ebr\u00eb me financimet turke.<\/span><\/p>\n<p><span style=\"color: #000000;\">P\u00ebrpos k\u00ebsaj, presidenti turk Recemori edhe titullin \u201cQytetar Nderi i Kurbinit\u201d nga kryebashkiakja Majlinda Cara.<\/span><\/p>\n","protected":false,"gt_translate_keys":[{"key":"rendered","format":"html"}]},"excerpt":{"rendered":"<p>\u201cSheshi Erdogan\u201d, k\u00ebshtu do t\u00eb quhet sheshi kryesor n\u00eb lagjen e nd\u00ebrtuar n\u00eb La\u00e7 me financimin e Turqis\u00eb. Pasi kan\u00eb prer\u00eb shiritin p\u00ebr inaugurimin e lagjes s\u00eb re n\u00eb qytetin e La\u00e7it, kryeministri Edi Rama bashk\u00eb me kryeparlamentaren Lindita Nikoll\u00ebn kan\u00eb zbuluar nj\u00eb mbishkrim ku shkruhej emri i sheshit n\u00eb lagjen e re, q\u00eb em\u00ebrohet [&hellip;]<\/p>\n","protected":false,"gt_translate_keys":[{"key":"rendered","format":"html"}]},"author":30,"featured_media":498169,"comment_status":"closed","ping_status":"closed","sticky":false,"template":"","format":"standard","meta":{"footnotes":""},"categories":[65,13],"tags":[],"class_list":["post-498168","post","type-post","status-publish","format-standard","has-post-thumbnail","hentry","category-lajme","category-te-fundit"],"gt_translate_keys":[{"key":"link","format":"url"}],"_links":{"self":[{"href":"https:\/\/www.hashtag.al\/index.php\/wp-json\/wp\/v2\/posts\/498168","targetHints":{"allow":["GET"]}}],"collection":[{"href":"https:\/\/www.hashtag.al\/index.php\/wp-json\/wp\/v2\/posts"}],"about":[{"href":"https:\/\/www.hashtag.al\/index.php\/wp-json\/wp\/v2\/types\/post"}],"author":[{"embeddable":true,"href":"https:\/\/www.hashtag.al\/index.php\/wp-json\/wp\/v2\/users\/30"}],"replies":[{"embeddable":true,"href":"https:\/\/www.hashtag.al\/index.php\/wp-json\/wp\/v2\/comments?post=498168"}],"version-history":[{"count":0,"href":"https:\/\/www.hashtag.al\/index.php\/wp-json\/wp\/v2\/posts\/498168\/revisions"}],"wp:featuredmedia":[{"embeddable":true,"href":"https:\/\/www.hashtag.al\/index.php\/wp-json\/wp\/v2\/media\/498169"}],"wp:attachment":[{"href":"https:\/\/www.hashtag.al\/index.php\/wp-json\/wp\/v2\/media?parent=498168"}],"wp:term":[{"taxonomy":"category","embeddable":true,"href":"https:\/\/www.hashtag.al\/index.php\/wp-json\/wp\/v2\/categories?post=498168"},{"taxonomy":"post_tag","embeddable":true,"href":"https:\/\/www.hashtag.al\/index.php\/wp-json\/wp\/v2\/tags?post=498168"}],"curies":[{"name":"wp","href":"https:\/\/api.w.org\/{rel}","templated":true}]}}