{"id":498112,"date":"2022-01-17T11:28:40","date_gmt":"2022-01-17T10:28:40","guid":{"rendered":"https:\/\/www.hashtag.al\/?p=498112"},"modified":"2022-01-17T11:28:40","modified_gmt":"2022-01-17T10:28:40","slug":"u-shfaq-me-video-provokuese-brenda-gjykates-ild-ja-pranon-kerkesen-e-ben-marreveshje-me-gjyqtaren-enkeleida-kapedani","status":"publish","type":"post","link":"https:\/\/www.hashtag.al\/index.php\/2022\/01\/17\/u-shfaq-me-video-provokuese-brenda-gjykates-ild-ja-pranon-kerkesen-e-ben-marreveshje-me-gjyqtaren-enkeleida-kapedani\/","title":{"rendered":"U shfaq me video provokuese brenda gjykat\u00ebs, ILD-ja pranon k\u00ebrkes\u00ebn e b\u00ebn marr\u00ebveshje me gjyqtaren Enkeleida Kapedani","gt_translate_keys":[{"key":"rendered","format":"text"}]},"content":{"rendered":"<p><span style=\"color: #000000;\"><img loading=\"lazy\" decoding=\"async\" class=\"aligncenter size-full wp-image-453702\" src=\"https:\/\/www.hashtag.al\/wp-content\/uploads\/2021\/05\/Kapedani.jpeg\" alt=\"\" width=\"900\" height=\"900\" srcset=\"https:\/\/www.hashtag.al\/wp-content\/uploads\/2021\/05\/Kapedani.jpeg 900w, https:\/\/www.hashtag.al\/wp-content\/uploads\/2021\/05\/Kapedani-150x150.jpeg 150w, https:\/\/www.hashtag.al\/wp-content\/uploads\/2021\/05\/Kapedani-300x300.jpeg 300w, https:\/\/www.hashtag.al\/wp-content\/uploads\/2021\/05\/Kapedani-768x768.jpeg 768w, https:\/\/www.hashtag.al\/wp-content\/uploads\/2021\/05\/Kapedani-600x600.jpeg 600w, https:\/\/www.hashtag.al\/wp-content\/uploads\/2021\/05\/Kapedani-180x180.jpeg 180w, https:\/\/www.hashtag.al\/wp-content\/uploads\/2021\/05\/Kapedani-80x80.jpeg 80w\" sizes=\"auto, (max-width: 900px) 100vw, 900px\" \/><\/span><\/p>\n<p><span style=\"color: #000000;\">Inspektori i Lart\u00eb i Drejt\u00ebsis\u00eb Artur Metani ka pranuar k\u00ebrkes\u00ebn e gjyqtares Enkeleida Kapedani duke arritur nj\u00eb marr\u00ebveshje me t\u00eb p\u00ebr nj\u00eb mas\u00eb m\u00eb t\u00eb but\u00eb disiplinore. <\/span><\/p>\n<p><span style=\"color: #000000;\">N\u00eb njoftimin e ILD-s\u00eb jepen argumentet p\u00ebr arritjen e k\u00ebsaj marr\u00ebveshjeje pasi Kapedani e ka pranuar shkeljen disiplinore. <\/span><\/p>\n<p><span style=\"color: #000000;\">Ajo u shfaq n\u00eb disa video brenda mjediseve t\u00eb gjykat\u00ebs me l\u00ebvizje e sjellje provokuese, shoq\u00ebruar me muzik\u00eb t\u00eb pap\u00ebrshtatshme, shkruan ILD. <\/span><\/p>\n<p><span style=\"color: #000000;\">Pas marr\u00ebveshjes s\u00eb arritur, Kapedani \u00ebsht\u00eb dor\u00ebhequr nga pozicioni si zv.kryetare e gjykat\u00ebs s\u00eb Elbasanit si dhe do marr\u00eb pag\u00ebn minimale p\u00ebr gjasht\u00eb muaj.<\/span><\/p>\n<p><span style=\"color: #000000;\"><strong>Njoftimi<\/strong><\/span><\/p>\n<p><span style=\"color: #000000;\"><em>\u201cInspektori i Lart\u00eb i Drejt\u00ebsis\u00eb pranon k\u00ebrkes\u00ebn e magjistrates E.K. p\u00ebr marr\u00ebveshje duke pranuar shkeljen disiplinore.<\/em><\/span><\/p>\n<p><span style=\"color: #000000;\"><em>N\u00eb kuad\u00ebr t\u00eb hetimit shtes\u00ebdisiplinor, ILD ka pranuar k\u00ebrkes\u00ebn e magjistrates E.K. me detyr\u00eb gjyqtare pran\u00eb Gjykat\u00ebs s\u00eb Rrethit Gjyq\u00ebsor Elbasan p\u00ebr arritjen e nj\u00eb marr\u00ebveshjeje, (bazuar n\u00eb nenin135, paragraf\u00ebt 1-4 t\u00eb ligjit nr. 96\/2016), duke pranuar shkeljen disiplinore n\u00eb k\u00ebmbim t\u00eb nj\u00eb mase disiplinore m\u00eb t\u00eb but\u00eb.<\/em><\/span><\/p>\n<p><span style=\"color: #000000;\"><em>Hetimi disiplinor ndaj magjistrates E.K., i realizuar n\u00eb p\u00ebrputhje me afatin 3 ditor t\u00eb pezullimit t\u00eb magjistratit,nisi me iniciativ\u00ebn\u00eb Maj 2021 nga Inspektori i Lart\u00eb i Drejt\u00ebsis\u00ebpas publikimit gjer\u00ebsisht n\u00eb media e rrjetet sociale, t\u00eb disa videove, ku shfaqej magjistratja E.K., n\u00eb ambientet ku ushtronte detyr\u00ebn dhe brenda nj\u00eb automjeti, me l\u00ebvizje e sjellje provokuese, shoq\u00ebruar me muzik\u00eb t\u00eb pap\u00ebrshtatshme p\u00ebr imazhin e nj\u00eb magjistrati. M\u00eb 07.06.2021 KLGJ pranoi k\u00ebrkes\u00ebn e ILD p\u00ebr pezullimin e magjistrates E.K. dhe k\u00ebrkoi hetime shtes\u00eb lidhur me propozimin p\u00ebr shkarkim nga detyra p\u00ebr shkelje t\u00eb r\u00ebnd\u00eb disiplinore.<\/em><\/span><\/p>\n<p><span style=\"color: #000000;\"><em>N\u00eb kuad\u00ebr t\u00eb vijimit t\u00eb hetimit disiplinor nga ILD, magjistratja E.K. depozitoi m\u00eb 30.09.2021 pran\u00eb ILD-s\u00eb, \u201cK\u00ebrkes\u00eb p\u00ebr arritjen e marr\u00ebveshjes\u201d, duke pranuar shkeljen disiplinore n\u00eb k\u00ebmbim t\u00eb nj\u00eb mase disiplinore m\u00eb t\u00eb but\u00eb.<\/em><\/span><\/p>\n<p><span style=\"color: #000000;\"><em>ILD vendosi t\u00eb pranoj\u00eb marr\u00ebveshjen bazuar n\u00eb rrethanat e reja t\u00eb krijuara:<\/em><\/span><\/p>\n<p><span style=\"color: #000000;\"><em>Magjistratja ndryshe nga q\u00ebndrimi mohues lidhur me shkeljen disiplinore gjat\u00eb procedimit fillestar disiplinor ka marr\u00eb p\u00ebrsip\u00ebr pesh\u00ebn e p\u00ebrgjegj\u00ebsis\u00eb morale, ka k\u00ebrkuar ndjes\u00eb, si dhe ka shfaqur pendes\u00eb lidhur me aktet e kryera nga ana e saj.<\/em><\/span><\/p>\n<p><span style=\"color: #000000;\"><em>Magjistratja ka depozituar me shkrim dor\u00ebheqjen e saj nga pozicioni i Z\u00ebvend\u00ebskryetares s\u00eb Gjykat\u00ebs s\u00eb Rrethit Gjyq\u00ebsor Elbasan, si shenj\u00eb reflektimi ndaj shkeljes disiplinore t\u00eb kryer nga ana e saj.<\/em><\/span><\/p>\n<p><span style=\"color: #000000;\"><em>Gjyqtarja ka pohuar se n\u00eb \u00e7astet e para \u00ebsht\u00eb gjendur p\u00ebrball\u00eb nj\u00eb presioni shum\u00eb t\u00eb madh psikologjik, familjar, mediatik dhe institucional, t\u00eb cilat n\u00eb t\u00ebr\u00ebsin\u00eb e tyre ndikuan edhe aft\u00ebsin\u00eb e saj p\u00ebr t\u00eb p\u00ebrceptuar realitetin dhe m\u00ebnyr\u00ebn e reagimit ndaj tij.<\/em><\/span><\/p>\n<p><span style=\"color: #000000;\"><em>Magjistratja ka deklaruar se periudha e pezullimit deri m\u00eb sot i ka sh\u00ebrbyer p\u00ebr t\u00eb reflektuar thell\u00eb rreth situat\u00ebs dhe t\u00eb ndjej\u00eb nj\u00eb pesh\u00eb p\u00ebrgjegj\u00ebsie dhe p\u00ebrgjegjshm\u00ebrie p\u00ebr at\u00eb \u00e7far\u00eb ka ndodhur, duke e b\u00ebr\u00eb m\u00eb t\u00eb kujdesshme n\u00eb jet\u00ebn e saj private.<\/em><\/span><\/p>\n<p><span style=\"color: #000000;\"><em>Magjistratja ka qen\u00eb bashk\u00ebpunuesedhe nuk ka qen\u00eb penges\u00eb lidhur me vazhdimin e hetimeve, apo v\u00ebnien n\u00eb dispozicion t\u00eb ILD t\u00eb mjeteve apo informacionit t\u00eb nevojsh\u00ebm.<\/em><\/span><\/p>\n<p><span style=\"color: #000000;\"><em>M\u00eb dt.05.01.2022, ILD dhe magjistratja u dakord\u00ebsuan p\u00ebr n\u00ebnshkrimin e marr\u00ebveshjes s\u00eb p\u00ebrbashk\u00ebt t\u00eb pranimit, p\u00ebr caktimin ndaj magjistrates E.K. t\u00eb mas\u00ebs disiplinore \u201cPezullim\u201d me t\u00eb drejt\u00ebn p\u00ebr t\u00eb marr\u00eb pag\u00ebn minimale p\u00ebr nj\u00eb periudh\u00eb kohore p\u00ebr 6 muaj, parashikuar nga neni 105, pika 1, shkronja \u201cd\u201d, neni 110 i ligjit nr. 96\/2016 \u201cP\u00ebr statusin e gjyqtar\u00ebve dhe t\u00eb prokuror\u00ebve n\u00eb Republik\u00ebn e Shqip\u00ebris\u00eb\u201d i ndryshuar, p\u00ebr shkeljen disiplinore t\u00eb parashikuar nga neni 103, paragrafi 1, shkronja \u201cdh\u201d, t\u00eb ligjit nr. 96\/2016 \u201cP\u00ebr statusin e gjyqtar\u00ebve dhe t\u00eb prokuror\u00ebve n\u00eb Republik\u00ebn e Shqip\u00ebris\u00eb\u201d, t\u00eb ndryshuar, si dhe shkelje t\u00eb Kodit t\u00eb Etik\u00ebs Gjyq\u00ebsore t\u00eb miratuar nga K\u00ebshilli i Lart\u00eb Gjyq\u00ebsor me Vendimin nr. 171, dat\u00eb 22.04.202: Seksionit \u201cC\u201d \u201cParimi i integritetit\u201d, shkronja \u201ca\u201d dhe \u201cb\u201d, Seksioni \u201c\u00c7\u201d \u201cParimi i sjelljes s\u00eb hijshme dhe me vet\u00ebp\u00ebrmbajtje\u201d, pika 9, shkronja \u201cc\u201d.\u201d<\/em><\/span><\/p>\n","protected":false,"gt_translate_keys":[{"key":"rendered","format":"html"}]},"excerpt":{"rendered":"<p>Inspektori i Lart\u00eb i Drejt\u00ebsis\u00eb Artur Metani ka pranuar k\u00ebrkes\u00ebn e gjyqtares Enkeleida Kapedani duke arritur nj\u00eb marr\u00ebveshje me t\u00eb p\u00ebr nj\u00eb mas\u00eb m\u00eb t\u00eb but\u00eb disiplinore. N\u00eb njoftimin e ILD-s\u00eb jepen argumentet p\u00ebr arritjen e k\u00ebsaj marr\u00ebveshjeje pasi Kapedani e ka pranuar shkeljen disiplinore. Ajo u shfaq n\u00eb disa video brenda mjediseve t\u00eb gjykat\u00ebs [&hellip;]<\/p>\n","protected":false,"gt_translate_keys":[{"key":"rendered","format":"html"}]},"author":51,"featured_media":453702,"comment_status":"closed","ping_status":"closed","sticky":false,"template":"","format":"standard","meta":{"footnotes":""},"categories":[65,13],"tags":[],"class_list":["post-498112","post","type-post","status-publish","format-standard","has-post-thumbnail","hentry","category-lajme","category-te-fundit"],"gt_translate_keys":[{"key":"link","format":"url"}],"_links":{"self":[{"href":"https:\/\/www.hashtag.al\/index.php\/wp-json\/wp\/v2\/posts\/498112","targetHints":{"allow":["GET"]}}],"collection":[{"href":"https:\/\/www.hashtag.al\/index.php\/wp-json\/wp\/v2\/posts"}],"about":[{"href":"https:\/\/www.hashtag.al\/index.php\/wp-json\/wp\/v2\/types\/post"}],"author":[{"embeddable":true,"href":"https:\/\/www.hashtag.al\/index.php\/wp-json\/wp\/v2\/users\/51"}],"replies":[{"embeddable":true,"href":"https:\/\/www.hashtag.al\/index.php\/wp-json\/wp\/v2\/comments?post=498112"}],"version-history":[{"count":0,"href":"https:\/\/www.hashtag.al\/index.php\/wp-json\/wp\/v2\/posts\/498112\/revisions"}],"wp:featuredmedia":[{"embeddable":true,"href":"https:\/\/www.hashtag.al\/index.php\/wp-json\/wp\/v2\/media\/453702"}],"wp:attachment":[{"href":"https:\/\/www.hashtag.al\/index.php\/wp-json\/wp\/v2\/media?parent=498112"}],"wp:term":[{"taxonomy":"category","embeddable":true,"href":"https:\/\/www.hashtag.al\/index.php\/wp-json\/wp\/v2\/categories?post=498112"},{"taxonomy":"post_tag","embeddable":true,"href":"https:\/\/www.hashtag.al\/index.php\/wp-json\/wp\/v2\/tags?post=498112"}],"curies":[{"name":"wp","href":"https:\/\/api.w.org\/{rel}","templated":true}]}}