{"id":498089,"date":"2022-01-17T09:06:39","date_gmt":"2022-01-17T08:06:39","guid":{"rendered":"https:\/\/www.hashtag.al\/?p=498089"},"modified":"2022-01-17T09:06:39","modified_gmt":"2022-01-17T08:06:39","slug":"plagoset-e-reja-pas-zjarrit-ne-nje-banese-ne-korce-ne-elbasan-i-riu-bie-nga-kati-i-dyte-i-shtepise","status":"publish","type":"post","link":"https:\/\/www.hashtag.al\/index.php\/2022\/01\/17\/plagoset-e-reja-pas-zjarrit-ne-nje-banese-ne-korce-ne-elbasan-i-riu-bie-nga-kati-i-dyte-i-shtepise\/","title":{"rendered":"Plagoset e reja pas zjarrit n\u00eb nj\u00eb banes\u00eb n\u00eb Kor\u00e7\u00eb, n\u00eb Elbasan i riu bie nga kati i dyt\u00eb i sht\u00ebpis\u00eb","gt_translate_keys":[{"key":"rendered","format":"text"}]},"content":{"rendered":"<p><span style=\"color: #000000;\"><img loading=\"lazy\" decoding=\"async\" class=\"aligncenter size-full wp-image-492205\" src=\"https:\/\/www.hashtag.al\/wp-content\/uploads\/2021\/12\/flakebanese.jpeg\" alt=\"\" width=\"770\" height=\"433\" srcset=\"https:\/\/www.hashtag.al\/wp-content\/uploads\/2021\/12\/flakebanese.jpeg 770w, https:\/\/www.hashtag.al\/wp-content\/uploads\/2021\/12\/flakebanese-300x169.jpeg 300w, https:\/\/www.hashtag.al\/wp-content\/uploads\/2021\/12\/flakebanese-768x432.jpeg 768w\" sizes=\"auto, (max-width: 770px) 100vw, 770px\" \/><\/span><\/p>\n<p><span style=\"color: #000000;\">Nj\u00eb banes\u00eb \u00ebsht\u00eb p\u00ebrfshir\u00eb nga flak\u00ebt n\u00eb Kor\u00e7\u00eb. P\u00ebr pasoj\u00eb nj\u00eb vajz\u00eb q\u00eb ndodhej brenda saj ka p\u00ebsuar djegie n\u00eb trup e \u00ebsht\u00eb d\u00ebrguar n\u00eb spitalin e qytetit ku \u00ebsht\u00eb jasht\u00eb rrezikut p\u00ebr jet\u00ebn. <\/span><\/p>\n<p><span style=\"color: #000000;\">Zjarri ka r\u00ebn\u00eb n\u00eb banes\u00ebn e shtetasit me iniciale I.B. nd\u00ebrsa e l\u00ebnduar nga flak\u00ebt ka mbetur e bija, K.B.<\/span><\/p>\n<p><span style=\"color: #000000;\">N\u00eb Elbasan nj\u00eb i ri \u00ebsht\u00eb plagosur pasi ka r\u00ebn\u00eb nga kati i dyt\u00eb i banes\u00ebs. <\/span><\/p>\n<p><span style=\"color: #000000;\">Ngjarja q\u00eb dyshohet t\u00eb ket\u00eb aksidentale ka ndodhur n\u00eb fshatin Kusarth nd\u00ebrsa i plagosur ka mbetur 27-vje\u00e7ari me iniciale Xh.Gj., i cili \u00ebsht\u00eb d\u00ebrguar n\u00eb spitalin e Traum\u00ebs n\u00eb Tiran\u00eb.<\/span><\/p>\n","protected":false,"gt_translate_keys":[{"key":"rendered","format":"html"}]},"excerpt":{"rendered":"<p>Nj\u00eb banes\u00eb \u00ebsht\u00eb p\u00ebrfshir\u00eb nga flak\u00ebt n\u00eb Kor\u00e7\u00eb. P\u00ebr pasoj\u00eb nj\u00eb vajz\u00eb q\u00eb ndodhej brenda saj ka p\u00ebsuar djegie n\u00eb trup e \u00ebsht\u00eb d\u00ebrguar n\u00eb spitalin e qytetit ku \u00ebsht\u00eb jasht\u00eb rrezikut p\u00ebr jet\u00ebn. Zjarri ka r\u00ebn\u00eb n\u00eb banes\u00ebn e shtetasit me iniciale I.B. nd\u00ebrsa e l\u00ebnduar nga flak\u00ebt ka mbetur e bija, K.B. N\u00eb [&hellip;]<\/p>\n","protected":false,"gt_translate_keys":[{"key":"rendered","format":"html"}]},"author":51,"featured_media":492205,"comment_status":"closed","ping_status":"closed","sticky":false,"template":"","format":"standard","meta":{"footnotes":""},"categories":[65,13],"tags":[],"class_list":["post-498089","post","type-post","status-publish","format-standard","has-post-thumbnail","hentry","category-lajme","category-te-fundit"],"gt_translate_keys":[{"key":"link","format":"url"}],"_links":{"self":[{"href":"https:\/\/www.hashtag.al\/index.php\/wp-json\/wp\/v2\/posts\/498089","targetHints":{"allow":["GET"]}}],"collection":[{"href":"https:\/\/www.hashtag.al\/index.php\/wp-json\/wp\/v2\/posts"}],"about":[{"href":"https:\/\/www.hashtag.al\/index.php\/wp-json\/wp\/v2\/types\/post"}],"author":[{"embeddable":true,"href":"https:\/\/www.hashtag.al\/index.php\/wp-json\/wp\/v2\/users\/51"}],"replies":[{"embeddable":true,"href":"https:\/\/www.hashtag.al\/index.php\/wp-json\/wp\/v2\/comments?post=498089"}],"version-history":[{"count":0,"href":"https:\/\/www.hashtag.al\/index.php\/wp-json\/wp\/v2\/posts\/498089\/revisions"}],"wp:featuredmedia":[{"embeddable":true,"href":"https:\/\/www.hashtag.al\/index.php\/wp-json\/wp\/v2\/media\/492205"}],"wp:attachment":[{"href":"https:\/\/www.hashtag.al\/index.php\/wp-json\/wp\/v2\/media?parent=498089"}],"wp:term":[{"taxonomy":"category","embeddable":true,"href":"https:\/\/www.hashtag.al\/index.php\/wp-json\/wp\/v2\/categories?post=498089"},{"taxonomy":"post_tag","embeddable":true,"href":"https:\/\/www.hashtag.al\/index.php\/wp-json\/wp\/v2\/tags?post=498089"}],"curies":[{"name":"wp","href":"https:\/\/api.w.org\/{rel}","templated":true}]}}