{"id":497943,"date":"2022-01-16T14:38:02","date_gmt":"2022-01-16T13:38:02","guid":{"rendered":"https:\/\/www.hashtag.al\/?p=497943"},"modified":"2022-01-16T14:38:02","modified_gmt":"2022-01-16T13:38:02","slug":"gjykata-kushtetuese-shpall-vakancen-per-gjyqtar-kriteret-qe-duhet-te-plotesojne-kandidatet","status":"publish","type":"post","link":"https:\/\/www.hashtag.al\/index.php\/2022\/01\/16\/gjykata-kushtetuese-shpall-vakancen-per-gjyqtar-kriteret-qe-duhet-te-plotesojne-kandidatet\/","title":{"rendered":"Gjykata Kushtetuese shpall vakanc\u00ebn p\u00ebr gjyqtar, kriteret q\u00eb duhet t\u00eb plot\u00ebsojn\u00eb kandidat\u00ebt","gt_translate_keys":[{"key":"rendered","format":"text"}]},"content":{"rendered":"<p style=\"text-align: justify;\"><img loading=\"lazy\" decoding=\"async\" class=\"aligncenter size-full wp-image-450090\" src=\"https:\/\/www.hashtag.al\/wp-content\/uploads\/2021\/05\/gjykata-kushtetuese.jpg\" alt=\"\" width=\"1200\" height=\"675\" srcset=\"https:\/\/www.hashtag.al\/wp-content\/uploads\/2021\/05\/gjykata-kushtetuese.jpg 1200w, https:\/\/www.hashtag.al\/wp-content\/uploads\/2021\/05\/gjykata-kushtetuese-300x169.jpg 300w, https:\/\/www.hashtag.al\/wp-content\/uploads\/2021\/05\/gjykata-kushtetuese-768x432.jpg 768w, https:\/\/www.hashtag.al\/wp-content\/uploads\/2021\/05\/gjykata-kushtetuese-1024x576.jpg 1024w\" sizes=\"auto, (max-width: 1200px) 100vw, 1200px\" \/><\/p>\n<p style=\"text-align: justify;\"><span style=\"color: #000000;\">Gjykata Kushtetuese ka shpallur vakanc\u00ebn p\u00ebr nj\u00eb vend pasi Altin Binajt i mbaron mandati n\u00eb maj t\u00eb k\u00ebtij viti.<\/span><\/p>\n<p style=\"text-align: justify;\"><span style=\"color: #000000;\">Vakanca do jet\u00eb p\u00ebr nj\u00eb mandat t\u00eb plot\u00eb 9 vje\u00e7ar.<\/span><\/p>\n<p style=\"text-align: justify;\"><span style=\"color: #000000;\">N\u00eb shpallje jan\u00eb pasqyruar edhe kriteret dhe dokumentet q\u00eb duhet t\u00eb plot\u00ebsojn\u00eb kandidat\u00ebt.<\/span><\/p>\n<p style=\"text-align: justify;\"><span style=\"color: #000000;\"><strong>NJOFTIMI:<\/strong><\/span><\/p>\n<p style=\"text-align: justify;\"><span style=\"color: #000000;\">P\u00cbR HAPJEN E PROCEDUR\u00cbS S\u00cb APLIKIMIT P\u00cbR VENDIN VAKANT P\u00cbR AN\u00cbTAR T\u00cb GJYKAT\u00cbS KUSHTETUESE<\/span><\/p>\n<p style=\"text-align: justify;\"><span style=\"color: #000000;\">(Vakanc\u00eb e plot\u00eb me mandat 9-vje\u00e7ar)<\/span><\/p>\n<p style=\"text-align: justify;\"><span style=\"color: #000000;\">16 janar 2022<\/span><\/p>\n<p style=\"text-align: justify;\"><span style=\"color: #000000;\">Kuvendi i Shqip\u00ebris\u00eb, pasi u njoh me njoftimin e Kryetares s\u00eb Gjykat\u00ebs Kushtetuese, p\u00ebr mbarimin e mandatit t\u00eb gjyqtarit t\u00eb Gjykat\u00ebs Kushtetuese, z. Altin Binaj, bazuar n\u00eb nenet 125, 127, pika 1, shkronja \u201cb\u201d, 179 t\u00eb Kushtetut\u00ebs, nenet 7, pika 2, 7\/a, 7\/c, dhe 7\/dh, pika 2, t\u00eb ligjit nr. 8577, dat\u00eb 10.2.2000 \u201cP\u00ebr organizimin dhe funksionimin e Gjykat\u00ebs Kushtetuese t\u00eb Republik\u00ebs s\u00eb Shqip\u00ebris\u00eb\u201d, i ndryshuar,<\/span><\/p>\n<p style=\"text-align: justify;\"><span style=\"color: #000000;\">Shpall hapjen e procedur\u00ebs s\u00eb aplikimit p\u00ebr vendin vakant (vakanc\u00eb e plot\u00eb me mandat 9-vje\u00e7ar) p\u00ebr 1(nj\u00eb) an\u00ebtar t\u00eb Gjykat\u00ebs Kushtetuese, me q\u00ebllim plot\u00ebsimin e vakanc\u00ebs t\u00eb krijuar p\u00ebr shkak t\u00eb deklarimit t\u00eb mbarimit t\u00eb mandatit t\u00eb an\u00ebtarit z. Altin Binaj, n\u00eb dat\u00ebn 02.05.2022, shpallur me vendimin nr. 41, dat\u00eb, 22.12.2021 t\u00eb Gjykat\u00ebs Kushtetuese.<\/span><\/p>\n<p style=\"text-align: justify;\"><span style=\"color: #000000;\">Gjyqtar i Gjykat\u00ebs Kushtetuese mund t\u00eb zgjidhet shtetasi shqiptar q\u00eb p\u00ebrmbush k\u00ebto kushte:<\/span><br \/>\n<span style=\"color: #000000;\">\u2013 t\u00eb ket\u00eb zot\u00ebsi t\u00eb plot\u00eb p\u00ebr t\u00eb vepruar;<\/span><br \/>\n<span style=\"color: #000000;\">\u2013 t\u00eb ket\u00eb mbaruar arsimin e lart\u00eb juridik, Diplom\u00eb e Nivelit t\u00eb Dyt\u00eb;<\/span><br \/>\n<span style=\"color: #000000;\">\u2013 t\u00eb mos ket\u00eb ushtruar funksione politike n\u00eb administrat\u00ebn publike dhe t\u00eb mos ket\u00eb mbajtur pozicione drejtuese n\u00eb parti politike gjat\u00eb 10 viteve t\u00eb fundit nga data e kandidimit;<\/span><br \/>\n<span style=\"color: #000000;\">\u2013 t\u00eb mos jet\u00eb n\u00eb procedim penal dhe t\u00eb mos jet\u00eb d\u00ebnuar me burgim p\u00ebr kryerjen e nj\u00eb vepre penale;<\/span><br \/>\n<span style=\"color: #000000;\">\u2013 t\u00eb mos jet\u00eb larguar nga detyra p\u00ebr shkaqe disiplinore dhe t\u00eb mos ket\u00eb mas\u00eb disiplinore n\u00eb fuqi;<\/span><br \/>\n<span style=\"color: #000000;\">\u2013 t\u00eb ket\u00eb kaluar me sukses procesin e kontrollit dhe verifikimit t\u00eb pasuris\u00eb s\u00eb tij personale dhe t\u00eb familjar\u00ebve t\u00eb tij, sipas ligjit.<\/span><\/p>\n<p style=\"text-align: justify;\"><span style=\"color: #000000;\">Kandidati q\u00eb p\u00ebrmbush kushtet e parashikuara m\u00eb sip\u00ebr duhet t\u00eb plot\u00ebsoj\u00eb edhe k\u00ebto kritere:<\/span><br \/>\n<span style=\"color: #000000;\">\u2013 t\u00eb ket\u00eb p\u00ebrvoj\u00eb pune jo m\u00eb pak se 15 vjet si gjyqtar, prokuror, avokat, profesor ose lektor i s\u00eb drejt\u00ebs, jurist i nivelit t\u00eb lart\u00eb n\u00eb administrat\u00ebn publike;<\/span><\/p>\n<p style=\"text-align: justify;\"><span style=\"color: #000000;\">\u2013 t\u00eb ket\u00eb nj\u00eb veprimtari t\u00eb njohur n\u00eb fush\u00ebn e t\u00eb drejt\u00ebs kushtetuese, t\u00eb drejtave t\u00eb njeriut ose sfera t\u00eb tjera t\u00eb s\u00eb drejt\u00ebs;<\/span><br \/>\n<span style=\"color: #000000;\">\u2013 t\u00eb jet\u00eb vler\u00ebsuar p\u00ebr aft\u00ebsit\u00eb profesionale dhe integritetin etik e moral.<\/span><\/p>\n<p style=\"text-align: justify;\"><span style=\"color: #000000;\">Plot\u00ebsimi i kritereve t\u00eb m\u00ebsip\u00ebrme vler\u00ebsohet n\u00eb baz\u00eb t\u00eb:<\/span><br \/>\n<span style=\"color: #000000;\">\u2013 vjet\u00ebrsis\u00eb n\u00eb profesion;<\/span><br \/>\n<span style=\"color: #000000;\">\u2013 p\u00ebrvoj\u00ebs s\u00eb ve\u00e7ant\u00eb t\u00eb kandidatit n\u00eb nj\u00eb fush\u00eb t\u00eb caktuar t\u00eb s\u00eb drejt\u00ebs, ose k\u00ebshilltar ligjor i Gjykat\u00ebs Kushtetuese a Gjykat\u00ebs s\u00eb Lart\u00eb;<\/span><br \/>\n<span style=\"color: #000000;\">\u2013 kualifikimeve pasuniversitare dhe trajnimeve n\u00eb fush\u00ebn e t\u00eb drejt\u00ebs kushtetuese, t\u00eb drejtave t\u00eb njeriut ose n\u00eb nj\u00eb fush\u00eb tjet\u00ebr t\u00eb s\u00eb drejt\u00ebs;<\/span><br \/>\n<span style=\"color: #000000;\">\u2013 treguesve shkencor\u00eb, ku p\u00ebrfshihen botimet dhe artikujt shkencor\u00eb n\u00eb fush\u00ebn juridike;<\/span><br \/>\n<span style=\"color: #000000;\">\u2013 ecuris\u00eb gjat\u00eb kryerjes s\u00eb arsimit t\u00eb lart\u00eb juridik, me nj\u00eb mesatare notash jo m\u00eb pak se 8 ose t\u00eb barasvlershme me t\u00eb, n\u00ebse arsimi i lart\u00eb \u00ebsht\u00eb p\u00ebrfunduar jasht\u00eb vendit ose vler\u00ebsimit p\u00ebrfundimtar n\u00eb Shkoll\u00ebn e Magjistratur\u00ebs;<\/span><br \/>\n<span style=\"color: #000000;\">\u2013 informacioneve t\u00eb marra nga institucione t\u00eb tjera publike.<\/span><\/p>\n<p style=\"text-align: justify;\"><span style=\"color: #000000;\">Kandidat\u00ebt e interesuar duhet t\u00eb paraqesin dokumentacionin e m\u00ebposht\u00ebm:<\/span><br \/>\n<span style=\"color: #000000;\">\u2013 K\u00ebrkes\u00ebn p\u00ebr shprehjen e interesit p\u00ebr t\u00eb kandiduar p\u00ebr vendin vakant;<\/span><br \/>\n<span style=\"color: #000000;\">\u2013 Jet\u00ebshkrimin me t\u00eb dh\u00ebnat e plota t\u00eb kontaktit (num\u00ebr telefoni\/e-mail);<\/span><br \/>\n<span style=\"color: #000000;\">\u2013 Fotokopje t\u00eb kart\u00ebs s\u00eb identitetit;<\/span><br \/>\n<span style=\"color: #000000;\">\u2013 Dokumentacionin shoq\u00ebrues n\u00ebp\u00ebrmjet t\u00eb cilit v\u00ebrtetohet p\u00ebrmbushja e kushteve dhe kritereve t\u00eb p\u00ebrcaktuara n\u00eb nenin 7\/a t\u00eb ligjit nr. 8577, dat\u00eb 10.02.2000 \u201cP\u00ebr organizimin dhe funksionimin e Gjykat\u00ebs Kushtetuese t\u00eb Republik\u00ebs s\u00eb Shqip\u00ebris\u00eb\u201d, i ndryshuar.<\/span><br \/>\n<span style=\"color: #000000;\">\u2013 Formularin e vet\u00ebdeklarimit t\u00eb plot\u00ebsuar dhe n\u00ebnshkruar sipas p\u00ebrcaktimeve t\u00eb ligjit nr. 138\/2015 \u201cP\u00ebr garantimin e integritetit t\u00eb personave q\u00eb zgjidhen, em\u00ebrohen ose ushtrojn\u00eb funksione publike\u201d. Formulari i vet\u00ebdeklarimit gjendet bashk\u00eblidhur k\u00ebtij njoftimi.<\/span><br \/>\n<span style=\"color: #000000;\">\u2013 Formularin e aplikimit t\u00eb plot\u00ebsuar \u201cP\u00ebr informim p\u00ebrpara em\u00ebrimit\/zgjedhjes n\u00eb poste t\u00eb larta\u201d, n\u00eb p\u00ebrputhje me parashikimet ligjore t\u00eb nenit 29, t\u00eb ligjit nr. 45\/2015 \u201cP\u00ebr t\u00eb drejt\u00ebn e informimit p\u00ebr dokumentet e Ish-sigurimit t\u00eb shtetit t\u00eb Republik\u00ebs Popullore Socialiste t\u00eb Shqip\u00ebris\u00eb\u201d. Formulari gjendet bashk\u00eblidhur k\u00ebtij njoftimi.<\/span><\/p>\n<p style=\"text-align: justify;\"><span style=\"color: #000000;\">K\u00ebrkesa p\u00ebr shprehjen e interesit, e shoq\u00ebruar me dokumentacionin e m\u00ebsip\u00ebrm, duhet t\u00eb paraqitet brenda dat\u00ebs 14.02.2022 n\u00eb zyr\u00ebn e protokollit t\u00eb Kuvendit, ose me post\u00eb n\u00eb adres\u00ebn:<\/span><br \/>\n<span style=\"color: #000000;\">Kuvendi i Shqip\u00ebris\u00eb, Blv. \u201cD\u00ebshmor\u00ebt e Kombit\u201d, Nr. 4, Tiran\u00eb.<\/span><\/p>\n<p style=\"text-align: justify;\"><span style=\"color: #000000;\">Lista e kandidat\u00ebve do t\u00eb publikohet n\u00eb faqen zyrtare t\u00eb internetit t\u00eb Kuvendit t\u00eb Shqip\u00ebris\u00eb, dhe bashk\u00eb me dokumentacionin p\u00ebrkat\u00ebs p\u00ebr secilin kandidat do t\u2019i p\u00ebrcillet K\u00ebshillit t\u00eb Em\u00ebrimeve n\u00eb Drejt\u00ebsi.<\/span><\/p>\n","protected":false,"gt_translate_keys":[{"key":"rendered","format":"html"}]},"excerpt":{"rendered":"<p>Gjykata Kushtetuese ka shpallur vakanc\u00ebn p\u00ebr nj\u00eb vend pasi Altin Binajt i mbaron mandati n\u00eb maj t\u00eb k\u00ebtij viti. Vakanca do jet\u00eb p\u00ebr nj\u00eb mandat t\u00eb plot\u00eb 9 vje\u00e7ar. N\u00eb shpallje jan\u00eb pasqyruar edhe kriteret dhe dokumentet q\u00eb duhet t\u00eb plot\u00ebsojn\u00eb kandidat\u00ebt. NJOFTIMI: P\u00cbR HAPJEN E PROCEDUR\u00cbS S\u00cb APLIKIMIT P\u00cbR VENDIN VAKANT P\u00cbR AN\u00cbTAR T\u00cb [&hellip;]<\/p>\n","protected":false,"gt_translate_keys":[{"key":"rendered","format":"html"}]},"author":32,"featured_media":450090,"comment_status":"closed","ping_status":"closed","sticky":false,"template":"","format":"standard","meta":{"footnotes":""},"categories":[65,13],"tags":[],"class_list":["post-497943","post","type-post","status-publish","format-standard","has-post-thumbnail","hentry","category-lajme","category-te-fundit"],"gt_translate_keys":[{"key":"link","format":"url"}],"_links":{"self":[{"href":"https:\/\/www.hashtag.al\/index.php\/wp-json\/wp\/v2\/posts\/497943","targetHints":{"allow":["GET"]}}],"collection":[{"href":"https:\/\/www.hashtag.al\/index.php\/wp-json\/wp\/v2\/posts"}],"about":[{"href":"https:\/\/www.hashtag.al\/index.php\/wp-json\/wp\/v2\/types\/post"}],"author":[{"embeddable":true,"href":"https:\/\/www.hashtag.al\/index.php\/wp-json\/wp\/v2\/users\/32"}],"replies":[{"embeddable":true,"href":"https:\/\/www.hashtag.al\/index.php\/wp-json\/wp\/v2\/comments?post=497943"}],"version-history":[{"count":0,"href":"https:\/\/www.hashtag.al\/index.php\/wp-json\/wp\/v2\/posts\/497943\/revisions"}],"wp:featuredmedia":[{"embeddable":true,"href":"https:\/\/www.hashtag.al\/index.php\/wp-json\/wp\/v2\/media\/450090"}],"wp:attachment":[{"href":"https:\/\/www.hashtag.al\/index.php\/wp-json\/wp\/v2\/media?parent=497943"}],"wp:term":[{"taxonomy":"category","embeddable":true,"href":"https:\/\/www.hashtag.al\/index.php\/wp-json\/wp\/v2\/categories?post=497943"},{"taxonomy":"post_tag","embeddable":true,"href":"https:\/\/www.hashtag.al\/index.php\/wp-json\/wp\/v2\/tags?post=497943"}],"curies":[{"name":"wp","href":"https:\/\/api.w.org\/{rel}","templated":true}]}}