{"id":497571,"date":"2022-01-14T15:04:55","date_gmt":"2022-01-14T14:04:55","guid":{"rendered":"https:\/\/www.hashtag.al\/?p=497571"},"modified":"2022-01-14T15:07:07","modified_gmt":"2022-01-14T14:07:07","slug":"pd-nxjerr-pamje-te-tjera-vokshi-genjen-partneret-ne-krimin-e-berishes-shperndajne-perdite-mashtrime-per-te-mbuluar-dhunen","status":"publish","type":"post","link":"https:\/\/www.hashtag.al\/index.php\/2022\/01\/14\/pd-nxjerr-pamje-te-tjera-vokshi-genjen-partneret-ne-krimin-e-berishes-shperndajne-perdite-mashtrime-per-te-mbuluar-dhunen\/","title":{"rendered":"PD nxjerr pamje t\u00eb tjera: Vokshi g\u00ebnjen, partner\u00ebt n\u00eb krimin e Berish\u00ebs shp\u00ebrndajn\u00eb p\u00ebrdit\u00eb mashtrime p\u00ebr t\u00eb mbuluar dhun\u00ebn","gt_translate_keys":[{"key":"rendered","format":"text"}]},"content":{"rendered":"<p><span style=\"color: #000000;\"><a href=\"https:\/\/www.hashtag.al\/wp-content\/uploads\/2022\/01\/Vokshi-2.jpg\"><img loading=\"lazy\" decoding=\"async\" class=\"aligncenter size-full wp-image-497573\" src=\"https:\/\/www.hashtag.al\/wp-content\/uploads\/2022\/01\/Vokshi-2.jpg\" alt=\"\" width=\"2000\" height=\"1000\" srcset=\"https:\/\/www.hashtag.al\/wp-content\/uploads\/2022\/01\/Vokshi-2.jpg 2000w, https:\/\/www.hashtag.al\/wp-content\/uploads\/2022\/01\/Vokshi-2-300x150.jpg 300w, https:\/\/www.hashtag.al\/wp-content\/uploads\/2022\/01\/Vokshi-2-1024x512.jpg 1024w, https:\/\/www.hashtag.al\/wp-content\/uploads\/2022\/01\/Vokshi-2-768x384.jpg 768w, https:\/\/www.hashtag.al\/wp-content\/uploads\/2022\/01\/Vokshi-2-1536x768.jpg 1536w\" sizes=\"auto, (max-width: 2000px) 100vw, 2000px\" \/><\/a><\/span><\/p>\n<p><span style=\"color: #000000;\">Partia Demokratike ka publikuar nj\u00eb video tjet\u00ebr n\u00eb rrjetet sociale, k\u00ebt\u00eb radh\u00eb duke akuzuar si g\u00ebnjeshtare nj\u00eb nga mb\u00ebshtet\u00ebset e ish-kryeministrit Sali Berisha, zonj\u00ebn Albana Vokshi.<\/span><\/p>\n<p><span style=\"color: #000000;\">\u201cVet\u00ebm kamerat e katit t\u00eb par\u00eb kan\u00eb qen\u00eb t\u00eb hapura dhe kan\u00eb regjistruar?\u201d- \u00ebsht\u00eb pyetja q\u00eb ngre zonja Vokshi, por pas deklarat\u00ebs s\u00eb saj shfaqen pamjet e protestuesve q\u00eb i prishin apo mbulojn\u00eb kamerat e tjera t\u00eb siguris\u00eb.<\/span><\/p>\n<p><em><span style=\"color: #000000;\">\u201cPartner\u00ebt n\u00eb krimin e Sali Berish\u00ebs po p\u00ebrpiqen t\u00eb shp\u00ebrndajn\u00eb p\u00ebrdit\u00eb m\u00eb shum\u00eb g\u00ebnjeshtra dhe mashtrime p\u00ebr t\u00eb mbuluar dhun\u00ebn kund\u00ebr PD.<\/span><\/em><\/p>\n<p><em><span style=\"color: #000000;\">Pasi d\u00ebshtuan sepse demokrat\u00ebt i kan\u00eb braktisur, ata tani duan t\u00eb mbulojn\u00eb sadopak sulmin kund\u00ebr demokrat\u00ebve n\u00eb 8 janar. Albana Vokshi g\u00ebnjen: gjith\u00eb bota e pa sesi p\u00ebr t\u00eb fshehur kriminel\u00ebt para dhunimit t\u00eb PD, ata nxor\u00ebn jasht\u00eb p\u00ebrdorimit kamerat q\u00eb ishin instaluar n\u00eb ambjentet e brendshme dhe t\u00eb jashtme t\u00eb selis\u00eb.<\/span><\/em><\/p>\n<p><em><span style=\"color: #000000;\">\u00c7do demokrat e \u00e7do shqiptar pa n\u00eb 8 janar se Sali Berisha ishte gati t\u00eb sakrifikoj\u00eb dhe jet\u00ebn e tyre p\u00ebr hallin e tij. PD \u00ebsht\u00eb e demokrat\u00ebve, nuk \u00ebsht\u00eb m\u00eb e nj\u00eb njeriu \u2018non grata\u2019 p\u00ebr korrupsion. Ai \u00ebsht\u00eb tashm\u00eb vet\u00ebm nj\u00eb e shkuar e dhunshme dhe e keqe!<\/span><\/em><\/p>\n<p><span style=\"color: #000000;\"><em>NE KEMI ZGJEDHUR T\u00cb ARDHMEN\u201d<\/em>&#8211; thuhet n\u00eb postimin e PD-s\u00eb.<\/span><\/p>\n<div style=\"width: 1170px;\" class=\"wp-video\"><video class=\"wp-video-shortcode\" id=\"video-497571-1\" width=\"1170\" height=\"658\" preload=\"metadata\" controls=\"controls\"><source type=\"video\/mp4\" src=\"https:\/\/www.hashtag.al\/wp-content\/uploads\/2022\/01\/WhatsApp-Video-2022-01-14-at-2.44.43-PM.mp4?_=1\" \/><a href=\"https:\/\/www.hashtag.al\/wp-content\/uploads\/2022\/01\/WhatsApp-Video-2022-01-14-at-2.44.43-PM.mp4\">https:\/\/www.hashtag.al\/wp-content\/uploads\/2022\/01\/WhatsApp-Video-2022-01-14-at-2.44.43-PM.mp4<\/a><\/video><\/div>\n","protected":false,"gt_translate_keys":[{"key":"rendered","format":"html"}]},"excerpt":{"rendered":"<p>Partia Demokratike ka publikuar nj\u00eb video tjet\u00ebr n\u00eb rrjetet sociale, k\u00ebt\u00eb radh\u00eb duke akuzuar si g\u00ebnjeshtare nj\u00eb nga mb\u00ebshtet\u00ebset e ish-kryeministrit Sali Berisha, zonj\u00ebn Albana Vokshi. \u201cVet\u00ebm kamerat e katit t\u00eb par\u00eb kan\u00eb qen\u00eb t\u00eb hapura dhe kan\u00eb regjistruar?\u201d- \u00ebsht\u00eb pyetja q\u00eb ngre zonja Vokshi, por pas deklarat\u00ebs s\u00eb saj shfaqen pamjet e protestuesve q\u00eb [&hellip;]<\/p>\n","protected":false,"gt_translate_keys":[{"key":"rendered","format":"html"}]},"author":30,"featured_media":497573,"comment_status":"closed","ping_status":"closed","sticky":false,"template":"","format":"standard","meta":{"footnotes":""},"categories":[65,13],"tags":[],"class_list":["post-497571","post","type-post","status-publish","format-standard","has-post-thumbnail","hentry","category-lajme","category-te-fundit"],"gt_translate_keys":[{"key":"link","format":"url"}],"_links":{"self":[{"href":"https:\/\/www.hashtag.al\/index.php\/wp-json\/wp\/v2\/posts\/497571","targetHints":{"allow":["GET"]}}],"collection":[{"href":"https:\/\/www.hashtag.al\/index.php\/wp-json\/wp\/v2\/posts"}],"about":[{"href":"https:\/\/www.hashtag.al\/index.php\/wp-json\/wp\/v2\/types\/post"}],"author":[{"embeddable":true,"href":"https:\/\/www.hashtag.al\/index.php\/wp-json\/wp\/v2\/users\/30"}],"replies":[{"embeddable":true,"href":"https:\/\/www.hashtag.al\/index.php\/wp-json\/wp\/v2\/comments?post=497571"}],"version-history":[{"count":0,"href":"https:\/\/www.hashtag.al\/index.php\/wp-json\/wp\/v2\/posts\/497571\/revisions"}],"wp:featuredmedia":[{"embeddable":true,"href":"https:\/\/www.hashtag.al\/index.php\/wp-json\/wp\/v2\/media\/497573"}],"wp:attachment":[{"href":"https:\/\/www.hashtag.al\/index.php\/wp-json\/wp\/v2\/media?parent=497571"}],"wp:term":[{"taxonomy":"category","embeddable":true,"href":"https:\/\/www.hashtag.al\/index.php\/wp-json\/wp\/v2\/categories?post=497571"},{"taxonomy":"post_tag","embeddable":true,"href":"https:\/\/www.hashtag.al\/index.php\/wp-json\/wp\/v2\/tags?post=497571"}],"curies":[{"name":"wp","href":"https:\/\/api.w.org\/{rel}","templated":true}]}}