{"id":497566,"date":"2022-01-14T14:51:51","date_gmt":"2022-01-14T13:51:51","guid":{"rendered":"https:\/\/www.hashtag.al\/?p=497566"},"modified":"2022-01-14T14:53:48","modified_gmt":"2022-01-14T13:53:48","slug":"shkresa-e-metes-per-kqz-ne-kerkohen-te-dhena-per-vakancat-ne-organet-drejtuese-te-ekzekutivit-te-pushtetit-vendor","status":"publish","type":"post","link":"https:\/\/www.hashtag.al\/index.php\/2022\/01\/14\/shkresa-e-metes-per-kqz-ne-kerkohen-te-dhena-per-vakancat-ne-organet-drejtuese-te-ekzekutivit-te-pushtetit-vendor\/","title":{"rendered":"SHKRESA e Met\u00ebs p\u00ebr KQZ-n\u00eb, k\u00ebrkohen t\u00eb dh\u00ebna p\u00ebr vakancat n\u00eb organet drejtuese t\u00eb ekzekutivit t\u00eb pushtetit vendor","gt_translate_keys":[{"key":"rendered","format":"text"}]},"content":{"rendered":"<p><span style=\"color: #000000;\"><a href=\"https:\/\/www.hashtag.al\/wp-content\/uploads\/2021\/09\/metailir2.jpg\"><img loading=\"lazy\" decoding=\"async\" class=\"aligncenter size-full wp-image-473952\" src=\"https:\/\/www.hashtag.al\/wp-content\/uploads\/2021\/09\/metailir2.jpg\" alt=\"\" width=\"1280\" height=\"932\" srcset=\"https:\/\/www.hashtag.al\/wp-content\/uploads\/2021\/09\/metailir2.jpg 1280w, https:\/\/www.hashtag.al\/wp-content\/uploads\/2021\/09\/metailir2-300x218.jpg 300w, https:\/\/www.hashtag.al\/wp-content\/uploads\/2021\/09\/metailir2-768x559.jpg 768w, https:\/\/www.hashtag.al\/wp-content\/uploads\/2021\/09\/metailir2-1024x746.jpg 1024w\" sizes=\"auto, (max-width: 1280px) 100vw, 1280px\" \/><\/a><\/span><\/p>\n<p><span style=\"color: #000000;\">Presidenti i vendit Ilir Meta i \u00ebsht\u00eb drejtuar me nj\u00eb shkres\u00eb KQZ-s\u00eb, ku i k\u00ebrkon t\u00eb dh\u00ebna mbi vakancat e parakohshme n\u00eb n\u00eb organet ekzekutive t\u00eb pushtetit vendor.<\/span><\/p>\n<p><span style=\"color: #000000;\">M\u00eb posht\u00eb n\u00eb foto \u00ebsht\u00eb shkresa q\u00eb presidenti i ka drejtuar KQZ ku k\u00ebrkohet informacion mbi k\u00ebto pyetje.<\/span><\/p>\n<p><span style=\"color: #000000;\"><em>\u201cKush jan\u00eb sakt\u00ebsisht ato nj\u00ebsi t\u00eb Qeveris\u00eb Vendore (Bashki) n\u00eb t\u00eb cilat p\u00ebrgjat\u00eb k\u00ebsaj periudhe 30 qershor 2019-Janar 2022, sipas informacionit tuaj t\u00eb Kryetar\u00ebve t\u00eb Bashkive u ka p\u00ebrfunduar mandati n\u00eb m\u00ebnyr\u00eb t\u00eb parakohshme? <\/em><\/span><\/p>\n<p><span style=\"color: #000000;\"><em>Cili \u00ebsht\u00eb shkaku ligjor dhe akti p\u00ebrmes t\u00eb cilit \u00ebsht\u00eb realizuar p\u00ebrfundimi i parakohsh\u00ebm t\u00eb mandatit p\u00ebr plot\u00ebsimin e t\u00eb cilave \u00ebsht\u00eb i nevojshme organizimi i zgjedhjeve t\u00eb pjesshme p\u00ebr kryetarin e\u00a0bashkis\u00eb, n\u00eb p\u00ebrputhje me dispozitat e Kodit Zgjedhor t\u00eb Republik\u00ebs s\u00eb Shqip\u00ebris\u00eb?\u201d-<\/em> thuhet n\u00eb shkres\u00eb.<\/span><\/p>\n<p><span style=\"color: #000000;\">D\u00ebrgimi i k\u00ebsaj shkrese p\u00ebr KQZ-n\u00eb u b\u00eb me dije nga presidenti edhe m\u00eb her\u00ebt gjat\u00eb nj\u00eb Konference t\u00eb tij p\u00ebr mediet.<\/span><\/p>\n<p><a href=\"https:\/\/www.hashtag.al\/wp-content\/uploads\/2022\/01\/5dc44a65-6ccf-4534-b8e2-d1275825a7f7-263x350-1.jpg\"><img loading=\"lazy\" decoding=\"async\" class=\"aligncenter size-full wp-image-497567\" src=\"https:\/\/www.hashtag.al\/wp-content\/uploads\/2022\/01\/5dc44a65-6ccf-4534-b8e2-d1275825a7f7-263x350-1.jpg\" alt=\"\" width=\"263\" height=\"350\" srcset=\"https:\/\/www.hashtag.al\/wp-content\/uploads\/2022\/01\/5dc44a65-6ccf-4534-b8e2-d1275825a7f7-263x350-1.jpg 263w, https:\/\/www.hashtag.al\/wp-content\/uploads\/2022\/01\/5dc44a65-6ccf-4534-b8e2-d1275825a7f7-263x350-1-225x300.jpg 225w\" sizes=\"auto, (max-width: 263px) 100vw, 263px\" \/><\/a><a href=\"https:\/\/www.hashtag.al\/wp-content\/uploads\/2022\/01\/a02ff267-7362-4563-b9da-40c7b81e3cea-263x350-1.jpg\"><img loading=\"lazy\" decoding=\"async\" class=\"aligncenter size-full wp-image-497568\" src=\"https:\/\/www.hashtag.al\/wp-content\/uploads\/2022\/01\/a02ff267-7362-4563-b9da-40c7b81e3cea-263x350-1.jpg\" alt=\"\" width=\"263\" height=\"350\" srcset=\"https:\/\/www.hashtag.al\/wp-content\/uploads\/2022\/01\/a02ff267-7362-4563-b9da-40c7b81e3cea-263x350-1.jpg 263w, https:\/\/www.hashtag.al\/wp-content\/uploads\/2022\/01\/a02ff267-7362-4563-b9da-40c7b81e3cea-263x350-1-225x300.jpg 225w\" sizes=\"auto, (max-width: 263px) 100vw, 263px\" \/><\/a><\/p>\n","protected":false,"gt_translate_keys":[{"key":"rendered","format":"html"}]},"excerpt":{"rendered":"<p>Presidenti i vendit Ilir Meta i \u00ebsht\u00eb drejtuar me nj\u00eb shkres\u00eb KQZ-s\u00eb, ku i k\u00ebrkon t\u00eb dh\u00ebna mbi vakancat e parakohshme n\u00eb n\u00eb organet ekzekutive t\u00eb pushtetit vendor. M\u00eb posht\u00eb n\u00eb foto \u00ebsht\u00eb shkresa q\u00eb presidenti i ka drejtuar KQZ ku k\u00ebrkohet informacion mbi k\u00ebto pyetje. \u201cKush jan\u00eb sakt\u00ebsisht ato nj\u00ebsi t\u00eb Qeveris\u00eb Vendore (Bashki) [&hellip;]<\/p>\n","protected":false,"gt_translate_keys":[{"key":"rendered","format":"html"}]},"author":30,"featured_media":491849,"comment_status":"closed","ping_status":"closed","sticky":false,"template":"","format":"standard","meta":{"footnotes":""},"categories":[65,13],"tags":[],"class_list":["post-497566","post","type-post","status-publish","format-standard","has-post-thumbnail","hentry","category-lajme","category-te-fundit"],"gt_translate_keys":[{"key":"link","format":"url"}],"_links":{"self":[{"href":"https:\/\/www.hashtag.al\/index.php\/wp-json\/wp\/v2\/posts\/497566","targetHints":{"allow":["GET"]}}],"collection":[{"href":"https:\/\/www.hashtag.al\/index.php\/wp-json\/wp\/v2\/posts"}],"about":[{"href":"https:\/\/www.hashtag.al\/index.php\/wp-json\/wp\/v2\/types\/post"}],"author":[{"embeddable":true,"href":"https:\/\/www.hashtag.al\/index.php\/wp-json\/wp\/v2\/users\/30"}],"replies":[{"embeddable":true,"href":"https:\/\/www.hashtag.al\/index.php\/wp-json\/wp\/v2\/comments?post=497566"}],"version-history":[{"count":0,"href":"https:\/\/www.hashtag.al\/index.php\/wp-json\/wp\/v2\/posts\/497566\/revisions"}],"wp:featuredmedia":[{"embeddable":true,"href":"https:\/\/www.hashtag.al\/index.php\/wp-json\/wp\/v2\/media\/491849"}],"wp:attachment":[{"href":"https:\/\/www.hashtag.al\/index.php\/wp-json\/wp\/v2\/media?parent=497566"}],"wp:term":[{"taxonomy":"category","embeddable":true,"href":"https:\/\/www.hashtag.al\/index.php\/wp-json\/wp\/v2\/categories?post=497566"},{"taxonomy":"post_tag","embeddable":true,"href":"https:\/\/www.hashtag.al\/index.php\/wp-json\/wp\/v2\/tags?post=497566"}],"curies":[{"name":"wp","href":"https:\/\/api.w.org\/{rel}","templated":true}]}}