{"id":497520,"date":"2022-01-14T11:23:34","date_gmt":"2022-01-14T10:23:34","guid":{"rendered":"https:\/\/www.hashtag.al\/?p=497520"},"modified":"2022-01-14T11:23:34","modified_gmt":"2022-01-14T10:23:34","slug":"jam-i-hapur-per-cdo-pyetje-presidenti-meta-lajmeron-nje-konference-per-mediet","status":"publish","type":"post","link":"https:\/\/www.hashtag.al\/index.php\/2022\/01\/14\/jam-i-hapur-per-cdo-pyetje-presidenti-meta-lajmeron-nje-konference-per-mediet\/","title":{"rendered":"\u201cJam i hapur p\u00ebr \u00e7do pyetje\u201d- Presidenti Meta lajm\u00ebron nj\u00eb Konferenc\u00eb p\u00ebr Mediet","gt_translate_keys":[{"key":"rendered","format":"text"}]},"content":{"rendered":"<p><span style=\"color: #000000;\"><a href=\"https:\/\/www.hashtag.al\/wp-content\/uploads\/2021\/09\/metailir2.jpg\"><img loading=\"lazy\" decoding=\"async\" class=\"aligncenter size-full wp-image-473952\" src=\"https:\/\/www.hashtag.al\/wp-content\/uploads\/2021\/09\/metailir2.jpg\" alt=\"\" width=\"1280\" height=\"932\" srcset=\"https:\/\/www.hashtag.al\/wp-content\/uploads\/2021\/09\/metailir2.jpg 1280w, https:\/\/www.hashtag.al\/wp-content\/uploads\/2021\/09\/metailir2-300x218.jpg 300w, https:\/\/www.hashtag.al\/wp-content\/uploads\/2021\/09\/metailir2-768x559.jpg 768w, https:\/\/www.hashtag.al\/wp-content\/uploads\/2021\/09\/metailir2-1024x746.jpg 1024w\" sizes=\"auto, (max-width: 1280px) 100vw, 1280px\" \/><\/a><\/span><\/p>\n<p><span style=\"color: #000000;\">Presidenti i vendit Ilir Meta ka njoftuar mbajtjen e nj\u00eb Konference p\u00ebr Mediet mesdit\u00ebn e k\u00ebsaj t\u00eb Premteje, lidhur me zhvillimet e fundit n\u00eb vend.<\/span><\/p>\n<p><span style=\"color: #000000;\">Meta thot\u00eb se konferenca do t\u00eb nis\u00eb n\u00eb or\u00ebn 12:30 n\u00eb Presidenc\u00eb dhe se ai do t\u00eb jet\u00eb i hapur p\u00ebr \u00e7do pyetje.<\/span><\/p>\n<p><span style=\"color: #000000;\"><em>\u00a0\u201cT\u00eb dashur miq! <\/em><\/span><\/p>\n<p><span style=\"color: #000000;\"><em>Ju ftoj n\u00eb ora 12.30 t\u00eb m\u00eb ndiqni live n\u00eb konferenc\u00eb p\u00ebr mediat nga Institucioni i Presidentit t\u00eb Republik\u00ebs. <\/em><\/span><\/p>\n<p><span style=\"color: #000000;\"><em>I hapur p\u00ebr \u00e7do pyetje<\/em>!\u201d- shkruan Meta.<\/span><\/p>\n","protected":false,"gt_translate_keys":[{"key":"rendered","format":"html"}]},"excerpt":{"rendered":"<p>Presidenti i vendit Ilir Meta ka njoftuar mbajtjen e nj\u00eb Konference p\u00ebr Mediet mesdit\u00ebn e k\u00ebsaj t\u00eb Premteje, lidhur me zhvillimet e fundit n\u00eb vend. Meta thot\u00eb se konferenca do t\u00eb nis\u00eb n\u00eb or\u00ebn 12:30 n\u00eb Presidenc\u00eb dhe se ai do t\u00eb jet\u00eb i hapur p\u00ebr \u00e7do pyetje. \u00a0\u201cT\u00eb dashur miq! Ju ftoj n\u00eb ora [&hellip;]<\/p>\n","protected":false,"gt_translate_keys":[{"key":"rendered","format":"html"}]},"author":30,"featured_media":473952,"comment_status":"closed","ping_status":"closed","sticky":false,"template":"","format":"standard","meta":{"footnotes":""},"categories":[65,13],"tags":[],"class_list":["post-497520","post","type-post","status-publish","format-standard","has-post-thumbnail","hentry","category-lajme","category-te-fundit"],"gt_translate_keys":[{"key":"link","format":"url"}],"_links":{"self":[{"href":"https:\/\/www.hashtag.al\/index.php\/wp-json\/wp\/v2\/posts\/497520","targetHints":{"allow":["GET"]}}],"collection":[{"href":"https:\/\/www.hashtag.al\/index.php\/wp-json\/wp\/v2\/posts"}],"about":[{"href":"https:\/\/www.hashtag.al\/index.php\/wp-json\/wp\/v2\/types\/post"}],"author":[{"embeddable":true,"href":"https:\/\/www.hashtag.al\/index.php\/wp-json\/wp\/v2\/users\/30"}],"replies":[{"embeddable":true,"href":"https:\/\/www.hashtag.al\/index.php\/wp-json\/wp\/v2\/comments?post=497520"}],"version-history":[{"count":0,"href":"https:\/\/www.hashtag.al\/index.php\/wp-json\/wp\/v2\/posts\/497520\/revisions"}],"wp:featuredmedia":[{"embeddable":true,"href":"https:\/\/www.hashtag.al\/index.php\/wp-json\/wp\/v2\/media\/473952"}],"wp:attachment":[{"href":"https:\/\/www.hashtag.al\/index.php\/wp-json\/wp\/v2\/media?parent=497520"}],"wp:term":[{"taxonomy":"category","embeddable":true,"href":"https:\/\/www.hashtag.al\/index.php\/wp-json\/wp\/v2\/categories?post=497520"},{"taxonomy":"post_tag","embeddable":true,"href":"https:\/\/www.hashtag.al\/index.php\/wp-json\/wp\/v2\/tags?post=497520"}],"curies":[{"name":"wp","href":"https:\/\/api.w.org\/{rel}","templated":true}]}}