{"id":497360,"date":"2022-01-13T14:06:30","date_gmt":"2022-01-13T13:06:30","guid":{"rendered":"https:\/\/www.hashtag.al\/?p=497360"},"modified":"2022-01-13T14:43:36","modified_gmt":"2022-01-13T13:43:36","slug":"berisha-akuza-bashes-nxori-armet-nga-selia-mbante-afer-vrases-e-bandite-kur-mbrohej-nga-garda","status":"publish","type":"post","link":"https:\/\/www.hashtag.al\/index.php\/2022\/01\/13\/berisha-akuza-bashes-nxori-armet-nga-selia-mbante-afer-vrases-e-bandite-kur-mbrohej-nga-garda\/","title":{"rendered":"Berisha akuza Bash\u00ebs: Nxori arm\u00ebt nga selia, mbante af\u00ebr vras\u00ebs e bandit\u00eb kur mbrohej nga Garda","gt_translate_keys":[{"key":"rendered","format":"text"}]},"content":{"rendered":"<p><span style=\"color: #000000;\"><a href=\"https:\/\/www.hashtag.al\/wp-content\/uploads\/2022\/01\/ala.png\"><img loading=\"lazy\" decoding=\"async\" class=\"aligncenter size-full wp-image-497361\" src=\"https:\/\/www.hashtag.al\/wp-content\/uploads\/2022\/01\/ala.png\" alt=\"\" width=\"770\" height=\"412\" srcset=\"https:\/\/www.hashtag.al\/wp-content\/uploads\/2022\/01\/ala.png 770w, https:\/\/www.hashtag.al\/wp-content\/uploads\/2022\/01\/ala-300x161.png 300w, https:\/\/www.hashtag.al\/wp-content\/uploads\/2022\/01\/ala-768x411.png 768w\" sizes=\"auto, (max-width: 770px) 100vw, 770px\" \/><\/a><\/span><\/p>\n<p><span style=\"color: #000000;\">Ish-kryeministri Sali Berisha ka ngritur akuza t\u00eb forta ndaj kryedemokratit Lulzim Basha, pas dh\u00ebnies s\u00eb d\u00ebshmis\u00eb n\u00eb Prokurorin\u00eb e Tiran\u00ebs p\u00ebr m\u00eb shum\u00eb se dy or\u00eb.<\/span><\/p>\n<p><span style=\"color: #000000;\">N\u00eb nj\u00eb dalje p\u00ebr mediet, Berisha tha se Basha ishte i rrethuar nga nj\u00eb band\u00eb vras\u00ebsish n\u00eb protest\u00ebn e 8 Janarit dhe jo vet\u00ebm kaq, por i ka nxjerr\u00eb arm\u00ebt nga selia me makin\u00ebn e tij.<\/span><\/p>\n<p><span style=\"color: #000000;\"><em>\u201cPa diskutim q\u00eb kjo ishte nj\u00eb \u00e7\u00ebshtje pjes\u00eb e deklarat\u00ebs sime. PD do t\u00eb dor\u00ebzoj\u00eb \u00e7do informacion q\u00eb mbledh p\u00ebr k\u00ebt\u00eb grup mercenar\u00ebsh, vras\u00ebsish, trafikant\u00ebsh. Emrat konkret\u00eb i keni t\u00eb publikuar edhe n\u00eb Facebook tim, disa prej tyre. Facebook e kam publik. Besoj se momenti q\u00eb nj\u00eb seli partie q\u00ebndronte e pushtuar me bandit\u00eb, tregonte gjith\u00e7ka se \u00e7\u2019ndodh n\u00eb narkoshtet. \u00c7\u00ebshtje tjet\u00ebr q\u00eb un\u00eb shtrova me forc\u00eb, si ka mund\u00ebsi q\u00eb t\u00eb nj\u00ebjtat arm\u00eb q\u00eb p\u00ebrdorte narkopolicia e Edi Ram\u00ebs, p\u00ebrdorte dhe banda e Lulzim Brav\u00ebs? Kjo ishte nj\u00eb d\u00ebshmi tjet\u00ebr e nj\u00eb shkrirje, bashk\u00ebpunimi, t\u00eb grupit t\u00eb mercenar\u00ebve me narkobandit\u00ebt me uniform\u00eb.<\/em><\/span><\/p>\n<p><span style=\"color: #000000;\"><em>Emrat e mercenar\u00ebve, nj\u00eb pjes\u00eb i kan\u00eb ndaluar. Problemi \u00ebsht\u00eb se arm\u00ebt i nxori nga selia, thuhet Lulzim Brava me mjetin e tij, megjithat\u00eb ka d\u00ebshmi flagrante t\u00eb pranis\u00eb s\u00eb njer\u00ebzve t\u00eb armatosur n\u00eb seli. Ka foto, por jo vet\u00ebm. K\u00ebshtu q\u00eb nuk ka asnj\u00eb njeri sot q\u00eb v\u00eb n\u00eb diskutim ekzistenc\u00ebn e k\u00ebtij grupi t\u00eb gjer\u00eb mercenar\u00ebsh t\u00eb p\u00ebrb\u00ebr\u00eb nga vras\u00ebs, trafikant\u00eb, fondamentalist\u00eb, n\u00eb seli, si roje t\u00eb Lulzim Brav\u00ebs.<\/em><\/span><\/p>\n<p><span style=\"color: #000000;\"><em>Moment tjet\u00ebr q\u00eb kompromenton, q\u00eb d\u00ebshmon shkrirjen n\u00eb nj\u00eb t\u00eb krimit, t\u00eb Edi Ram\u00ebs dhe Lul Brav\u00ebs, \u00ebsht\u00eb Garda. Lulzim Brava, n\u00eb kund\u00ebrshtim me ligjet, mbrohet nga Garda, se ai \u00ebsht\u00eb i shkarkuar, nuk \u00ebsht\u00eb m\u00eb kryetar opozite. Garda nuk mundet kurr\u00eb t\u00eb q\u00ebndroj\u00eb n\u00eb mbrojtje t\u00eb nj\u00eb njeriu, q\u00eb mbante af\u00ebr vras\u00ebs e bandit\u00eb. Ata zbatojn\u00eb porosin\u00eb e partis\u00eb. Nj\u00eb oficer garde q\u00eb ruan nj\u00eb personalitet dhe konstaton se personaliteti mban p\u00ebrreth vras\u00ebs e trafikant\u00eb, \u00ebsht\u00eb i detyruar t\u2019i thot\u00eb komandantit q\u00eb nuk e mbron k\u00ebt\u00eb njeri.\u201d-<\/em> tha Berisha.<\/span><\/p>\n","protected":false,"gt_translate_keys":[{"key":"rendered","format":"html"}]},"excerpt":{"rendered":"<p>Ish-kryeministri Sali Berisha ka ngritur akuza t\u00eb forta ndaj kryedemokratit Lulzim Basha, pas dh\u00ebnies s\u00eb d\u00ebshmis\u00eb n\u00eb Prokurorin\u00eb e Tiran\u00ebs p\u00ebr m\u00eb shum\u00eb se dy or\u00eb. N\u00eb nj\u00eb dalje p\u00ebr mediet, Berisha tha se Basha ishte i rrethuar nga nj\u00eb band\u00eb vras\u00ebsish n\u00eb protest\u00ebn e 8 Janarit dhe jo vet\u00ebm kaq, por i ka nxjerr\u00eb [&hellip;]<\/p>\n","protected":false,"gt_translate_keys":[{"key":"rendered","format":"html"}]},"author":30,"featured_media":497361,"comment_status":"closed","ping_status":"closed","sticky":false,"template":"","format":"standard","meta":{"footnotes":""},"categories":[65,13],"tags":[],"class_list":["post-497360","post","type-post","status-publish","format-standard","has-post-thumbnail","hentry","category-lajme","category-te-fundit"],"gt_translate_keys":[{"key":"link","format":"url"}],"_links":{"self":[{"href":"https:\/\/www.hashtag.al\/index.php\/wp-json\/wp\/v2\/posts\/497360","targetHints":{"allow":["GET"]}}],"collection":[{"href":"https:\/\/www.hashtag.al\/index.php\/wp-json\/wp\/v2\/posts"}],"about":[{"href":"https:\/\/www.hashtag.al\/index.php\/wp-json\/wp\/v2\/types\/post"}],"author":[{"embeddable":true,"href":"https:\/\/www.hashtag.al\/index.php\/wp-json\/wp\/v2\/users\/30"}],"replies":[{"embeddable":true,"href":"https:\/\/www.hashtag.al\/index.php\/wp-json\/wp\/v2\/comments?post=497360"}],"version-history":[{"count":0,"href":"https:\/\/www.hashtag.al\/index.php\/wp-json\/wp\/v2\/posts\/497360\/revisions"}],"wp:featuredmedia":[{"embeddable":true,"href":"https:\/\/www.hashtag.al\/index.php\/wp-json\/wp\/v2\/media\/497361"}],"wp:attachment":[{"href":"https:\/\/www.hashtag.al\/index.php\/wp-json\/wp\/v2\/media?parent=497360"}],"wp:term":[{"taxonomy":"category","embeddable":true,"href":"https:\/\/www.hashtag.al\/index.php\/wp-json\/wp\/v2\/categories?post=497360"},{"taxonomy":"post_tag","embeddable":true,"href":"https:\/\/www.hashtag.al\/index.php\/wp-json\/wp\/v2\/tags?post=497360"}],"curies":[{"name":"wp","href":"https:\/\/api.w.org\/{rel}","templated":true}]}}