{"id":496928,"date":"2022-01-11T15:04:05","date_gmt":"2022-01-11T14:04:05","guid":{"rendered":"https:\/\/www.hashtag.al\/?p=496928"},"modified":"2022-01-11T15:04:05","modified_gmt":"2022-01-11T14:04:05","slug":"gledis-nano-firmos-ndryshimet-e-shefave-te-qarkullimit","status":"publish","type":"post","link":"https:\/\/www.hashtag.al\/index.php\/2022\/01\/11\/gledis-nano-firmos-ndryshimet-e-shefave-te-qarkullimit\/","title":{"rendered":"Gledis Nano firmos ndryshimet e shefave t\u00eb qarkullimit","gt_translate_keys":[{"key":"rendered","format":"text"}]},"content":{"rendered":"<p><span style=\"color: #000000;\"><a href=\"https:\/\/www.hashtag.al\/wp-content\/uploads\/2022\/01\/policia-1.jpg\"><img loading=\"lazy\" decoding=\"async\" class=\"aligncenter size-full wp-image-496929\" src=\"https:\/\/www.hashtag.al\/wp-content\/uploads\/2022\/01\/policia-1.jpg\" alt=\"\" width=\"850\" height=\"479\" srcset=\"https:\/\/www.hashtag.al\/wp-content\/uploads\/2022\/01\/policia-1.jpg 850w, https:\/\/www.hashtag.al\/wp-content\/uploads\/2022\/01\/policia-1-300x169.jpg 300w, https:\/\/www.hashtag.al\/wp-content\/uploads\/2022\/01\/policia-1-768x433.jpg 768w\" sizes=\"auto, (max-width: 850px) 100vw, 850px\" \/><\/a><\/span><\/p>\n<p><span style=\"color: #000000;\">Ndryshime n\u00eb radh\u00ebt drejtuese t\u00eb policis\u00eb. Drejtori i P\u00ebrgjithsh\u00ebm i Policis\u00eb s\u00eb Shtetit, Gledis Nano, ka firmosur nj\u00eb s\u00ebr\u00eb ndryshimesh n\u00eb sektor\u00ebt e Policis\u00eb Rrugore n\u00eb disa qarqe t\u00eb vendit.<\/span><\/p>\n<p><span style=\"color: #000000;\">Ndryshimet sipas Nanos jan\u00eb b\u00ebr\u00eb me q\u00ebllim rifreskimin dhe dh\u00ebnien e nj\u00eb impulsi t\u00eb ri n\u00eb drejtim t\u00eb marrjes s\u00eb masave p\u00ebr parandalimin e aksidenteve rrugore.<\/span><\/p>\n<p><span style=\"color: #000000;\"><strong>NDRYSHIMET N\u00cb POLICI<\/strong><\/span><\/p>\n<p><span style=\"color: #000000;\"><strong>Ali Yzeiri,<\/strong>\u00a0deri tani shef i Sektorit t\u00eb Policis\u00eb Rrugore n\u00eb DVP Berat, \u00ebsht\u00eb transferuar dhe em\u00ebruar specialist i Policis\u00eb Rrugore n\u00eb Drejtorin\u00eb e Policis\u00eb Rrugore.<\/span><\/p>\n<p><span style=\"color: #000000;\"><strong>Valentin Florini,<\/strong> deri tani specialist i Policis\u00eb Rrugore n\u00eb Drejtorin\u00eb e Policis\u00eb Rrugore, \u00ebsht\u00eb em\u00ebruar shef i Sektorit t\u00eb Policis\u00eb Rrugore n\u00eb DVP Fier.<\/span><\/p>\n<p><span style=\"color: #000000;\"><strong>Ylli Kondi,<\/strong>\u00a0deri tani shef i Sektorit t\u00eb Policis\u00eb Rrugore n\u00eb DVP Fier, \u00ebsht\u00eb transferuar shef i Sektorit t\u00eb Policis\u00eb Rrugore n\u00eb DVP Berat.<\/span><\/p>\n<p><span style=\"color: #000000;\"><strong>Janaq Zarka,<\/strong>\u00a0deri tani shef i Analiz\u00ebs dhe Informacionit Kriminal n\u00eb DVP Fier, \u00ebsht\u00eb transferuar dhe em\u00ebruar shef i Sektorit t\u00eb Policis\u00eb Rrugore n\u00eb DVP Vlor\u00eb.<\/span><\/p>\n<p><span style=\"color: #000000;\"><strong>Naun Doko,<\/strong>\u00a0deri tani shef i Sektorit t\u00eb Policis\u00eb Rrugore n\u00eb DVP Vlor\u00eb, \u00ebsht\u00eb transferuar dhe em\u00ebruar shef i Sektorit t\u00eb Policis\u00eb Rrugore n\u00eb DVP Gjirokast\u00ebr.<\/span><\/p>\n<p><span style=\"color: #000000;\"><strong>Altin Dervishaj,<\/strong> deri tani shef i Sektorit t\u00eb Policis\u00eb Rrugore n\u00eb DVP Gjirokast\u00ebr, \u00ebsht\u00eb transferuar dhe em\u00ebruar shef i Sektorit t\u00eb Policis\u00eb Rrugore n\u00eb DVP Shkod\u00ebr.<\/span><\/p>\n<p><span style=\"color: #000000;\"><strong>Valmir Nikolli<\/strong>,\u00a0deri tani shef i Sektorit t\u00eb Policis\u00eb Rrugore n\u00eb DVP Shkod\u00ebr, \u00ebsht\u00eb transferuar dhe em\u00ebruar n\u00eb Akademin\u00eb e Siguris\u00eb.<\/span><\/p>\n","protected":false,"gt_translate_keys":[{"key":"rendered","format":"html"}]},"excerpt":{"rendered":"<p>Ndryshime n\u00eb radh\u00ebt drejtuese t\u00eb policis\u00eb. Drejtori i P\u00ebrgjithsh\u00ebm i Policis\u00eb s\u00eb Shtetit, Gledis Nano, ka firmosur nj\u00eb s\u00ebr\u00eb ndryshimesh n\u00eb sektor\u00ebt e Policis\u00eb Rrugore n\u00eb disa qarqe t\u00eb vendit. Ndryshimet sipas Nanos jan\u00eb b\u00ebr\u00eb me q\u00ebllim rifreskimin dhe dh\u00ebnien e nj\u00eb impulsi t\u00eb ri n\u00eb drejtim t\u00eb marrjes s\u00eb masave p\u00ebr parandalimin e aksidenteve [&hellip;]<\/p>\n","protected":false,"gt_translate_keys":[{"key":"rendered","format":"html"}]},"author":30,"featured_media":496929,"comment_status":"closed","ping_status":"closed","sticky":false,"template":"","format":"standard","meta":{"footnotes":""},"categories":[65,13],"tags":[],"class_list":["post-496928","post","type-post","status-publish","format-standard","has-post-thumbnail","hentry","category-lajme","category-te-fundit"],"gt_translate_keys":[{"key":"link","format":"url"}],"_links":{"self":[{"href":"https:\/\/www.hashtag.al\/index.php\/wp-json\/wp\/v2\/posts\/496928","targetHints":{"allow":["GET"]}}],"collection":[{"href":"https:\/\/www.hashtag.al\/index.php\/wp-json\/wp\/v2\/posts"}],"about":[{"href":"https:\/\/www.hashtag.al\/index.php\/wp-json\/wp\/v2\/types\/post"}],"author":[{"embeddable":true,"href":"https:\/\/www.hashtag.al\/index.php\/wp-json\/wp\/v2\/users\/30"}],"replies":[{"embeddable":true,"href":"https:\/\/www.hashtag.al\/index.php\/wp-json\/wp\/v2\/comments?post=496928"}],"version-history":[{"count":0,"href":"https:\/\/www.hashtag.al\/index.php\/wp-json\/wp\/v2\/posts\/496928\/revisions"}],"wp:featuredmedia":[{"embeddable":true,"href":"https:\/\/www.hashtag.al\/index.php\/wp-json\/wp\/v2\/media\/496929"}],"wp:attachment":[{"href":"https:\/\/www.hashtag.al\/index.php\/wp-json\/wp\/v2\/media?parent=496928"}],"wp:term":[{"taxonomy":"category","embeddable":true,"href":"https:\/\/www.hashtag.al\/index.php\/wp-json\/wp\/v2\/categories?post=496928"},{"taxonomy":"post_tag","embeddable":true,"href":"https:\/\/www.hashtag.al\/index.php\/wp-json\/wp\/v2\/tags?post=496928"}],"curies":[{"name":"wp","href":"https:\/\/api.w.org\/{rel}","templated":true}]}}