{"id":496911,"date":"2022-01-11T14:19:26","date_gmt":"2022-01-11T13:19:26","guid":{"rendered":"https:\/\/www.hashtag.al\/?p=496911"},"modified":"2022-01-11T14:19:26","modified_gmt":"2022-01-11T13:19:26","slug":"rama-kritika-kryetareve-te-bashkive-financimi-i-klubeve-private-te-mbaroje-jo-leke-kot-per-futboll","status":"publish","type":"post","link":"https:\/\/www.hashtag.al\/index.php\/2022\/01\/11\/rama-kritika-kryetareve-te-bashkive-financimi-i-klubeve-private-te-mbaroje-jo-leke-kot-per-futboll\/","title":{"rendered":"Rama kritika kryetar\u00ebve t\u00eb bashkive: Financimi i klubeve private t\u00eb mbaroj\u00eb, jo lek\u00eb kot p\u00ebr futboll","gt_translate_keys":[{"key":"rendered","format":"text"}]},"content":{"rendered":"<p><span style=\"color: #000000;\"><a href=\"https:\/\/www.hashtag.al\/wp-content\/uploads\/2022\/01\/edi.jpg\"><img loading=\"lazy\" decoding=\"async\" class=\"aligncenter size-full wp-image-496912\" src=\"https:\/\/www.hashtag.al\/wp-content\/uploads\/2022\/01\/edi.jpg\" alt=\"\" width=\"938\" height=\"533\" srcset=\"https:\/\/www.hashtag.al\/wp-content\/uploads\/2022\/01\/edi.jpg 938w, https:\/\/www.hashtag.al\/wp-content\/uploads\/2022\/01\/edi-300x170.jpg 300w, https:\/\/www.hashtag.al\/wp-content\/uploads\/2022\/01\/edi-768x436.jpg 768w\" sizes=\"auto, (max-width: 938px) 100vw, 938px\" \/><\/a><\/span><\/p>\n<p><span style=\"color: #000000;\">N\u00eb mbledhjen e sotme me Komitetin Olimpik Shqiptar, kryetar\u00ebt e bashkive dhe drejtuesit e arsimit, Kryeministri Edi Rama u b\u00ebri thirrje bashkive q\u00eb t\u00eb evidentojn\u00eb hap\u00ebsirat e lira n\u00eb juridiksionin e tyre, ku mund t\u00eb ngrihen qendrat olimpike t\u00eb qyteteve, n\u00eb m\u00ebnyr\u00eb q\u00eb t\u00eb masivizohet sporti tek t\u00eb rinjt\u00eb.<\/span><\/p>\n<p><span style=\"color: #000000;\">Gjat\u00eb fjal\u00ebs s\u00eb tij hodhi akuza t\u00eb forta n\u00eb drejtim t\u00eb klubeve dhe drejtuesve, duke konsideruar absurde q\u00eb taksat e shqiptar\u00ebve t\u00eb shkojn\u00eb p\u00ebr evazion fiskal dhe huliganiz\u00ebm.<\/span><\/p>\n<p><span style=\"color: #000000;\">Qeveria shqiptare akordoi nj\u00eb fond t\u00eb posa\u00e7\u00ebm p\u00ebr zhvillimin e sportit, por nga ky bonus prej 5 milion\u00eb eurosh, nuk do t\u00eb p\u00ebrfitoj\u00eb futbolli profesionist.<\/span><\/p>\n<p><em><span style=\"color: #000000;\">\u201cMbase ju \u00ebsht\u00eb dukur si nj\u00eb ushtrim burokratik, p\u00ebrderisa dhe Bashkia e Tiran\u00ebs nuk i ka sjell\u00eb. Besoj se ky takim na jep ambicien p\u00ebr k\u00ebt\u00eb program jasht\u00ebzakonisht t\u00eb r\u00ebnd\u00ebsish\u00ebm p\u00ebr sh\u00ebndetin e f\u00ebmij\u00ebve dhe t\u00eb rinjve, kund\u00ebr atyre hijeve q\u00eb vijn\u00eb v\u00ebrdall\u00eb shkollave p\u00ebrmes ofert\u00ebs s\u00eb vesese. T\u00eb mirat e k\u00ebtij programi jan\u00eb t\u00eb panum\u00ebrta, por varen nga ne, se sa t\u00ebrheq\u00ebs do t\u00eb jet\u00eb. Un\u00eb kam qen\u00eb me nx\u00ebn\u00ebsit e shkollave t\u00eb mesme dhe k\u00ebrksa p\u00ebr tu mb\u00ebshtetur nga strukturat e pushtetit vendor dhe qeveria \u00ebsht\u00eb insistuese.<\/span><\/em><\/p>\n<p><em><span style=\"color: #000000;\">Na u takon ne t\u2019ua japim mund\u00ebsin\u00eb. Fondi \u00ebsht\u00eb i konsideruesh\u00ebm dhe organizimi duhet t\u00eb jet\u00eb dometh\u00ebn\u00ebs. Jo mblidh njer\u00ebz, jepi nj\u00eb top dhe u kry. T\u00eb krijojm\u00eb rrjetin e skuadrave, rrjetin e ekipeve sh\u00ebndet\u00ebsore, strukturat e bashkis\u00eb dhe qeveris\u00eb dhe t\u00eb b\u00ebjm\u00eb me k\u00ebt\u00eb program nj\u00eb \u201cboom\u201d p\u00ebr krijimin e nj\u00eb hap\u00ebsire sociale p\u00ebr mij\u00ebra f\u00ebmij\u00eb, t\u00eb rinj dhe t\u00eb reja. \u00cbsht\u00eb shum\u00eb fisnik si objektiv, \u00ebsht\u00eb mund\u00ebsia p\u00ebr \u00e7do bashki p\u00ebr t\u00eb rritur sip\u00ebrfaqet sportive. Do t\u2019i sugjeroja kryetar\u00ebve t\u00eb bashkive p\u00ebr t\u00eb projektuar nj\u00eb qend\u00ebr sportive n\u00eb territorin e tyre, me m\u00eb shum\u00eb se dy fusha, nj\u00eb qend\u00ebr olimpike n\u00eb modelin e qendr\u00ebs olimpike t\u00eb Kor\u00e7\u00ebs.<\/span><\/em><\/p>\n<p><em><span style=\"color: #000000;\">P\u00ebr t\u00eb pasur nj\u00eb qend\u00ebr ku mund t\u00eb materializohen momentet kulmore t\u00eb k\u00ebtij aktiviteti, por edhe ku mund t\u00eb st\u00ebrviten ekipet e bashkis\u00eb. T\u00eb fillojm\u00eb hap pas hapi. Na duhet t\u00eb krijojm\u00eb nj\u00eb qend\u00ebr olimpike q\u00eb t\u2019i jap mund\u00ebsi federatave t\u00eb p\u00ebrfshihen dhe na duhet nj\u00eb rishikim nga ju si bashki p\u00ebr qasjen p\u00ebr sportin. Jan\u00eb b\u00ebr\u00eb disa hapa detyrues ndaj bashkive, por bashkit\u00eb vazhdojn\u00eb t\u00eb hedhin kot lek\u00eb p\u00ebr futboll, kot fare. Harxhojn\u00eb lek\u00ebt e taksapaguesve p\u00ebr futboll, p\u00ebr ekipe private pa asnj\u00eb arsye n\u00eb bot\u00eb. Nuk e b\u00ebn asnj\u00eb bashki e planetit k\u00ebt\u00eb, lek\u00eb me humbje q\u00eb nuk ka asnj\u00eb vler\u00eb. Duhet krijuar nj\u00eb qasje tjet\u00ebr, jemi t\u00eb gjith\u00eb n\u00eb t\u00eb drejt\u00ebn e zotit q\u00eb t\u00eb financoni sportin jo profesionist\u00eb p\u00ebr t\u00eb rinjt\u00eb. Jo t\u00eb financoni skuadra futbolli privat, ku ju vet\u00ebm hidhni lek\u00eb dhe nuk merrni mbrapa asgj\u00eb, ve\u00e7 n\u00eb t\u00eb shumt\u00ebn e her\u00ebs turpin e sportit dhe t\u00eb bashkis\u00eb, me imazhe q\u00eb marrin rrug\u00ebt e bot\u00ebs si\u00e7 ndodh gjithmon\u00eb.<\/span><\/em><\/p>\n<p><span style=\"color: #000000;\"><em>Nuk mundet q\u00eb me taksat e taksapaguesve t\u00eb stimulohet huliganizmi, rruga\u00e7\u00ebria, pisll\u00ebku, nuk mundet. Bashkit\u00eb mund t\u00eb hyn\u00eb patjet\u00ebr n\u00eb bashk\u00ebpunim me klube futbollli, por p\u00ebr t\u00eb marr\u00eb mbrapsh investimin. \u00c7\u2019a do me th\u00ebn\u00eb kjo, jep para p\u00ebr futbollin p\u00ebr t\u00eb gj\u00ebmuar topin ca njer\u00ebz q\u00eb sjellin nga mbrapa vet\u00ebm rruga\u00e7. Kujt i duhet kjo? \u00cbsht\u00eb nj\u00eb gjynah i madh q\u00eb duhet t\u00eb mbaroj\u00eb.\u201d-<\/em> tha Rama.<\/span><\/p>\n","protected":false,"gt_translate_keys":[{"key":"rendered","format":"html"}]},"excerpt":{"rendered":"<p>N\u00eb mbledhjen e sotme me Komitetin Olimpik Shqiptar, kryetar\u00ebt e bashkive dhe drejtuesit e arsimit, Kryeministri Edi Rama u b\u00ebri thirrje bashkive q\u00eb t\u00eb evidentojn\u00eb hap\u00ebsirat e lira n\u00eb juridiksionin e tyre, ku mund t\u00eb ngrihen qendrat olimpike t\u00eb qyteteve, n\u00eb m\u00ebnyr\u00eb q\u00eb t\u00eb masivizohet sporti tek t\u00eb rinjt\u00eb. Gjat\u00eb fjal\u00ebs s\u00eb tij hodhi akuza [&hellip;]<\/p>\n","protected":false,"gt_translate_keys":[{"key":"rendered","format":"html"}]},"author":30,"featured_media":496912,"comment_status":"closed","ping_status":"closed","sticky":false,"template":"","format":"standard","meta":{"footnotes":""},"categories":[65,13],"tags":[],"class_list":["post-496911","post","type-post","status-publish","format-standard","has-post-thumbnail","hentry","category-lajme","category-te-fundit"],"gt_translate_keys":[{"key":"link","format":"url"}],"_links":{"self":[{"href":"https:\/\/www.hashtag.al\/index.php\/wp-json\/wp\/v2\/posts\/496911","targetHints":{"allow":["GET"]}}],"collection":[{"href":"https:\/\/www.hashtag.al\/index.php\/wp-json\/wp\/v2\/posts"}],"about":[{"href":"https:\/\/www.hashtag.al\/index.php\/wp-json\/wp\/v2\/types\/post"}],"author":[{"embeddable":true,"href":"https:\/\/www.hashtag.al\/index.php\/wp-json\/wp\/v2\/users\/30"}],"replies":[{"embeddable":true,"href":"https:\/\/www.hashtag.al\/index.php\/wp-json\/wp\/v2\/comments?post=496911"}],"version-history":[{"count":0,"href":"https:\/\/www.hashtag.al\/index.php\/wp-json\/wp\/v2\/posts\/496911\/revisions"}],"wp:featuredmedia":[{"embeddable":true,"href":"https:\/\/www.hashtag.al\/index.php\/wp-json\/wp\/v2\/media\/496912"}],"wp:attachment":[{"href":"https:\/\/www.hashtag.al\/index.php\/wp-json\/wp\/v2\/media?parent=496911"}],"wp:term":[{"taxonomy":"category","embeddable":true,"href":"https:\/\/www.hashtag.al\/index.php\/wp-json\/wp\/v2\/categories?post=496911"},{"taxonomy":"post_tag","embeddable":true,"href":"https:\/\/www.hashtag.al\/index.php\/wp-json\/wp\/v2\/tags?post=496911"}],"curies":[{"name":"wp","href":"https:\/\/api.w.org\/{rel}","templated":true}]}}