{"id":496838,"date":"2022-01-11T09:26:59","date_gmt":"2022-01-11T08:26:59","guid":{"rendered":"https:\/\/www.hashtag.al\/?p=496838"},"modified":"2022-01-11T09:26:59","modified_gmt":"2022-01-11T08:26:59","slug":"vokshi-nga-pd-ja-nuk-me-perjashtojne-dot-ata-qe-skane-asnje-lidhje-me-te-basha-eshte-shkarkuar-nga-44-mije-anetare","status":"publish","type":"post","link":"https:\/\/www.hashtag.al\/index.php\/2022\/01\/11\/vokshi-nga-pd-ja-nuk-me-perjashtojne-dot-ata-qe-skane-asnje-lidhje-me-te-basha-eshte-shkarkuar-nga-44-mije-anetare\/","title":{"rendered":"Vokshi: Nga PD-ja nuk m\u00eb p\u00ebrjashtojn\u00eb dot ata q\u00eb s\u2019kan\u00eb asnj\u00eb lidhje me t\u00eb, Basha \u00ebsht\u00eb shkarkuar nga 44 mij\u00eb an\u00ebtar\u00eb","gt_translate_keys":[{"key":"rendered","format":"text"}]},"content":{"rendered":"<p><span style=\"color: #000000;\"><img loading=\"lazy\" decoding=\"async\" class=\"aligncenter size-full wp-image-496839\" src=\"https:\/\/www.hashtag.al\/wp-content\/uploads\/2022\/01\/vokshi.jpg\" alt=\"\" width=\"882\" height=\"719\" srcset=\"https:\/\/www.hashtag.al\/wp-content\/uploads\/2022\/01\/vokshi.jpg 882w, https:\/\/www.hashtag.al\/wp-content\/uploads\/2022\/01\/vokshi-300x245.jpg 300w, https:\/\/www.hashtag.al\/wp-content\/uploads\/2022\/01\/vokshi-768x626.jpg 768w\" sizes=\"auto, (max-width: 882px) 100vw, 882px\" \/><\/span><\/p>\n<p><span style=\"color: #000000;\">Deputetja e PD-s\u00eb Albana Vokshi a reaguar pas shpalljes s\u00eb vendimit t\u00eb kryesis\u00eb s\u00eb partis\u00eb p\u00ebr p\u00ebrjashtimin e Sali Berish\u00ebs, t\u00eb sajin dhe t\u00eb dhjet\u00ebra deputet\u00ebve, zyrtar\u00ebve e an\u00ebtar\u00ebve t\u00eb saj. <\/span><\/p>\n<p><span style=\"color: #000000;\">Ajo shkruan se nj\u00eb grup uzurpator\u00ebsh q\u00eb PD-n\u00eb e kan\u00eb mjet pasurimi personal nuk marrin dot vendim p\u00ebr p\u00ebrjashtim. Vokshi shton m\u00eb tej se ata q\u00eb kan\u00eb marr\u00eb vendimin nuk kan\u00eb asnj\u00eb lidhje me demokrat\u00ebt e demokracin\u00eb. <\/span><\/p>\n<p><span style=\"color: #000000;\">Deputetja thekson se i vetmi organ legjitim n\u00eb PD \u00ebsht\u00eb Komisioni i Rithemelimit, i mandatuar nga Kuvedi Komb\u00ebtar i 11 dhjetorit 2021. Po k\u00ebshtu ajo shkruan se vendimi n\u00eb fjal\u00eb \u00ebsht\u00eb ratifikuar unanimisht nga 44 mij\u00eb an\u00ebtar\u00ebt e PD-s\u00eb n\u00eb referendumin e 18 dhjetorit.<\/span><\/p>\n<p><span style=\"color: #000000;\"><em>\u201cNga PD nuk m\u00eb p\u00ebrjashtojn\u00eb dot ata q\u00eb nuk kan\u00eb lidhje me PD-n\u00eb. Nga PD nuk m\u00eb p\u00ebrjashton dot nj\u00eb grup uzurpator\u00ebsh q\u00eb PD-n\u00eb e kan\u00eb mjet p\u00ebr pasurimin personal, ndaj e duan me cdo kusht. Ata nuk kan\u00eb lidhje as me demokrat\u00ebt as me demokracin\u00eb. I vetmi organ legjitim n\u00eb Partin\u00eb Demokratike, mandatuar nga Kuvendi Komb\u00ebtar i 11 dhjetor 2022, \u00ebsht\u00eb Komisioni i Rithemelimit t\u00eb PD n\u00eb t\u00eb cilin un\u00eb jam an\u00ebtare. Lulzim Basha \u00ebsht\u00eb shkarkuar me 4446 vota t\u00eb delegat\u00ebve legjitim t\u00eb Kuvendit Komb\u00ebtar t\u00eb PD, vendim ky i ratifikuar n\u00eb m\u00ebnyr\u00eb unanime nga rreth 44 mij\u00eb an\u00ebtar\u00eb t\u00eb PD n\u00eb referendumin e dt 18 dhjetor 2022. N\u00eb demokraci sovrani vendos!\u201d<\/em> &#8211; shkruan Vokshi.<\/span><\/p>\n","protected":false,"gt_translate_keys":[{"key":"rendered","format":"html"}]},"excerpt":{"rendered":"<p>Deputetja e PD-s\u00eb Albana Vokshi a reaguar pas shpalljes s\u00eb vendimit t\u00eb kryesis\u00eb s\u00eb partis\u00eb p\u00ebr p\u00ebrjashtimin e Sali Berish\u00ebs, t\u00eb sajin dhe t\u00eb dhjet\u00ebra deputet\u00ebve, zyrtar\u00ebve e an\u00ebtar\u00ebve t\u00eb saj. Ajo shkruan se nj\u00eb grup uzurpator\u00ebsh q\u00eb PD-n\u00eb e kan\u00eb mjet pasurimi personal nuk marrin dot vendim p\u00ebr p\u00ebrjashtim. Vokshi shton m\u00eb tej se [&hellip;]<\/p>\n","protected":false,"gt_translate_keys":[{"key":"rendered","format":"html"}]},"author":51,"featured_media":496839,"comment_status":"closed","ping_status":"closed","sticky":false,"template":"","format":"standard","meta":{"footnotes":""},"categories":[65,13],"tags":[],"class_list":["post-496838","post","type-post","status-publish","format-standard","has-post-thumbnail","hentry","category-lajme","category-te-fundit"],"gt_translate_keys":[{"key":"link","format":"url"}],"_links":{"self":[{"href":"https:\/\/www.hashtag.al\/index.php\/wp-json\/wp\/v2\/posts\/496838","targetHints":{"allow":["GET"]}}],"collection":[{"href":"https:\/\/www.hashtag.al\/index.php\/wp-json\/wp\/v2\/posts"}],"about":[{"href":"https:\/\/www.hashtag.al\/index.php\/wp-json\/wp\/v2\/types\/post"}],"author":[{"embeddable":true,"href":"https:\/\/www.hashtag.al\/index.php\/wp-json\/wp\/v2\/users\/51"}],"replies":[{"embeddable":true,"href":"https:\/\/www.hashtag.al\/index.php\/wp-json\/wp\/v2\/comments?post=496838"}],"version-history":[{"count":0,"href":"https:\/\/www.hashtag.al\/index.php\/wp-json\/wp\/v2\/posts\/496838\/revisions"}],"wp:featuredmedia":[{"embeddable":true,"href":"https:\/\/www.hashtag.al\/index.php\/wp-json\/wp\/v2\/media\/496839"}],"wp:attachment":[{"href":"https:\/\/www.hashtag.al\/index.php\/wp-json\/wp\/v2\/media?parent=496838"}],"wp:term":[{"taxonomy":"category","embeddable":true,"href":"https:\/\/www.hashtag.al\/index.php\/wp-json\/wp\/v2\/categories?post=496838"},{"taxonomy":"post_tag","embeddable":true,"href":"https:\/\/www.hashtag.al\/index.php\/wp-json\/wp\/v2\/tags?post=496838"}],"curies":[{"name":"wp","href":"https:\/\/api.w.org\/{rel}","templated":true}]}}