{"id":496722,"date":"2022-01-10T19:28:11","date_gmt":"2022-01-10T18:28:11","guid":{"rendered":"https:\/\/www.hashtag.al\/?p=496722"},"modified":"2022-01-10T19:28:11","modified_gmt":"2022-01-10T18:28:11","slug":"rreziku-i-konfliktit-mes-rusise-e-ukraines-eshte-i-vertete-shefi-i-nato-s","status":"publish","type":"post","link":"https:\/\/www.hashtag.al\/index.php\/2022\/01\/10\/rreziku-i-konfliktit-mes-rusise-e-ukraines-eshte-i-vertete-shefi-i-nato-s\/","title":{"rendered":"\u201cRreziku i konfliktit mes Rusis\u00eb e Ukrain\u00ebs \u00ebsht\u00eb i v\u00ebrtet\u00eb\u201d &#8211; Shefi i NATO-s","gt_translate_keys":[{"key":"rendered","format":"text"}]},"content":{"rendered":"<p><span style=\"color: #000000;\"><img loading=\"lazy\" decoding=\"async\" class=\"aligncenter size-full wp-image-496723\" src=\"https:\/\/www.hashtag.al\/wp-content\/uploads\/2022\/01\/stolten.jpg\" alt=\"\" width=\"768\" height=\"432\" srcset=\"https:\/\/www.hashtag.al\/wp-content\/uploads\/2022\/01\/stolten.jpg 768w, https:\/\/www.hashtag.al\/wp-content\/uploads\/2022\/01\/stolten-300x169.jpg 300w\" sizes=\"auto, (max-width: 768px) 100vw, 768px\" \/><\/span><\/p>\n<p><span style=\"color: #000000;\">NATO \u00ebsht\u00eb e hapur p\u00ebr t\u00eb d\u00ebgjuar shqet\u00ebsimet e Mosk\u00ebs, tha t\u00eb premten kreu i bllokut Jens Stoltenberg. Megjithat\u00eb, ai shtoi se \u00e7do l\u00ebvizje p\u00ebr t\u00eb ulur tensionet mbi Ukrain\u00ebn duhet t\u00eb jet\u00eb reciproke dhe t\u00eb mos d\u00ebmtoj\u00eb \u2018rendin e siguris\u00eb\u2019 evropiane.<\/span><\/p>\n<p><span style=\"color: #000000;\">Sekretari i P\u00ebrgjithsh\u00ebm shpjegoi qasjen e organizat\u00ebs s\u00eb tij ndaj negociatave me Mosk\u00ebn gjat\u00eb nj\u00eb konference p\u00ebr shtyp, pas nj\u00eb takimi t\u00eb jasht\u00ebzakonsh\u00ebm t\u00eb ministrave t\u00eb Jasht\u00ebm t\u00eb vendeve an\u00ebtare.<\/span><\/p>\n<p><span style=\"color: #000000;\">Stoltenberg faj\u00ebsoi drejtp\u00ebrdrejt pal\u00ebn ruse p\u00ebr p\u00ebrkeq\u00ebsimin e marr\u00ebdh\u00ebnieve dhe tensioneve rreth Ukrain\u00ebs, duke p\u00ebrs\u00ebritur pretendimet p\u00ebr nj\u00eb \u2018nd\u00ebrtim ushtarak\u2019 t\u00eb kryer nga Moska n\u00eb kufijt\u00eb e fqinj\u00ebve t\u00eb saj. Akuzat jan\u00eb hedhur posht\u00eb vazhdimisht nga Kremlini, i cili k\u00ebmb\u00ebngul se \u00e7do l\u00ebvizje e trupave brenda territorit t\u00eb tij \u00ebsht\u00eb rrept\u00ebsisht pun\u00eb e tij e brendshme.<\/span><\/p>\n<p><span style=\"color: #000000;\"><em>\u201cRreziku i konfliktit \u00ebsht\u00eb real. Veprimet agresive t\u00eb Rusis\u00eb minojn\u00eb seriozisht rendin e siguris\u00eb n\u00eb Evrop\u00eb\u201d<\/em>, k\u00ebmb\u00ebnguli Stoltenberg t\u00eb premten.<\/span><\/p>\n<p><span style=\"color: #000000;\">N\u00eb t\u00eb nj\u00ebjt\u00ebn koh\u00eb, zyrtari sinjalizoi se NATO nuk ishte \u2018e etur\u2019 p\u00ebr t\u00eb hyr\u00eb n\u00eb nj\u00eb luft\u00eb me Rusin\u00eb p\u00ebr Ukrain\u00ebn. Nd\u00ebrsa Per\u00ebndimi e ka paralajm\u00ebruar vazhdimisht Rusin\u00eb p\u00ebr \u2018pasoja\u2019 t\u00eb r\u00ebnda n\u00ebse ajo \u2018pushton\u2019 fqinjin e saj, Ukraina nuk \u00ebsht\u00eb an\u00ebtare e NATO-s dhe nj\u00eb sulm ndaj saj nuk k\u00ebrkon mbrojtjen kolektive t\u00eb bllokut, u kujtoi Stoltenberg gazetar\u00ebve n\u00eb konferenc\u00ebn p\u00ebr shtyp.<\/span><\/p>\n<p><span style=\"color: #000000;\">Duhet t\u00eb kujtojm\u00eb se Ukraina \u00ebsht\u00eb nj\u00eb partner shum\u00eb i ngusht\u00eb. Ne ofrojm\u00eb mb\u00ebshtetje p\u00ebr Ukrain\u00ebn, <em>por Ukraina nuk mbulohet nga klauzola e mbrojtjes kolektive t\u00eb NATO-s, sepse Ukraina nuk \u00ebsht\u00eb an\u00ebtare e NATO-s. \u00cbsht\u00eb partnere.\u201d<\/em><\/span><\/p>\n","protected":false,"gt_translate_keys":[{"key":"rendered","format":"html"}]},"excerpt":{"rendered":"<p>NATO \u00ebsht\u00eb e hapur p\u00ebr t\u00eb d\u00ebgjuar shqet\u00ebsimet e Mosk\u00ebs, tha t\u00eb premten kreu i bllokut Jens Stoltenberg. Megjithat\u00eb, ai shtoi se \u00e7do l\u00ebvizje p\u00ebr t\u00eb ulur tensionet mbi Ukrain\u00ebn duhet t\u00eb jet\u00eb reciproke dhe t\u00eb mos d\u00ebmtoj\u00eb \u2018rendin e siguris\u00eb\u2019 evropiane. Sekretari i P\u00ebrgjithsh\u00ebm shpjegoi qasjen e organizat\u00ebs s\u00eb tij ndaj negociatave me Mosk\u00ebn [&hellip;]<\/p>\n","protected":false,"gt_translate_keys":[{"key":"rendered","format":"html"}]},"author":51,"featured_media":496723,"comment_status":"closed","ping_status":"closed","sticky":false,"template":"","format":"standard","meta":{"footnotes":""},"categories":[6],"tags":[],"class_list":["post-496722","post","type-post","status-publish","format-standard","has-post-thumbnail","hentry","category-nderkombetare"],"gt_translate_keys":[{"key":"link","format":"url"}],"_links":{"self":[{"href":"https:\/\/www.hashtag.al\/index.php\/wp-json\/wp\/v2\/posts\/496722","targetHints":{"allow":["GET"]}}],"collection":[{"href":"https:\/\/www.hashtag.al\/index.php\/wp-json\/wp\/v2\/posts"}],"about":[{"href":"https:\/\/www.hashtag.al\/index.php\/wp-json\/wp\/v2\/types\/post"}],"author":[{"embeddable":true,"href":"https:\/\/www.hashtag.al\/index.php\/wp-json\/wp\/v2\/users\/51"}],"replies":[{"embeddable":true,"href":"https:\/\/www.hashtag.al\/index.php\/wp-json\/wp\/v2\/comments?post=496722"}],"version-history":[{"count":0,"href":"https:\/\/www.hashtag.al\/index.php\/wp-json\/wp\/v2\/posts\/496722\/revisions"}],"wp:featuredmedia":[{"embeddable":true,"href":"https:\/\/www.hashtag.al\/index.php\/wp-json\/wp\/v2\/media\/496723"}],"wp:attachment":[{"href":"https:\/\/www.hashtag.al\/index.php\/wp-json\/wp\/v2\/media?parent=496722"}],"wp:term":[{"taxonomy":"category","embeddable":true,"href":"https:\/\/www.hashtag.al\/index.php\/wp-json\/wp\/v2\/categories?post=496722"},{"taxonomy":"post_tag","embeddable":true,"href":"https:\/\/www.hashtag.al\/index.php\/wp-json\/wp\/v2\/tags?post=496722"}],"curies":[{"name":"wp","href":"https:\/\/api.w.org\/{rel}","templated":true}]}}