{"id":496421,"date":"2022-01-09T14:50:43","date_gmt":"2022-01-09T13:50:43","guid":{"rendered":"https:\/\/www.hashtag.al\/?p=496421"},"modified":"2022-01-09T14:50:43","modified_gmt":"2022-01-09T13:50:43","slug":"berisha-jane-bere-lista-naten-dhe-jane-arrestuar-e-ndaluar-demokrate-qe-skishin-kryer-asnje-akt-dhune","status":"publish","type":"post","link":"https:\/\/www.hashtag.al\/index.php\/2022\/01\/09\/berisha-jane-bere-lista-naten-dhe-jane-arrestuar-e-ndaluar-demokrate-qe-skishin-kryer-asnje-akt-dhune\/","title":{"rendered":"Berisha: Jan\u00eb b\u00ebr\u00eb lista nat\u00ebn dhe jan\u00eb arrestuar e ndaluar demokrat\u00eb q\u00eb s\u2019kishin kryer asnj\u00eb akt dhune","gt_translate_keys":[{"key":"rendered","format":"text"}]},"content":{"rendered":"<p><span style=\"color: #000000;\"><a href=\"https:\/\/www.hashtag.al\/wp-content\/uploads\/2022\/01\/sala-b.jpg\"><img loading=\"lazy\" decoding=\"async\" class=\"aligncenter size-full wp-image-496422\" src=\"https:\/\/www.hashtag.al\/wp-content\/uploads\/2022\/01\/sala-b.jpg\" alt=\"\" width=\"716\" height=\"359\" srcset=\"https:\/\/www.hashtag.al\/wp-content\/uploads\/2022\/01\/sala-b.jpg 716w, https:\/\/www.hashtag.al\/wp-content\/uploads\/2022\/01\/sala-b-300x150.jpg 300w\" sizes=\"auto, (max-width: 716px) 100vw, 716px\" \/><\/a><\/span><\/p>\n<p><span style=\"color: #000000;\">Ish-kryeministri Sali Berisha nj\u00eb dit\u00eb pas protest\u00ebs ka denoncuar se gjat\u00eb nat\u00ebs jan\u00eb b\u00ebr\u00eb lista dhe jan\u00eb arrestuar e ndaluar demokrat\u00eb, q\u00eb sipas tij, nuk kan\u00eb kryer asnj\u00eb lloj akti dhune.<\/span><\/p>\n<p><span style=\"color: #000000;\">Gjat\u00eb fjal\u00ebs s\u00eb tij, Berisha \u00ebsht\u00eb zotuar jasht\u00eb selis\u00eb s\u00eb Partis\u00eb Demokratike se asgj\u00eb nuk do ta pengoj\u00eb dhe ndaloj\u00eb n\u00eb vazhdimin e k\u00ebsaj beteje.<\/span><\/p>\n<p><span style=\"color: #000000;\"><em>\u201cErdha k\u00ebtu p\u00ebr t\u2019u zotuar se asgj\u00eb nuk mund t\u00eb pengoj\u00eb dhe ndaloj\u00eb konsolidimin e pluralizimit politik n\u00eb Shqip\u00ebri. Asgj\u00eb nuk do t\u00eb mund t\u00eb ndaloj\u00eb mbizot\u00ebrimin e vullnetit t\u00eb shumic\u00ebs n\u00eb k\u00ebt\u00eb vend. <\/em><\/span><\/p>\n<p><span style=\"color: #000000;\"><em>Asgj\u00eb nuk mund t\u00eb pengoj\u00eb k\u00ebt\u00eb revolucion paq\u00ebsor n\u00eb realizimin e objektivave historike t\u00eb tij. Gjithashtu, dua t\u00eb shpreh solidaritetin tim, mir\u00ebnjohjen e pakufishme, ndaj atyre demokrat\u00ebve e demokrateve q\u00eb u arrestuan mbr\u00ebm\u00eb me listat e dala nga ai q\u00eb shqiptar\u00ebt po i thon\u00eb \u2018jo, Lulzim, por Lulzi\u2019. <\/em><\/span><\/p>\n<p><span style=\"color: #000000;\"><em>N\u00eb nj\u00eb bashk\u00ebpunim t\u00eb ethsh\u00ebm me narkopolicin\u00eb e Edi Ram\u00ebs, mbr\u00ebm\u00eb pas p\u00ebrfundimit t\u00eb protest\u00ebs jan\u00eb formuluar lista dhe jan\u00eb arrestuar, ndaluar, demokrat\u00eb, q\u00eb nuk kishin kryer n\u00eb m\u00ebnyr\u00eb absolute asnj\u00eb lloj akti, p\u00ebr t\u00eb cilin duan t\u2019i b\u00ebjn\u00eb p\u00ebrgjegj\u00ebs. Kjo \u00ebsht\u00eb nj\u00eb histori tjet\u00ebr turpi e Lulzim Brav\u00ebs, e bashk\u00ebpunimit t\u00eb tij si nj\u00eb veg\u00ebl e Edi Ram\u00ebs. <\/em><\/span><\/p>\n<p><span style=\"color: #000000;\"><em>Gjat\u00eb k\u00ebtyre or\u00ebve un\u00eb kam marr\u00eb me dhjet\u00ebra e qindra mesazhe nga demokrat\u00ebt, t\u00eb cil\u00ebt jan\u00eb jasht\u00ebzakonisht t\u00eb inkurajuar n\u00eb vazhdimin e k\u00ebsaj beteje, t\u00eb cil\u00ebt p\u00ebrjetuan skena q\u00eb kalonin imagjinat\u00ebn e tyre.\u201d-<\/em> u shpreh Berisha.<\/span><\/p>\n","protected":false,"gt_translate_keys":[{"key":"rendered","format":"html"}]},"excerpt":{"rendered":"<p>Ish-kryeministri Sali Berisha nj\u00eb dit\u00eb pas protest\u00ebs ka denoncuar se gjat\u00eb nat\u00ebs jan\u00eb b\u00ebr\u00eb lista dhe jan\u00eb arrestuar e ndaluar demokrat\u00eb, q\u00eb sipas tij, nuk kan\u00eb kryer asnj\u00eb lloj akti dhune. Gjat\u00eb fjal\u00ebs s\u00eb tij, Berisha \u00ebsht\u00eb zotuar jasht\u00eb selis\u00eb s\u00eb Partis\u00eb Demokratike se asgj\u00eb nuk do ta pengoj\u00eb dhe ndaloj\u00eb n\u00eb vazhdimin e k\u00ebsaj [&hellip;]<\/p>\n","protected":false,"gt_translate_keys":[{"key":"rendered","format":"html"}]},"author":30,"featured_media":496422,"comment_status":"closed","ping_status":"closed","sticky":false,"template":"","format":"standard","meta":{"footnotes":""},"categories":[65,13],"tags":[],"class_list":["post-496421","post","type-post","status-publish","format-standard","has-post-thumbnail","hentry","category-lajme","category-te-fundit"],"gt_translate_keys":[{"key":"link","format":"url"}],"_links":{"self":[{"href":"https:\/\/www.hashtag.al\/index.php\/wp-json\/wp\/v2\/posts\/496421","targetHints":{"allow":["GET"]}}],"collection":[{"href":"https:\/\/www.hashtag.al\/index.php\/wp-json\/wp\/v2\/posts"}],"about":[{"href":"https:\/\/www.hashtag.al\/index.php\/wp-json\/wp\/v2\/types\/post"}],"author":[{"embeddable":true,"href":"https:\/\/www.hashtag.al\/index.php\/wp-json\/wp\/v2\/users\/30"}],"replies":[{"embeddable":true,"href":"https:\/\/www.hashtag.al\/index.php\/wp-json\/wp\/v2\/comments?post=496421"}],"version-history":[{"count":0,"href":"https:\/\/www.hashtag.al\/index.php\/wp-json\/wp\/v2\/posts\/496421\/revisions"}],"wp:featuredmedia":[{"embeddable":true,"href":"https:\/\/www.hashtag.al\/index.php\/wp-json\/wp\/v2\/media\/496422"}],"wp:attachment":[{"href":"https:\/\/www.hashtag.al\/index.php\/wp-json\/wp\/v2\/media?parent=496421"}],"wp:term":[{"taxonomy":"category","embeddable":true,"href":"https:\/\/www.hashtag.al\/index.php\/wp-json\/wp\/v2\/categories?post=496421"},{"taxonomy":"post_tag","embeddable":true,"href":"https:\/\/www.hashtag.al\/index.php\/wp-json\/wp\/v2\/tags?post=496421"}],"curies":[{"name":"wp","href":"https:\/\/api.w.org\/{rel}","templated":true}]}}