{"id":496387,"date":"2022-01-09T12:39:29","date_gmt":"2022-01-09T11:39:29","guid":{"rendered":"https:\/\/www.hashtag.al\/?p=496387"},"modified":"2022-01-09T12:41:34","modified_gmt":"2022-01-09T11:41:34","slug":"rama-vlereson-policine-e-shtetit-meriton-nje-lavderim-mbajti-te-njejtin-standard-sic-kur-mbron-qeverine","status":"publish","type":"post","link":"https:\/\/www.hashtag.al\/index.php\/2022\/01\/09\/rama-vlereson-policine-e-shtetit-meriton-nje-lavderim-mbajti-te-njejtin-standard-sic-kur-mbron-qeverine\/","title":{"rendered":"Rama vler\u00ebson Policin\u00eb e Shtetit: Meriton nj\u00eb lavd\u00ebrim, mbajti t\u00eb nj\u00ebjtin standard si\u00e7 kur mbron Qeverin\u00eb","gt_translate_keys":[{"key":"rendered","format":"text"}]},"content":{"rendered":"<p><span style=\"color: #000000;\"><a href=\"https:\/\/www.hashtag.al\/wp-content\/uploads\/2022\/01\/WhatsApp-Image-2022-01-08-at-3.36.45-PM-1.jpeg\"><img loading=\"lazy\" decoding=\"async\" class=\"aligncenter size-full wp-image-496233\" src=\"https:\/\/www.hashtag.al\/wp-content\/uploads\/2022\/01\/WhatsApp-Image-2022-01-08-at-3.36.45-PM-1.jpeg\" alt=\"\" width=\"1296\" height=\"864\" srcset=\"https:\/\/www.hashtag.al\/wp-content\/uploads\/2022\/01\/WhatsApp-Image-2022-01-08-at-3.36.45-PM-1.jpeg 1296w, https:\/\/www.hashtag.al\/wp-content\/uploads\/2022\/01\/WhatsApp-Image-2022-01-08-at-3.36.45-PM-1-300x200.jpeg 300w, https:\/\/www.hashtag.al\/wp-content\/uploads\/2022\/01\/WhatsApp-Image-2022-01-08-at-3.36.45-PM-1-1024x683.jpeg 1024w, https:\/\/www.hashtag.al\/wp-content\/uploads\/2022\/01\/WhatsApp-Image-2022-01-08-at-3.36.45-PM-1-768x512.jpeg 768w\" sizes=\"auto, (max-width: 1296px) 100vw, 1296px\" \/><\/a><\/span><\/p>\n<p><span style=\"color: #000000;\">N\u00eb nj\u00eb komunikim n\u00eb Facebook, kryeministri Edi Rama nd\u00ebrsa fliste p\u00ebr protest\u00ebn e nj\u00eb dite m\u00eb par\u00eb n\u00eb selin\u00eb blu, vler\u00ebsoi pun\u00ebn e djeshme t\u00eb Policis\u00eb s\u00eb Shtetit.<\/span><\/p>\n<p><span style=\"color: #000000;\">Rama tha se Policia kishte mbajtur t\u00eb nj\u00ebjtin standard si n\u00eb mbrojtjen e godin\u00ebs s\u00eb Qeveris\u00eb dhe i kritikoi ashp\u00ebr t\u00eb dyja pal\u00ebt n\u00eb PD q\u00eb e sulmuan at\u00eb.<\/span><\/p>\n<p><span style=\"color: #000000;\"><em>&#8220;Policia e st\u00ebrvitur p\u00ebr t\u00eb p\u00ebrballuar k\u00ebt\u00eb materie politike, k\u00ebt\u00eb lloj qasjeje dhe k\u00ebt\u00eb lloj drejtimi politik q\u00eb e p\u00ebrfshin dhun\u00ebn si mjet politik me agresionin ndaj godinave, meriton nj\u00eb fal\u00ebnderon shum\u00eb t\u00eb posa\u00e7\u00ebm. <\/em><\/span><\/p>\n<p><span style=\"color: #000000;\"><em>Mbajti t\u00eb nj\u00ebjtin standard si\u00e7 e ka krijuar n\u00eb mbrojtjen e godin\u00ebs s\u00eb Qeveris\u00eb nga ky material, kjo prurje, kjo turm\u00eb e cila dje ishte ndar\u00eb p\u00ebrgjysm\u00eb, nj\u00ebra pjesa brenda godin\u00ebs dhe tjetra jasht\u00eb. <\/em><\/span><\/p>\n<p><span style=\"color: #000000;\"><em>Sulmet e t\u00eb dyja pal\u00ebve pasi gj\u00ebrat u kthyen n\u00eb nj\u00eb far\u00eb normaliteti ndaj policis\u00eb \u00ebsht\u00eb sh\u00ebmb\u00eblltyre se t\u00eb dyja ato kufoma jan\u00eb shum\u00eb larg ides\u00eb s\u00eb shtetit, kultur\u00ebs dhe ligjit dhe ligjshm\u00ebris\u00eb sepse jan\u00eb n\u00eb fakt e nj\u00ebjta gj\u00eb, e nj\u00ebjta mbetje e ndar\u00eb p\u00ebrgjysm\u00eb. E vjetra apo e reja k\u00ebtu \u00ebsht\u00eb thjesht biologji dhe nuk \u00ebsht\u00eb absolutisht asgj\u00eb tjet\u00ebr.&#8221;-<\/em> Rama.<\/span><\/p>\n<p><iframe loading=\"lazy\" style=\"border: none; overflow: hidden;\" src=\"https:\/\/www.facebook.com\/plugins\/video.php?height=314&amp;href=https%3A%2F%2Fwww.facebook.com%2Fediramaal%2Fvideos%2F408568614381032%2F&amp;show_text=false&amp;width=560&amp;t=0\" width=\"560\" height=\"314\" frameborder=\"0\" scrolling=\"no\" allowfullscreen=\"allowfullscreen\"><\/iframe><\/p>\n","protected":false,"gt_translate_keys":[{"key":"rendered","format":"html"}]},"excerpt":{"rendered":"<p>N\u00eb nj\u00eb komunikim n\u00eb Facebook, kryeministri Edi Rama nd\u00ebrsa fliste p\u00ebr protest\u00ebn e nj\u00eb dite m\u00eb par\u00eb n\u00eb selin\u00eb blu, vler\u00ebsoi pun\u00ebn e djeshme t\u00eb Policis\u00eb s\u00eb Shtetit. Rama tha se Policia kishte mbajtur t\u00eb nj\u00ebjtin standard si n\u00eb mbrojtjen e godin\u00ebs s\u00eb Qeveris\u00eb dhe i kritikoi ashp\u00ebr t\u00eb dyja pal\u00ebt n\u00eb PD q\u00eb e [&hellip;]<\/p>\n","protected":false,"gt_translate_keys":[{"key":"rendered","format":"html"}]},"author":30,"featured_media":496233,"comment_status":"closed","ping_status":"closed","sticky":false,"template":"","format":"standard","meta":{"footnotes":""},"categories":[65,13],"tags":[],"class_list":["post-496387","post","type-post","status-publish","format-standard","has-post-thumbnail","hentry","category-lajme","category-te-fundit"],"gt_translate_keys":[{"key":"link","format":"url"}],"_links":{"self":[{"href":"https:\/\/www.hashtag.al\/index.php\/wp-json\/wp\/v2\/posts\/496387","targetHints":{"allow":["GET"]}}],"collection":[{"href":"https:\/\/www.hashtag.al\/index.php\/wp-json\/wp\/v2\/posts"}],"about":[{"href":"https:\/\/www.hashtag.al\/index.php\/wp-json\/wp\/v2\/types\/post"}],"author":[{"embeddable":true,"href":"https:\/\/www.hashtag.al\/index.php\/wp-json\/wp\/v2\/users\/30"}],"replies":[{"embeddable":true,"href":"https:\/\/www.hashtag.al\/index.php\/wp-json\/wp\/v2\/comments?post=496387"}],"version-history":[{"count":0,"href":"https:\/\/www.hashtag.al\/index.php\/wp-json\/wp\/v2\/posts\/496387\/revisions"}],"wp:featuredmedia":[{"embeddable":true,"href":"https:\/\/www.hashtag.al\/index.php\/wp-json\/wp\/v2\/media\/496233"}],"wp:attachment":[{"href":"https:\/\/www.hashtag.al\/index.php\/wp-json\/wp\/v2\/media?parent=496387"}],"wp:term":[{"taxonomy":"category","embeddable":true,"href":"https:\/\/www.hashtag.al\/index.php\/wp-json\/wp\/v2\/categories?post=496387"},{"taxonomy":"post_tag","embeddable":true,"href":"https:\/\/www.hashtag.al\/index.php\/wp-json\/wp\/v2\/tags?post=496387"}],"curies":[{"name":"wp","href":"https:\/\/api.w.org\/{rel}","templated":true}]}}