{"id":496312,"date":"2022-01-08T20:50:35","date_gmt":"2022-01-08T19:50:35","guid":{"rendered":"https:\/\/www.hashtag.al\/?p=496312"},"modified":"2022-01-08T20:50:35","modified_gmt":"2022-01-08T19:50:35","slug":"alizoti-sot-vdiq-partia-berisha-dhe-basha-pjese-e-problemit","status":"publish","type":"post","link":"https:\/\/www.hashtag.al\/index.php\/2022\/01\/08\/alizoti-sot-vdiq-partia-berisha-dhe-basha-pjese-e-problemit\/","title":{"rendered":"Alizoti: Sot vdiq partia, Berisha dhe Basha pjes\u00eb e problemit","gt_translate_keys":[{"key":"rendered","format":"text"}]},"content":{"rendered":"<p><span style=\"color: #000000;\"><img loading=\"lazy\" decoding=\"async\" class=\"aligncenter size-full wp-image-477141\" src=\"https:\/\/www.hashtag.al\/wp-content\/uploads\/2021\/10\/Tomorr-Alizoti.jpg\" alt=\"\" width=\"760\" height=\"378\" srcset=\"https:\/\/www.hashtag.al\/wp-content\/uploads\/2021\/10\/Tomorr-Alizoti.jpg 760w, https:\/\/www.hashtag.al\/wp-content\/uploads\/2021\/10\/Tomorr-Alizoti-300x149.jpg 300w\" sizes=\"auto, (max-width: 760px) 100vw, 760px\" \/><\/span><\/p>\n<p><span style=\"color: #000000;\">Deputeti i PD-s\u00eb Tomor Alizoti komentoi n\u00eb ABC News protest\u00ebn e sotme n\u00eb selin\u00eb blu.<\/span><\/p>\n<p><span style=\"color: #000000;\">Alizoti tha se sot me hyrjen e policis\u00eb vdiq politikisht partia dhe tashm\u00eb kryetarit nuk i duhet m\u00eb as godina e as vula.<\/span><\/p>\n<p><span style=\"color: #000000;\">Ai tha se PD-ja sot nuk ka t\u00eb ardhme me k\u00ebto figura duke e p\u00ebrcaktuar Berish\u00ebn dhe Bash\u00ebs si pjes\u00eb t\u00eb problemit.<\/span><\/p>\n<p><span style=\"color: #000000;\">Alizoti gjithashtu tha se Basha nuk ka fituar asnj\u00eb gare dhe sot nuk mund t\u00eb p\u00ebrdorej gaz ndaj vart\u00ebsve t\u00eb tij.<\/span><\/p>\n<p><span style=\"color: #000000;\">\u201c<em>PD sot \u00ebsht\u00eb n\u00eb nj\u00eb kriz\u00eb t\u00eb tmerrshme morale. \u00c7do demokrat q\u00eb e ka par\u00eb at\u00eb sken\u00eb sot, \u00ebsht\u00eb q\u00eb pas 30 vitesh shikoj policin\u00eb n\u00eb PD. Partia jon\u00eb ka th\u00ebn\u00eb se kjo \u00ebsht\u00eb policia e krimit. P\u00ebr mua prezenca e policis\u00eb n\u00eb nj\u00eb parti t\u00eb djatht\u00eb, do t\u00eb thot\u00eb se partia ka \u201cvdekur politikisht\u201d. P\u00ebr \u00e7far\u00eb i duhet kryetarit aktual vula dhe godina?<\/em><\/span><\/p>\n<p><span style=\"color: #000000;\"><em>P\u00ebr \u00e7far\u00eb duhet beteja m\u00eb? Nuk mund t\u00eb p\u00ebrdorej gaz ndaj vart\u00ebsve t\u00eb vet. Kjo parti nuk ka prodhuar asnj\u00eb mendim dhe koncept dhe zot\u00ebria q\u00eb \u00ebsht\u00eb aktual n\u00eb PD nuk ka fituar asnj\u00eb gar\u00eb. Ku ka t\u00eb ardhme PD-ja me k\u00ebto figura. PD sot \u00ebsht\u00eb n\u00eb trishtimin m\u00eb t\u00eb madh. Opinioni q\u00eb sot pa k\u00ebto pamje \u00ebsht\u00eb shokuar.<\/em><\/span><\/p>\n<p><span style=\"color: #000000;\"><em>Kriza zgjidhet me negociata dhe jo, \u201cdo rri un\u00eb dhe vdiqa\u201d. Nj\u00eb nga themeluesit e k\u00ebsaj krize \u00ebsht\u00eb edhe Berisha, k\u00ebta jan\u00eb t\u00eb dy bashk\u00ebfajtor\u00eb, por asnj\u00eb nuk l\u00ebshoi pe. T\u00eb dy do t\u00eb luftojn\u00eb t\u00eb marrin sa m\u00eb shum\u00eb demokrat\u00eb. Shikoj zot\u00ebrin\u00eb aktual q\u00eb nuk e quaj as kryetar, \u00ebsht\u00eb jasht\u00eb \u00e7do lloj sfere, jasht\u00eb \u00e7do koncepti politik.<\/em><\/span><\/p>\n<p><span style=\"color: #000000;\"><em>Roja i selis\u00eb iku q\u00eb t\u00eb mos p\u00ebrfshihej n\u00eb k\u00ebt\u00eb turp. PD ka nevoj\u00eb p\u00ebr dinjitet dhe alternativ\u00eb. Berisha q\u00eb kam dashur dhe dua duhet t\u00eb kontribuoj\u00eb p\u00ebr demokratizimin. Bash\u00ebn nuk e kuptoj \u00e7far\u00eb vazhdon dhe b\u00ebn m\u00eb aty.<\/em><\/span><\/p>\n<p><span style=\"color: #000000;\"><em>Berisha dhe Basha jan\u00eb pjes\u00eb e problemit, duhet t\u00eb zgjidhin kriz\u00ebn urgjentisht.\u00a0Ky akt e fundosi Bash\u00ebn sot p\u00ebrfundimisht n\u00eb syt\u00eb e mi<\/em>\u201d-deklaroi Alizoti.<\/span><\/p>\n<p>&nbsp;<\/p>\n","protected":false,"gt_translate_keys":[{"key":"rendered","format":"html"}]},"excerpt":{"rendered":"<p>Deputeti i PD-s\u00eb Tomor Alizoti komentoi n\u00eb ABC News protest\u00ebn e sotme n\u00eb selin\u00eb blu. Alizoti tha se sot me hyrjen e policis\u00eb vdiq politikisht partia dhe tashm\u00eb kryetarit nuk i duhet m\u00eb as godina e as vula. Ai tha se PD-ja sot nuk ka t\u00eb ardhme me k\u00ebto figura duke e p\u00ebrcaktuar Berish\u00ebn dhe [&hellip;]<\/p>\n","protected":false,"gt_translate_keys":[{"key":"rendered","format":"html"}]},"author":32,"featured_media":477141,"comment_status":"closed","ping_status":"closed","sticky":false,"template":"","format":"standard","meta":{"footnotes":""},"categories":[65,13],"tags":[],"class_list":["post-496312","post","type-post","status-publish","format-standard","has-post-thumbnail","hentry","category-lajme","category-te-fundit"],"gt_translate_keys":[{"key":"link","format":"url"}],"_links":{"self":[{"href":"https:\/\/www.hashtag.al\/index.php\/wp-json\/wp\/v2\/posts\/496312","targetHints":{"allow":["GET"]}}],"collection":[{"href":"https:\/\/www.hashtag.al\/index.php\/wp-json\/wp\/v2\/posts"}],"about":[{"href":"https:\/\/www.hashtag.al\/index.php\/wp-json\/wp\/v2\/types\/post"}],"author":[{"embeddable":true,"href":"https:\/\/www.hashtag.al\/index.php\/wp-json\/wp\/v2\/users\/32"}],"replies":[{"embeddable":true,"href":"https:\/\/www.hashtag.al\/index.php\/wp-json\/wp\/v2\/comments?post=496312"}],"version-history":[{"count":0,"href":"https:\/\/www.hashtag.al\/index.php\/wp-json\/wp\/v2\/posts\/496312\/revisions"}],"wp:featuredmedia":[{"embeddable":true,"href":"https:\/\/www.hashtag.al\/index.php\/wp-json\/wp\/v2\/media\/477141"}],"wp:attachment":[{"href":"https:\/\/www.hashtag.al\/index.php\/wp-json\/wp\/v2\/media?parent=496312"}],"wp:term":[{"taxonomy":"category","embeddable":true,"href":"https:\/\/www.hashtag.al\/index.php\/wp-json\/wp\/v2\/categories?post=496312"},{"taxonomy":"post_tag","embeddable":true,"href":"https:\/\/www.hashtag.al\/index.php\/wp-json\/wp\/v2\/tags?post=496312"}],"curies":[{"name":"wp","href":"https:\/\/api.w.org\/{rel}","templated":true}]}}