{"id":496304,"date":"2022-01-08T19:40:27","date_gmt":"2022-01-08T18:40:27","guid":{"rendered":"https:\/\/www.hashtag.al\/?p=496304"},"modified":"2022-01-08T19:40:27","modified_gmt":"2022-01-08T18:40:27","slug":"berisha-washington-post-dhe-reuters-te-lidhur-me-ramen","status":"publish","type":"post","link":"https:\/\/www.hashtag.al\/index.php\/2022\/01\/08\/berisha-washington-post-dhe-reuters-te-lidhur-me-ramen\/","title":{"rendered":"Berisha: Washington Post dhe Reuters t\u00eb lidhur me Ram\u00ebn","gt_translate_keys":[{"key":"rendered","format":"text"}]},"content":{"rendered":"<p><span style=\"color: #000000;\"><img loading=\"lazy\" decoding=\"async\" class=\"aligncenter size-full wp-image-496295\" src=\"https:\/\/www.hashtag.al\/wp-content\/uploads\/2022\/01\/berisha-ana.jpg\" alt=\"\" width=\"1104\" height=\"622\" srcset=\"https:\/\/www.hashtag.al\/wp-content\/uploads\/2022\/01\/berisha-ana.jpg 1104w, https:\/\/www.hashtag.al\/wp-content\/uploads\/2022\/01\/berisha-ana-300x169.jpg 300w, https:\/\/www.hashtag.al\/wp-content\/uploads\/2022\/01\/berisha-ana-1024x577.jpg 1024w, https:\/\/www.hashtag.al\/wp-content\/uploads\/2022\/01\/berisha-ana-768x433.jpg 768w\" sizes=\"auto, (max-width: 1104px) 100vw, 1104px\" \/><\/span><\/p>\n<p><span style=\"color: #000000;\">Dit\u00ebn e sotme edhe agjencit\u00eb nd\u00ebrkomb\u00ebtare t\u00eb lajmeve raportuan protest\u00ebn n\u00eb Partin\u00eb Demokratike duke e quajtur t\u00eb dhunshme.<\/span><\/p>\n<p><span style=\"color: #000000;\">I pyetur p\u00ebr k\u00ebt\u00eb p\u00ebrcaktim t\u00eb b\u00ebr\u00eb nga mediat nd\u00ebrkomb\u00ebtare, Berisha n\u00eb konferenc\u00ebn p\u00ebr shtyp, Berisha tha se Washington Post dhe Reuters u referohen gazetar\u00ebve t\u00eb lidhur me Edi Ram\u00ebn. Berisha madje u shpreh i sigurt se n\u00eb Reuters \u00ebsht\u00eb kush\u00ebriri i Ram\u00ebs.<\/span><\/p>\n<p><span style=\"color: #000000;\">Ai sakt\u00ebsoi se do i \u00e7oj\u00eb k\u00ebtyre mediave dokumentet mbi protest\u00ebn.<\/span><\/p>\n<p><span style=\"color: #000000;\">\u201c<em>Washington Post dhe Reuters u referohen gazetar\u00ebve t\u00eb tyre t\u00eb lidhur fund e krye me Edi Ram\u00ebn. \u00cbsht\u00eb kush\u00ebriri i Edi Ram\u00ebs p\u00ebr Reuters, jam i sigurt\u00eb.<\/em><\/span><\/p>\n<p><span style=\"color: #000000;\"><em>Problemi q\u00eb ka kjo agjenci, pavar\u00ebsisht nga Koleka. Ne do e informojm\u00eb Reuters, dhe AS Press. Do t\u2019i shkruajm\u00eb dhe do t\u2019i \u00e7ojm\u00eb t\u00eb gjith\u00eb dokumentet. Do t\u2019i shkruajm\u00eb dhe Washington Post.\u201d-<\/em>deklaroi Berisha.<\/span><\/p>\n","protected":false,"gt_translate_keys":[{"key":"rendered","format":"html"}]},"excerpt":{"rendered":"<p>Dit\u00ebn e sotme edhe agjencit\u00eb nd\u00ebrkomb\u00ebtare t\u00eb lajmeve raportuan protest\u00ebn n\u00eb Partin\u00eb Demokratike duke e quajtur t\u00eb dhunshme. I pyetur p\u00ebr k\u00ebt\u00eb p\u00ebrcaktim t\u00eb b\u00ebr\u00eb nga mediat nd\u00ebrkomb\u00ebtare, Berisha n\u00eb konferenc\u00ebn p\u00ebr shtyp, Berisha tha se Washington Post dhe Reuters u referohen gazetar\u00ebve t\u00eb lidhur me Edi Ram\u00ebn. Berisha madje u shpreh i sigurt se [&hellip;]<\/p>\n","protected":false,"gt_translate_keys":[{"key":"rendered","format":"html"}]},"author":32,"featured_media":496295,"comment_status":"closed","ping_status":"closed","sticky":false,"template":"","format":"standard","meta":{"footnotes":""},"categories":[65,13],"tags":[],"class_list":["post-496304","post","type-post","status-publish","format-standard","has-post-thumbnail","hentry","category-lajme","category-te-fundit"],"gt_translate_keys":[{"key":"link","format":"url"}],"_links":{"self":[{"href":"https:\/\/www.hashtag.al\/index.php\/wp-json\/wp\/v2\/posts\/496304","targetHints":{"allow":["GET"]}}],"collection":[{"href":"https:\/\/www.hashtag.al\/index.php\/wp-json\/wp\/v2\/posts"}],"about":[{"href":"https:\/\/www.hashtag.al\/index.php\/wp-json\/wp\/v2\/types\/post"}],"author":[{"embeddable":true,"href":"https:\/\/www.hashtag.al\/index.php\/wp-json\/wp\/v2\/users\/32"}],"replies":[{"embeddable":true,"href":"https:\/\/www.hashtag.al\/index.php\/wp-json\/wp\/v2\/comments?post=496304"}],"version-history":[{"count":0,"href":"https:\/\/www.hashtag.al\/index.php\/wp-json\/wp\/v2\/posts\/496304\/revisions"}],"wp:featuredmedia":[{"embeddable":true,"href":"https:\/\/www.hashtag.al\/index.php\/wp-json\/wp\/v2\/media\/496295"}],"wp:attachment":[{"href":"https:\/\/www.hashtag.al\/index.php\/wp-json\/wp\/v2\/media?parent=496304"}],"wp:term":[{"taxonomy":"category","embeddable":true,"href":"https:\/\/www.hashtag.al\/index.php\/wp-json\/wp\/v2\/categories?post=496304"},{"taxonomy":"post_tag","embeddable":true,"href":"https:\/\/www.hashtag.al\/index.php\/wp-json\/wp\/v2\/tags?post=496304"}],"curies":[{"name":"wp","href":"https:\/\/api.w.org\/{rel}","templated":true}]}}