{"id":496267,"date":"2022-01-08T17:24:30","date_gmt":"2022-01-08T16:24:30","guid":{"rendered":"https:\/\/www.hashtag.al\/?p=496267"},"modified":"2022-01-08T17:24:30","modified_gmt":"2022-01-08T16:24:30","slug":"protesta-per-marrjen-e-pd-se-jehone-edhe-ne-mediat-nderkombetare","status":"publish","type":"post","link":"https:\/\/www.hashtag.al\/index.php\/2022\/01\/08\/protesta-per-marrjen-e-pd-se-jehone-edhe-ne-mediat-nderkombetare\/","title":{"rendered":"Protesta p\u00ebr marrjen e PD-s\u00eb jehon\u00eb edhe n\u00eb mediat nd\u00ebrkomb\u00ebtare","gt_translate_keys":[{"key":"rendered","format":"text"}]},"content":{"rendered":"<p style=\"text-align: justify;\"><span style=\"color: #000000;\"><img loading=\"lazy\" decoding=\"async\" class=\"size-full wp-image-496268\" src=\"https:\/\/www.hashtag.al\/wp-content\/uploads\/2022\/01\/media-nderkombetare.jpg\" alt=\"\" width=\"1920\" height=\"1200\" srcset=\"https:\/\/www.hashtag.al\/wp-content\/uploads\/2022\/01\/media-nderkombetare.jpg 1920w, https:\/\/www.hashtag.al\/wp-content\/uploads\/2022\/01\/media-nderkombetare-300x188.jpg 300w, https:\/\/www.hashtag.al\/wp-content\/uploads\/2022\/01\/media-nderkombetare-1024x640.jpg 1024w, https:\/\/www.hashtag.al\/wp-content\/uploads\/2022\/01\/media-nderkombetare-768x480.jpg 768w, https:\/\/www.hashtag.al\/wp-content\/uploads\/2022\/01\/media-nderkombetare-1536x960.jpg 1536w\" sizes=\"auto, (max-width: 1920px) 100vw, 1920px\" \/><\/span><\/p>\n<p style=\"text-align: justify;\"><span style=\"color: #000000;\">Ish- kryeministri Sali Berisha zhvilloi nj\u00eb protest\u00eb dit\u00ebn e sotme n\u00eb partin\u00eb q\u00eb themeloi 30 vite m\u00eb par\u00eb. Mb\u00ebshtet\u00ebsit e tij shqyen dhe shkallmuan dyert e partis\u00eb duke u futur brenda dhe shkat\u00ebrruar gjith\u00e7ka q\u00eb u doli p\u00ebrpara n\u00eb katin e par\u00eb, teksa n\u00eb t\u00eb dytin ndodhej kupola drejtuese e PD-s\u00eb zyrtare.<\/span><\/p>\n<p style=\"text-align: justify;\"><span style=\"color: #000000;\">Pas thirrjes s\u00eb Lulzim Bash\u00ebs, policia e shtetit nd\u00ebrhyri duke larguar protestuesit me gaz lotsjell\u00ebs. Mbi 30 jan\u00eb protestuesit e shoq\u00ebruar.<\/span><\/p>\n<p style=\"text-align: justify;\"><span style=\"color: #000000;\">Jo vet\u00ebm te fqinj\u00ebt, por protesta b\u00ebri jehon\u00eb n\u00eb mediat bot\u00ebrore q\u00eb i kushtuan hap\u00ebsir\u00eb dhun\u00ebs dhe vandalizmit q\u00eb tronditi selin\u00eb e PD-s\u00eb.<\/span><\/p>\n<p style=\"text-align: justify;\"><span style=\"color: #000000;\">\u201cPolicia hodhi gaz lotsjell\u00ebs kund\u00ebr protestuesve n\u00eb selin\u00eb e Partis\u00eb Demokratike t\u00eb Shqip\u00ebris\u00eb n\u00eb opozit\u00eb q\u00eb ndodhet n\u00eb nj\u00eb luft\u00eb p\u00ebr pushtet\u201d shkruan \u201cReuters\u201d.<\/span><\/p>\n<p style=\"text-align: justify;\"><span style=\"color: #000000;\">Sali Berisha u p\u00ebrjashtua nga partia vitin e kaluar pasi Uashingtoni e ndaloi at\u00eb t\u00eb hynte n\u00eb Shtetet e Bashkuara p\u00ebr korrupsion\u201d shkruan \u201cEuronews\u201d.<\/span><\/p>\n<p style=\"text-align: justify;\"><span style=\"color: #000000;\">\u201cJerusalem Post\u201d thekson se \u201c<em>Gjat\u00eb trazirave t\u00eb s\u00eb shtun\u00ebs, mb\u00ebshtet\u00ebsit e Berish\u00ebs p\u00ebrdor\u00ebn \u00e7eki\u00e7 p\u00ebr t\u00eb thyer dyert\u201d<\/em>. Gjithashtu \u201cWashington Post\u201d ka pasqyruar lajmin.<\/span><\/p>\n<p style=\"text-align: justify;\"><span style=\"color: #000000;\">\u201cIncidente t\u00eb r\u00ebnda\u201d i cil\u00ebsojn\u00eb mediat greke q\u00eb shtojn\u00eb se \u201ckriza n\u00eb Partin\u00eb Demokratike t\u00eb Shqip\u00ebris\u00eb ka shkaktuar shqet\u00ebsim t\u00eb p\u00ebrgjithsh\u00ebm\u201d.<\/span><\/p>\n<p style=\"text-align: justify;\"><span style=\"color: #000000;\">Dit\u00ebn e sotme pas m\u00eb shum\u00eb se tre or\u00ebsh protest\u00eb dhe dhun\u00eb, Sali Berisha u t\u00ebrhoq duke mbyllur tubimin me premtimin se do t\u00eb rikthehet s\u00ebrish deri n\u00eb arritjen e q\u00ebllimit final q\u00eb \u00ebsht\u00eb largimi i Lulzim Bash\u00ebs nga zyra.<\/span><\/p>\n<p style=\"text-align: justify;\"><span style=\"color: #000000;\"><img loading=\"lazy\" decoding=\"async\" class=\"size-full wp-image-496269 aligncenter\" src=\"https:\/\/www.hashtag.al\/wp-content\/uploads\/2022\/01\/euronews.jpg\" alt=\"\" width=\"640\" height=\"231\" srcset=\"https:\/\/www.hashtag.al\/wp-content\/uploads\/2022\/01\/euronews.jpg 640w, https:\/\/www.hashtag.al\/wp-content\/uploads\/2022\/01\/euronews-300x108.jpg 300w\" sizes=\"auto, (max-width: 640px) 100vw, 640px\" \/><img loading=\"lazy\" decoding=\"async\" class=\"size-full wp-image-496270 aligncenter\" src=\"https:\/\/www.hashtag.al\/wp-content\/uploads\/2022\/01\/greqi.jpg\" alt=\"\" width=\"640\" height=\"443\" srcset=\"https:\/\/www.hashtag.al\/wp-content\/uploads\/2022\/01\/greqi.jpg 640w, https:\/\/www.hashtag.al\/wp-content\/uploads\/2022\/01\/greqi-300x208.jpg 300w\" sizes=\"auto, (max-width: 640px) 100vw, 640px\" \/><img loading=\"lazy\" decoding=\"async\" class=\"size-full wp-image-496271 aligncenter\" src=\"https:\/\/www.hashtag.al\/wp-content\/uploads\/2022\/01\/jerusalempost.jpg\" alt=\"\" width=\"640\" height=\"438\" srcset=\"https:\/\/www.hashtag.al\/wp-content\/uploads\/2022\/01\/jerusalempost.jpg 640w, https:\/\/www.hashtag.al\/wp-content\/uploads\/2022\/01\/jerusalempost-300x205.jpg 300w\" sizes=\"auto, (max-width: 640px) 100vw, 640px\" \/><img loading=\"lazy\" decoding=\"async\" class=\"size-full wp-image-496272 aligncenter\" src=\"https:\/\/www.hashtag.al\/wp-content\/uploads\/2022\/01\/reuters.jpg\" alt=\"\" width=\"640\" height=\"175\" srcset=\"https:\/\/www.hashtag.al\/wp-content\/uploads\/2022\/01\/reuters.jpg 640w, https:\/\/www.hashtag.al\/wp-content\/uploads\/2022\/01\/reuters-300x82.jpg 300w\" sizes=\"auto, (max-width: 640px) 100vw, 640px\" \/><\/span><\/p>\n","protected":false,"gt_translate_keys":[{"key":"rendered","format":"html"}]},"excerpt":{"rendered":"<p>Ish- kryeministri Sali Berisha zhvilloi nj\u00eb protest\u00eb dit\u00ebn e sotme n\u00eb partin\u00eb q\u00eb themeloi 30 vite m\u00eb par\u00eb. Mb\u00ebshtet\u00ebsit e tij shqyen dhe shkallmuan dyert e partis\u00eb duke u futur brenda dhe shkat\u00ebrruar gjith\u00e7ka q\u00eb u doli p\u00ebrpara n\u00eb katin e par\u00eb, teksa n\u00eb t\u00eb dytin ndodhej kupola drejtuese e PD-s\u00eb zyrtare. Pas thirrjes s\u00eb [&hellip;]<\/p>\n","protected":false,"gt_translate_keys":[{"key":"rendered","format":"html"}]},"author":32,"featured_media":496268,"comment_status":"closed","ping_status":"closed","sticky":false,"template":"","format":"standard","meta":{"footnotes":""},"categories":[65,13],"tags":[],"class_list":["post-496267","post","type-post","status-publish","format-standard","has-post-thumbnail","hentry","category-lajme","category-te-fundit"],"gt_translate_keys":[{"key":"link","format":"url"}],"_links":{"self":[{"href":"https:\/\/www.hashtag.al\/index.php\/wp-json\/wp\/v2\/posts\/496267","targetHints":{"allow":["GET"]}}],"collection":[{"href":"https:\/\/www.hashtag.al\/index.php\/wp-json\/wp\/v2\/posts"}],"about":[{"href":"https:\/\/www.hashtag.al\/index.php\/wp-json\/wp\/v2\/types\/post"}],"author":[{"embeddable":true,"href":"https:\/\/www.hashtag.al\/index.php\/wp-json\/wp\/v2\/users\/32"}],"replies":[{"embeddable":true,"href":"https:\/\/www.hashtag.al\/index.php\/wp-json\/wp\/v2\/comments?post=496267"}],"version-history":[{"count":0,"href":"https:\/\/www.hashtag.al\/index.php\/wp-json\/wp\/v2\/posts\/496267\/revisions"}],"wp:featuredmedia":[{"embeddable":true,"href":"https:\/\/www.hashtag.al\/index.php\/wp-json\/wp\/v2\/media\/496268"}],"wp:attachment":[{"href":"https:\/\/www.hashtag.al\/index.php\/wp-json\/wp\/v2\/media?parent=496267"}],"wp:term":[{"taxonomy":"category","embeddable":true,"href":"https:\/\/www.hashtag.al\/index.php\/wp-json\/wp\/v2\/categories?post=496267"},{"taxonomy":"post_tag","embeddable":true,"href":"https:\/\/www.hashtag.al\/index.php\/wp-json\/wp\/v2\/tags?post=496267"}],"curies":[{"name":"wp","href":"https:\/\/api.w.org\/{rel}","templated":true}]}}