{"id":496122,"date":"2022-01-08T12:38:55","date_gmt":"2022-01-08T11:38:55","guid":{"rendered":"https:\/\/www.hashtag.al\/?p=496122"},"modified":"2022-01-08T12:38:55","modified_gmt":"2022-01-08T11:38:55","slug":"incidentet-ne-pd-policia-e-shtetit-ne-skemi-hedhur-sende-te-kundraligjshme-kunder-protestuesve","status":"publish","type":"post","link":"https:\/\/www.hashtag.al\/index.php\/2022\/01\/08\/incidentet-ne-pd-policia-e-shtetit-ne-skemi-hedhur-sende-te-kundraligjshme-kunder-protestuesve\/","title":{"rendered":"Incidentet n\u00eb PD, Policia e Shtetit: Ne s&#8217;kemi hedhur sende t\u00eb kundraligjshme kund\u00ebr protestuesve","gt_translate_keys":[{"key":"rendered","format":"text"}]},"content":{"rendered":"<p><span style=\"color: #000000;\"><a style=\"color: #000000;\" href=\"https:\/\/www.hashtag.al\/wp-content\/uploads\/2022\/01\/tyjm.jpg\"><img loading=\"lazy\" decoding=\"async\" class=\"aligncenter size-full wp-image-496123\" src=\"https:\/\/www.hashtag.al\/wp-content\/uploads\/2022\/01\/tyjm.jpg\" alt=\"\" width=\"827\" height=\"422\" srcset=\"https:\/\/www.hashtag.al\/wp-content\/uploads\/2022\/01\/tyjm.jpg 827w, https:\/\/www.hashtag.al\/wp-content\/uploads\/2022\/01\/tyjm-300x153.jpg 300w, https:\/\/www.hashtag.al\/wp-content\/uploads\/2022\/01\/tyjm-768x392.jpg 768w, https:\/\/www.hashtag.al\/wp-content\/uploads\/2022\/01\/tyjm-568x290.jpg 568w\" sizes=\"auto, (max-width: 827px) 100vw, 827px\" \/><\/a><\/span><\/p>\n<p><span style=\"color: #000000;\">Policia e Shtetit ka reaguar pas incidenteve t\u00eb dhunshme q\u00eb ndodh\u00ebn pak m\u00eb par\u00eb n\u00eb selin\u00eb blu, ku nj\u00eb mb\u00ebshtet\u00ebs i ish-kryeministrit Sali Berisha mbeti i plagosur n\u00eb kok\u00eb.<\/span><\/p>\n<p><span style=\"color: #000000;\"><em>\u00a0\u201cSqarojm\u00eb opinionin publik se asnj\u00eb nga strukturat e Policis\u00eb s\u00eb Shtetit t\u00eb angazhuara p\u00ebr garantimin e rendit dhe siguris\u00eb nuk \u00ebsht\u00eb p\u00ebrfshir\u00eb n\u00eb asnj\u00eb veprim dhe nuk ka hedhur asnj\u00eb send t\u00eb kund\u00ebrligjsh\u00ebm n\u00eb selin\u00eb e Partis\u00eb Demokratike, gjat\u00eb protest\u00ebs q\u00eb \u00ebsht\u00eb duke u zhvilluar.<\/em><\/span><\/p>\n<p><span style=\"color: #000000;\"><em>Policia e Shtetit \u00ebsht\u00eb t\u00ebr\u00ebsisht e angazhuar p\u00ebr t\u00eb garantuar rendin e sigurin\u00eb dhe u b\u00ebn thirrje qytetar\u00ebve q\u00eb t\u00eb distancohen nga \u00e7do akt dhune apo prishje e rendit dhe siguris\u00eb, pasi do t\u00eb p\u00ebrballen me forc\u00ebn e ligjit.\u201d-<\/em> thuhet n\u00eb njoftimin e policis\u00eb.<\/span><\/p>\n<p><span style=\"color: #000000;\">Nj\u00eb mb\u00ebshtet\u00ebs i ish-kryeministrit Berisha mbeti i plagosur n\u00eb kok\u00eb, pasi \u00ebsht\u00eb gjuajtur me gur\u00eb nga kati i dyt\u00eb i selis\u00eb.<\/span><\/p>\n<p><span style=\"color: #000000;\">Disa nga protestuesit ishin ngjitur me shkall\u00eb n\u00eb katin e dyt\u00eb, por u detyruan t\u00eb zbrisnin pasi u sulmuan nga disa persona nga ballkoni i Bash\u00ebs.<\/span><\/p>\n","protected":false,"gt_translate_keys":[{"key":"rendered","format":"html"}]},"excerpt":{"rendered":"<p>Policia e Shtetit ka reaguar pas incidenteve t\u00eb dhunshme q\u00eb ndodh\u00ebn pak m\u00eb par\u00eb n\u00eb selin\u00eb blu, ku nj\u00eb mb\u00ebshtet\u00ebs i ish-kryeministrit Sali Berisha mbeti i plagosur n\u00eb kok\u00eb. \u00a0\u201cSqarojm\u00eb opinionin publik se asnj\u00eb nga strukturat e Policis\u00eb s\u00eb Shtetit t\u00eb angazhuara p\u00ebr garantimin e rendit dhe siguris\u00eb nuk \u00ebsht\u00eb p\u00ebrfshir\u00eb n\u00eb asnj\u00eb veprim dhe [&hellip;]<\/p>\n","protected":false,"gt_translate_keys":[{"key":"rendered","format":"html"}]},"author":30,"featured_media":496123,"comment_status":"closed","ping_status":"closed","sticky":false,"template":"","format":"standard","meta":{"footnotes":""},"categories":[65,13],"tags":[],"class_list":["post-496122","post","type-post","status-publish","format-standard","has-post-thumbnail","hentry","category-lajme","category-te-fundit"],"gt_translate_keys":[{"key":"link","format":"url"}],"_links":{"self":[{"href":"https:\/\/www.hashtag.al\/index.php\/wp-json\/wp\/v2\/posts\/496122","targetHints":{"allow":["GET"]}}],"collection":[{"href":"https:\/\/www.hashtag.al\/index.php\/wp-json\/wp\/v2\/posts"}],"about":[{"href":"https:\/\/www.hashtag.al\/index.php\/wp-json\/wp\/v2\/types\/post"}],"author":[{"embeddable":true,"href":"https:\/\/www.hashtag.al\/index.php\/wp-json\/wp\/v2\/users\/30"}],"replies":[{"embeddable":true,"href":"https:\/\/www.hashtag.al\/index.php\/wp-json\/wp\/v2\/comments?post=496122"}],"version-history":[{"count":0,"href":"https:\/\/www.hashtag.al\/index.php\/wp-json\/wp\/v2\/posts\/496122\/revisions"}],"wp:featuredmedia":[{"embeddable":true,"href":"https:\/\/www.hashtag.al\/index.php\/wp-json\/wp\/v2\/media\/496123"}],"wp:attachment":[{"href":"https:\/\/www.hashtag.al\/index.php\/wp-json\/wp\/v2\/media?parent=496122"}],"wp:term":[{"taxonomy":"category","embeddable":true,"href":"https:\/\/www.hashtag.al\/index.php\/wp-json\/wp\/v2\/categories?post=496122"},{"taxonomy":"post_tag","embeddable":true,"href":"https:\/\/www.hashtag.al\/index.php\/wp-json\/wp\/v2\/tags?post=496122"}],"curies":[{"name":"wp","href":"https:\/\/api.w.org\/{rel}","templated":true}]}}