{"id":495920,"date":"2022-01-07T15:09:24","date_gmt":"2022-01-07T14:09:24","guid":{"rendered":"https:\/\/www.hashtag.al\/?p=495920"},"modified":"2022-01-07T15:09:24","modified_gmt":"2022-01-07T14:09:24","slug":"humb-jeten-nje-femije-3-vjec-ne-nje-kopsht-privat-ne-fier","status":"publish","type":"post","link":"https:\/\/www.hashtag.al\/index.php\/2022\/01\/07\/humb-jeten-nje-femije-3-vjec-ne-nje-kopsht-privat-ne-fier\/","title":{"rendered":"Humb jet\u00ebn nj\u00eb f\u00ebmij\u00eb 3 vje\u00e7 n\u00eb nj\u00eb kopsht privat n\u00eb Fier","gt_translate_keys":[{"key":"rendered","format":"text"}]},"content":{"rendered":"<p style=\"text-align: justify;\"><span style=\"color: #000000;\"><img loading=\"lazy\" decoding=\"async\" class=\"aligncenter size-full wp-image-260759\" src=\"https:\/\/www.hashtag.al\/wp-content\/uploads\/2018\/12\/policia-fier.jpg\" alt=\"\" width=\"884\" height=\"530\" srcset=\"https:\/\/www.hashtag.al\/wp-content\/uploads\/2018\/12\/policia-fier.jpg 884w, https:\/\/www.hashtag.al\/wp-content\/uploads\/2018\/12\/policia-fier-300x180.jpg 300w, https:\/\/www.hashtag.al\/wp-content\/uploads\/2018\/12\/policia-fier-768x460.jpg 768w\" sizes=\"auto, (max-width: 884px) 100vw, 884px\" \/><\/span><\/p>\n<p style=\"text-align: justify;\"><span style=\"color: #000000;\">Nj\u00eb f\u00ebmij\u00eb 3 vje\u00e7 ka nd\u00ebrruar jet\u00eb n\u00eb nj\u00eb kopsht privat n\u00eb qytetin e Fierit b\u00ebn me dije Policia.<\/span><\/p>\n<p style=\"text-align: justify;\"><span style=\"color: #000000;\">\u201c<em>N\u00eb or\u00ebn 13:00, n\u00eb nj\u00eb kopsht privat n\u00eb qytetin e Fierit, ka nd\u00ebrruar jet\u00eb nj\u00eb f\u00ebmij\u00eb 3 vje\u00e7.<\/em><\/span><\/p>\n<p style=\"text-align: justify;\"><span style=\"color: #000000;\"><em>Grupi hetimor po punon p\u00ebr zbardhjen e shkaqeve t\u00eb vdekjes s\u00eb f\u00ebmij\u00ebs<\/em>\u201d-njofton policia n\u00eb informacionin paraprak.<\/span><\/p>\n<p style=\"text-align: justify;\"><span style=\"color: #000000;\">Sipas Ne\u00ebs 24 i mituri \u00ebsht\u00eb d\u00ebrguar n\u00eb spital pa shenja jete nd\u00ebrsa gazetari Ervis Ku\u00e7i raporton se f\u00ebmij\u00ebs i jan\u00eb gjetur shenja n\u00eb qaf\u00eb por nuk dihet nga se i jan\u00eb shkaktuar.<\/span><\/p>\n<p style=\"text-align: justify;\"><span style=\"color: #000000;\">Nd\u00ebrkoh\u00eb policia po punon p\u00ebr zbardhjen e shkaqeve t\u00eb vdekjes s\u00eb t\u00eb miturit.<\/span><\/p>\n","protected":false,"gt_translate_keys":[{"key":"rendered","format":"html"}]},"excerpt":{"rendered":"<p>Nj\u00eb f\u00ebmij\u00eb 3 vje\u00e7 ka nd\u00ebrruar jet\u00eb n\u00eb nj\u00eb kopsht privat n\u00eb qytetin e Fierit b\u00ebn me dije Policia. \u201cN\u00eb or\u00ebn 13:00, n\u00eb nj\u00eb kopsht privat n\u00eb qytetin e Fierit, ka nd\u00ebrruar jet\u00eb nj\u00eb f\u00ebmij\u00eb 3 vje\u00e7. Grupi hetimor po punon p\u00ebr zbardhjen e shkaqeve t\u00eb vdekjes s\u00eb f\u00ebmij\u00ebs\u201d-njofton policia n\u00eb informacionin paraprak. Sipas Ne\u00ebs [&hellip;]<\/p>\n","protected":false,"gt_translate_keys":[{"key":"rendered","format":"html"}]},"author":32,"featured_media":260759,"comment_status":"closed","ping_status":"closed","sticky":false,"template":"","format":"standard","meta":{"footnotes":""},"categories":[65,13],"tags":[],"class_list":["post-495920","post","type-post","status-publish","format-standard","has-post-thumbnail","hentry","category-lajme","category-te-fundit"],"gt_translate_keys":[{"key":"link","format":"url"}],"_links":{"self":[{"href":"https:\/\/www.hashtag.al\/index.php\/wp-json\/wp\/v2\/posts\/495920","targetHints":{"allow":["GET"]}}],"collection":[{"href":"https:\/\/www.hashtag.al\/index.php\/wp-json\/wp\/v2\/posts"}],"about":[{"href":"https:\/\/www.hashtag.al\/index.php\/wp-json\/wp\/v2\/types\/post"}],"author":[{"embeddable":true,"href":"https:\/\/www.hashtag.al\/index.php\/wp-json\/wp\/v2\/users\/32"}],"replies":[{"embeddable":true,"href":"https:\/\/www.hashtag.al\/index.php\/wp-json\/wp\/v2\/comments?post=495920"}],"version-history":[{"count":0,"href":"https:\/\/www.hashtag.al\/index.php\/wp-json\/wp\/v2\/posts\/495920\/revisions"}],"wp:featuredmedia":[{"embeddable":true,"href":"https:\/\/www.hashtag.al\/index.php\/wp-json\/wp\/v2\/media\/260759"}],"wp:attachment":[{"href":"https:\/\/www.hashtag.al\/index.php\/wp-json\/wp\/v2\/media?parent=495920"}],"wp:term":[{"taxonomy":"category","embeddable":true,"href":"https:\/\/www.hashtag.al\/index.php\/wp-json\/wp\/v2\/categories?post=495920"},{"taxonomy":"post_tag","embeddable":true,"href":"https:\/\/www.hashtag.al\/index.php\/wp-json\/wp\/v2\/tags?post=495920"}],"curies":[{"name":"wp","href":"https:\/\/api.w.org\/{rel}","templated":true}]}}