{"id":495917,"date":"2022-01-07T15:01:14","date_gmt":"2022-01-07T14:01:14","guid":{"rendered":"https:\/\/www.hashtag.al\/?p=495917"},"modified":"2022-01-07T15:01:14","modified_gmt":"2022-01-07T14:01:14","slug":"bardhi-berisha-kerkon-gjakderdhje-ne-seline-blu-kemi-marre-masa-qe-te-evitojme-perplasjen","status":"publish","type":"post","link":"https:\/\/www.hashtag.al\/index.php\/2022\/01\/07\/bardhi-berisha-kerkon-gjakderdhje-ne-seline-blu-kemi-marre-masa-qe-te-evitojme-perplasjen\/","title":{"rendered":"Bardhi: Berisha k\u00ebrkon gjakderdhje n\u00eb selin\u00eb blu, kemi marr\u00eb masa q\u00eb t\u00eb evitojm\u00eb p\u00ebrplasjen","gt_translate_keys":[{"key":"rendered","format":"text"}]},"content":{"rendered":"<p style=\"text-align: justify;\"><span style=\"color: #000000;\"><img loading=\"lazy\" decoding=\"async\" class=\"size-full wp-image-495918\" src=\"https:\/\/www.hashtag.al\/wp-content\/uploads\/2022\/01\/Gaz-Bardhi-4.jpeg\" alt=\"\" width=\"1280\" height=\"855\" srcset=\"https:\/\/www.hashtag.al\/wp-content\/uploads\/2022\/01\/Gaz-Bardhi-4.jpeg 1280w, https:\/\/www.hashtag.al\/wp-content\/uploads\/2022\/01\/Gaz-Bardhi-4-300x200.jpeg 300w, https:\/\/www.hashtag.al\/wp-content\/uploads\/2022\/01\/Gaz-Bardhi-4-1024x684.jpeg 1024w, https:\/\/www.hashtag.al\/wp-content\/uploads\/2022\/01\/Gaz-Bardhi-4-768x513.jpeg 768w\" sizes=\"auto, (max-width: 1280px) 100vw, 1280px\" \/><\/span><\/p>\n<p style=\"text-align: justify;\"><span style=\"color: #000000;\">Sekretari i P\u00ebrgjithsh\u00ebm i PD, Gazment Bardhi, deklaroi se jan\u00eb t\u00eb p\u00ebrgatitur p\u00ebr t\u00eb shmangur \u00e7do p\u00ebrballje dhune mes demokrat\u00ebve.<\/span><\/p>\n<p style=\"text-align: justify;\"><span style=\"color: #000000;\">Ai deklaroi se n\u00eb PD nuk ka asnj\u00eb der\u00eb apo dritare t\u00eb blinduar, nd\u00ebrsa n\u00ebnvizoi se media nuk lejohet t\u00eb futet n\u00eb seli, pasi po kryhen punime.<\/span><\/p>\n<p style=\"text-align: justify;\"><span style=\"color: #000000;\">Bardhi shtoi se Berisha dhe mb\u00ebshtet\u00ebsit e tij k\u00ebrkojn\u00eb gjakderdhje dit\u00ebn e protest\u00ebs.<\/span><\/p>\n<p style=\"text-align: justify;\"><span style=\"color: #000000;\">\u201c<em>PD ka marr\u00eb \u00e7do mas\u00eb teknike organizative p\u00ebr t\u00eb shmangur \u00e7mendurin\u00eb n\u00eb t\u00eb cil\u00ebn ka arritur Sali Berisha p\u00ebr t\u00eb p\u00ebrplasur demokrat\u00ebt me demokrat\u00ebt.<\/em><\/span><\/p>\n<p style=\"text-align: justify;\"><span style=\"color: #000000;\"><em>\u00cbsht\u00eb\u00a0p\u00ebrgjegj\u00ebsia jon\u00eb t\u00eb mbrojm\u00eb demokrat\u00ebt,\u00a0q\u00eb kjo seli mos kthehet n\u00eb nj\u00eb aren\u00eb ku p\u00ebrplasen demokrat\u00ebt me demokrat\u00ebr p\u00ebr t\u2019u b\u00ebr\u00eb dhurata m\u00eb e \u00e7muar e Ram\u00ebs.<\/em><\/span><\/p>\n<p style=\"text-align: justify;\"><span style=\"color: #000000;\"><em>Ky \u00ebsht\u00eb q\u00ebllim i protest\u00ebs q\u00eb ka thirrur nes\u00ebr Sali Berisha e p\u00ebrgjegj\u00ebsia jon\u00eb \u00ebsht\u00eb t\u00eb b\u00ebjm\u00eb maksimumin q\u00eb kjo t\u00eb mos ndodh\u00eb.<\/em><\/span><\/p>\n<p style=\"text-align: justify;\"><span style=\"color: #000000;\"><em>Sali Berisha k\u00ebrkon si\u00e7 thon\u00eb njer\u00ebzit e tij nes\u00ebr gjakderdhje n\u00eb selin\u00eb qendrore t\u00eb PD-s\u00eb<\/em><\/span><\/p>\n<p style=\"text-align: justify;\"><span style=\"color: #000000;\"><em>E keni lexuar deklarat\u00ebn e nj\u00eb prej 29 an\u00ebtar\u00ebve t\u00eb famsh\u00ebm t\u00eb atij q\u00eb quhet komiteti i Rithemelimit?<\/em><\/span><\/p>\n<p style=\"text-align: justify;\"><span style=\"color: #000000;\"><em>Ka folur e flet p\u00ebr gjakderdhje n\u00eb selin\u00eb qendrore t\u00eb PD-s\u00eb.<\/em><\/span><\/p>\n<p style=\"text-align: justify;\"><span style=\"color: #000000;\"><em>Berisha ka provuar m\u00eb shum\u00eb se nj\u00eb her\u00eb se tjet\u00ebr gj\u00eb thot\u00eb e tjet\u00ebr gj\u00eb b\u00ebn.<\/em><\/span><\/p>\n<p style=\"text-align: justify;\"><span style=\"color: #000000;\"><em>Qart\u00ebsisht sot nuk mohoi q\u00eb ka skenar\u00eb dhune q\u00eb pakica e udh\u00ebhequr prej tij t\u2019u imponohet shumic\u00ebs se demokrateve.<\/em><\/span><\/p>\n<p style=\"text-align: justify;\"><span style=\"color: #000000;\"><em>Ky skenar dhune ka p\u00ebr t\u00eb d\u00ebshtuar se demokrat\u00ebt kan\u00eb betej\u00eb me regjimin e Edi Ram\u00ebs\u201d-<\/em>deklaroi nd\u00ebr t\u00eb tjera Bardhi.<\/span><\/p>\n<p style=\"text-align: justify;\">\n","protected":false,"gt_translate_keys":[{"key":"rendered","format":"html"}]},"excerpt":{"rendered":"<p>Sekretari i P\u00ebrgjithsh\u00ebm i PD, Gazment Bardhi, deklaroi se jan\u00eb t\u00eb p\u00ebrgatitur p\u00ebr t\u00eb shmangur \u00e7do p\u00ebrballje dhune mes demokrat\u00ebve. Ai deklaroi se n\u00eb PD nuk ka asnj\u00eb der\u00eb apo dritare t\u00eb blinduar, nd\u00ebrsa n\u00ebnvizoi se media nuk lejohet t\u00eb futet n\u00eb seli, pasi po kryhen punime. Bardhi shtoi se Berisha dhe mb\u00ebshtet\u00ebsit e tij [&hellip;]<\/p>\n","protected":false,"gt_translate_keys":[{"key":"rendered","format":"html"}]},"author":32,"featured_media":495918,"comment_status":"closed","ping_status":"closed","sticky":false,"template":"","format":"standard","meta":{"footnotes":""},"categories":[65,13],"tags":[],"class_list":["post-495917","post","type-post","status-publish","format-standard","has-post-thumbnail","hentry","category-lajme","category-te-fundit"],"gt_translate_keys":[{"key":"link","format":"url"}],"_links":{"self":[{"href":"https:\/\/www.hashtag.al\/index.php\/wp-json\/wp\/v2\/posts\/495917","targetHints":{"allow":["GET"]}}],"collection":[{"href":"https:\/\/www.hashtag.al\/index.php\/wp-json\/wp\/v2\/posts"}],"about":[{"href":"https:\/\/www.hashtag.al\/index.php\/wp-json\/wp\/v2\/types\/post"}],"author":[{"embeddable":true,"href":"https:\/\/www.hashtag.al\/index.php\/wp-json\/wp\/v2\/users\/32"}],"replies":[{"embeddable":true,"href":"https:\/\/www.hashtag.al\/index.php\/wp-json\/wp\/v2\/comments?post=495917"}],"version-history":[{"count":0,"href":"https:\/\/www.hashtag.al\/index.php\/wp-json\/wp\/v2\/posts\/495917\/revisions"}],"wp:featuredmedia":[{"embeddable":true,"href":"https:\/\/www.hashtag.al\/index.php\/wp-json\/wp\/v2\/media\/495918"}],"wp:attachment":[{"href":"https:\/\/www.hashtag.al\/index.php\/wp-json\/wp\/v2\/media?parent=495917"}],"wp:term":[{"taxonomy":"category","embeddable":true,"href":"https:\/\/www.hashtag.al\/index.php\/wp-json\/wp\/v2\/categories?post=495917"},{"taxonomy":"post_tag","embeddable":true,"href":"https:\/\/www.hashtag.al\/index.php\/wp-json\/wp\/v2\/tags?post=495917"}],"curies":[{"name":"wp","href":"https:\/\/api.w.org\/{rel}","templated":true}]}}