{"id":495783,"date":"2022-01-06T17:20:23","date_gmt":"2022-01-06T16:20:23","guid":{"rendered":"https:\/\/www.hashtag.al\/?p=495783"},"modified":"2022-01-06T17:20:23","modified_gmt":"2022-01-06T16:20:23","slug":"grupi-b9-sfutet-me-ne-seli-bardhi-zbulon-per-ke-e-kishte-fjalen-myftar-lumneshi-shoqeruesi-i-berishes","status":"publish","type":"post","link":"https:\/\/www.hashtag.al\/index.php\/2022\/01\/06\/grupi-b9-sfutet-me-ne-seli-bardhi-zbulon-per-ke-e-kishte-fjalen-myftar-lumneshi-shoqeruesi-i-berishes\/","title":{"rendered":"\u201cGrupi B9 s\u2019futet m\u00eb n\u00eb seli\u201d &#8211; Bardhi zbulon p\u00ebr k\u00eb e kishte fjal\u00ebn: Myftar Lumneshi, shoq\u00ebruesi i Berish\u00ebs","gt_translate_keys":[{"key":"rendered","format":"text"}]},"content":{"rendered":"<p><span style=\"color: #000000;\"><a href=\"https:\/\/www.hashtag.al\/wp-content\/uploads\/2022\/01\/gaz-bardhi.png\"><img loading=\"lazy\" decoding=\"async\" class=\"aligncenter size-full wp-image-495784\" src=\"https:\/\/www.hashtag.al\/wp-content\/uploads\/2022\/01\/gaz-bardhi.png\" alt=\"\" width=\"770\" height=\"421\" srcset=\"https:\/\/www.hashtag.al\/wp-content\/uploads\/2022\/01\/gaz-bardhi.png 770w, https:\/\/www.hashtag.al\/wp-content\/uploads\/2022\/01\/gaz-bardhi-300x164.png 300w, https:\/\/www.hashtag.al\/wp-content\/uploads\/2022\/01\/gaz-bardhi-768x420.png 768w\" sizes=\"auto, (max-width: 770px) 100vw, 770px\" \/><\/a><\/span><\/p>\n<p><span style=\"color: #000000;\">Nj\u00eb dit\u00eb m\u00eb par\u00eb sekretari i P\u00ebrgjithsh\u00ebm i PD-s\u00eb, Gazment Bardhi tha se eksponent\u00eb grupit kriminal \u201cB9\u201d, nuk do t\u00eb lejohen t\u00eb hyjn\u00eb m\u00eb n\u00eb selin\u00eb blu.<\/span><\/p>\n<p><span style=\"color: #000000;\">Pasdit\u00ebn e sotme gjat\u00eb nj\u00eb dalje p\u00ebr mediet, gazetar\u00ebt e pyet\u00ebn Bardhin se p\u00ebr k\u00eb e kishte konkretisht fjal\u00ebn:\u201dKeni deklaruar se persona me rekorde kriminale, t\u00eb d\u00ebnuar n\u00eb Britanin\u00eb e Madhe, pjes\u00eb e grupit kriminal B9 jan\u00eb par\u00eb n\u00eb oborrin e selis\u00eb. Mund t\u00eb na thoni emra ju lutem?\u201d<\/span><\/p>\n<p><span style=\"color: #000000;\">E k\u00ebsaj pyetjeje Bardhi iu p\u00ebrgjigj<em>:\u00a0\u201cPo, shoq\u00ebruesi i Sali Berish\u00ebs, Myftar Lumneshi. Faleminderit!\u201d<\/em><\/span><\/p>\n<p><span style=\"color: #000000;\">Nj\u00eb dit\u00eb m\u00eb par\u00eb, Bardhi tha se deputet\u00ebt e Komisionit t\u00eb Rithemelimit nuk jan\u00eb t\u00eb ndaluar t\u00eb futen n\u00eb seli, por m\u00eb par\u00eb duhej t\u00eb kishin telefonuar administrat\u00ebn e PD-s\u00eb.<\/span><\/p>\n<p><span style=\"color: #000000;\">Ai theksoi se \u00e7do an\u00ebtar i PD-s\u00eb \u00ebsht\u00eb i lejuar t\u00eb futet n\u00eb seli, p\u00ebr sa koh\u00eb nuk shoq\u00ebrohet nga trafikant\u00eb droge:<em>\u201dPatjet\u00ebr q\u00eb lejohen pra, po jua p\u00ebrs\u00ebris. \u00cbsht\u00eb e lejuar t\u00eb futet \u00e7do deputet. E r\u00ebnd\u00ebsishme \u00ebsht\u00eb t\u00eb mos shoq\u00ebrohen me trafikant\u00eb droge.<\/em><\/span><\/p>\n<p><span style=\"color: #000000;\"><em>Grupi kriminal B9 nuk futet m\u00eb n\u00eb selin\u00eb qendrore t\u00eb PD-s\u00eb. Un\u00eb nuk thash\u00eb p\u00ebr deputet\u00ebt. Un\u00eb thash\u00eb q\u00eb \u00e7do deputet, \u00e7do an\u00ebtar i PD-s\u00eb \u00ebsht\u00eb i lir\u00eb t\u00eb futet n\u00eb selin\u00eb qendrore t\u00eb PD-s\u00eb, sikurse n\u00eb \u00e7do seli n\u00eb t\u00eb gjitha deg\u00ebt e PD-s\u00eb. As \u00ebsht\u00eb ndaluar, as ka p\u00ebr t\u2019u ndaluar sa koh\u00eb q\u00eb \u00ebsht\u00eb an\u00ebtar i PD-s\u00eb.\u201d<\/em><\/span><\/p>\n","protected":false,"gt_translate_keys":[{"key":"rendered","format":"html"}]},"excerpt":{"rendered":"<p>Nj\u00eb dit\u00eb m\u00eb par\u00eb sekretari i P\u00ebrgjithsh\u00ebm i PD-s\u00eb, Gazment Bardhi tha se eksponent\u00eb grupit kriminal \u201cB9\u201d, nuk do t\u00eb lejohen t\u00eb hyjn\u00eb m\u00eb n\u00eb selin\u00eb blu. Pasdit\u00ebn e sotme gjat\u00eb nj\u00eb dalje p\u00ebr mediet, gazetar\u00ebt e pyet\u00ebn Bardhin se p\u00ebr k\u00eb e kishte konkretisht fjal\u00ebn:\u201dKeni deklaruar se persona me rekorde kriminale, t\u00eb d\u00ebnuar n\u00eb [&hellip;]<\/p>\n","protected":false,"gt_translate_keys":[{"key":"rendered","format":"html"}]},"author":30,"featured_media":495784,"comment_status":"closed","ping_status":"closed","sticky":false,"template":"","format":"standard","meta":{"footnotes":""},"categories":[65,13],"tags":[],"class_list":["post-495783","post","type-post","status-publish","format-standard","has-post-thumbnail","hentry","category-lajme","category-te-fundit"],"gt_translate_keys":[{"key":"link","format":"url"}],"_links":{"self":[{"href":"https:\/\/www.hashtag.al\/index.php\/wp-json\/wp\/v2\/posts\/495783","targetHints":{"allow":["GET"]}}],"collection":[{"href":"https:\/\/www.hashtag.al\/index.php\/wp-json\/wp\/v2\/posts"}],"about":[{"href":"https:\/\/www.hashtag.al\/index.php\/wp-json\/wp\/v2\/types\/post"}],"author":[{"embeddable":true,"href":"https:\/\/www.hashtag.al\/index.php\/wp-json\/wp\/v2\/users\/30"}],"replies":[{"embeddable":true,"href":"https:\/\/www.hashtag.al\/index.php\/wp-json\/wp\/v2\/comments?post=495783"}],"version-history":[{"count":0,"href":"https:\/\/www.hashtag.al\/index.php\/wp-json\/wp\/v2\/posts\/495783\/revisions"}],"wp:featuredmedia":[{"embeddable":true,"href":"https:\/\/www.hashtag.al\/index.php\/wp-json\/wp\/v2\/media\/495784"}],"wp:attachment":[{"href":"https:\/\/www.hashtag.al\/index.php\/wp-json\/wp\/v2\/media?parent=495783"}],"wp:term":[{"taxonomy":"category","embeddable":true,"href":"https:\/\/www.hashtag.al\/index.php\/wp-json\/wp\/v2\/categories?post=495783"},{"taxonomy":"post_tag","embeddable":true,"href":"https:\/\/www.hashtag.al\/index.php\/wp-json\/wp\/v2\/tags?post=495783"}],"curies":[{"name":"wp","href":"https:\/\/api.w.org\/{rel}","templated":true}]}}