{"id":495731,"date":"2022-01-06T14:05:28","date_gmt":"2022-01-06T13:05:28","guid":{"rendered":"https:\/\/www.hashtag.al\/?p=495731"},"modified":"2022-01-06T14:05:28","modified_gmt":"2022-01-06T13:05:28","slug":"kontenieri-me-kokaine-nga-ekuadori-prokuroria-merr-ne-pyetje-doganieret-dhe-punonjesit-ne-portin-e-durresit","status":"publish","type":"post","link":"https:\/\/www.hashtag.al\/index.php\/2022\/01\/06\/kontenieri-me-kokaine-nga-ekuadori-prokuroria-merr-ne-pyetje-doganieret-dhe-punonjesit-ne-portin-e-durresit\/","title":{"rendered":"Kontenieri me kokain\u00eb nga Ekuadori, Prokuroria merr n\u00eb pyetje doganier\u00ebt dhe punonj\u00ebsit n\u00eb Portin e Durr\u00ebsit","gt_translate_keys":[{"key":"rendered","format":"text"}]},"content":{"rendered":"<p><span style=\"color: #000000;\"><a href=\"https:\/\/www.hashtag.al\/wp-content\/uploads\/2022\/01\/Kontenier.png\"><img loading=\"lazy\" decoding=\"async\" class=\"aligncenter size-full wp-image-495732\" src=\"https:\/\/www.hashtag.al\/wp-content\/uploads\/2022\/01\/Kontenier.png\" alt=\"\" width=\"636\" height=\"345\" srcset=\"https:\/\/www.hashtag.al\/wp-content\/uploads\/2022\/01\/Kontenier.png 636w, https:\/\/www.hashtag.al\/wp-content\/uploads\/2022\/01\/Kontenier-300x163.png 300w\" sizes=\"auto, (max-width: 636px) 100vw, 636px\" \/><\/a><\/span><\/p>\n<p><span style=\"color: #000000;\">Prokuroria ka nisur marrjen n\u00eb pyetje sot t\u00eb doganier\u00ebve dhe punonj\u00ebsve t\u00eb skanerit n\u00eb Portin e Durr\u00ebsit, nga ku kaloi nj\u00eb kontenier me 119 kilogram\u00eb kokain\u00eb i cili u kap n\u00eb Vaqarr.<\/span><\/p>\n<p><span style=\"color: #000000;\">Sipas televizionit \u201cNews 24\u201d hetuesit po marrin n\u00eb pyetje punonj\u00ebsit e portit p\u00ebr t\u00eb kuptuar si kontenieri mundi t\u00eb dilte i past\u00ebr gjat\u00eb kalimit n\u00eb skaner.<\/span><\/p>\n<p><span style=\"color: #000000;\">Hetimet kan\u00eb nisur pasi m\u00eb 28 Dhjetor, n\u00eb nj\u00eb magazin\u00eb n\u00eb Vaqarr t\u00eb Tiran\u00ebs, iu gjet l\u00ebnda narkotike n\u00eb nj\u00eb kamion me kontenier me banane.<\/span><\/p>\n<p><span style=\"color: #000000;\">Sipas uniformave blu, kamioni me kontenierin me banane ka kaluar transit n\u00eb nj\u00eb port n\u00eb Itali. Autoritetet italiane kan\u00eb konstatuar munges\u00ebn e vul\u00ebs, dhe p\u00ebr k\u00ebt\u00eb arsye\u00a0ushtruan kontroll dhe kan\u00eb konstatuar munges\u00eb t\u00eb arkave me banana.<\/span><\/p>\n<p><span style=\"color: #000000;\">Pas k\u00ebsaj, kontejneri \u00ebsht\u00eb mbyllur dhe ripumblosur dhe m\u00eb pas arriti n\u00eb portin e Durr\u00ebsit. Nga kontrolli n\u00eb skaner, kontenieri ka rezultuar i past\u00ebr dhe ka dal\u00eb nga porti me destinacon magazinat e firm\u00ebs n\u00eb periferi t\u00eb qytetit t\u00eb Tiran\u00ebs.<\/span><\/p>\n<p><span style=\"color: #000000;\">Por p\u00ebrgjat\u00eb aksit Durr\u00ebs \u2013 Tiran\u00eb, n\u00eb vendin e quajtur Romanat, kamioni q\u00eb transportonte kontenierin \u00ebsht\u00eb ndaluar nga persona ende t\u00eb paidentifikuar, t\u00eb veshur si polic\u00eb t\u00eb cil\u00ebt p\u00ebr disa minuta kan\u00eb ushtruar kontroll n\u00eb kamion dhe m\u00eb pas jan\u00eb larguar me shpejt\u00ebsi. Por n\u00eb vend q\u00eb ta raportonte ngjarjen, pik\u00ebpyetje e madhe \u00ebsht\u00eb q\u00eb shoferi nuk njoftoi policin\u00eb, por sistemoi arkat me banane, mbylli kamionin dhe njoftoi koleg\u00ebt se i ishin shpuar dy goma. Ai informoi vet\u00ebm nj\u00eb dit\u00eb m\u00eb von\u00eb.<\/span><\/p>\n<p><span style=\"color: #000000;\">P\u00ebr k\u00ebt\u00eb situat\u00eb, p\u00ebrfaq\u00ebsuesit e firm\u00ebs importuese t\u00eb bananeve kan\u00eb njoftuar Policin\u00eb e Shtetit. Kur policia nd\u00ebrhyri, zbuloi se n\u00eb 7 arka ishin fshehur n\u00eb pjes\u00ebn e poshtme t\u00eb tyre, 100 pako me l\u00ebnd\u00eb narkotike kokain\u00eb. Kontenieri me banane kishte ardhur nga Ekuadori.<\/span><\/p>\n","protected":false,"gt_translate_keys":[{"key":"rendered","format":"html"}]},"excerpt":{"rendered":"<p>Prokuroria ka nisur marrjen n\u00eb pyetje sot t\u00eb doganier\u00ebve dhe punonj\u00ebsve t\u00eb skanerit n\u00eb Portin e Durr\u00ebsit, nga ku kaloi nj\u00eb kontenier me 119 kilogram\u00eb kokain\u00eb i cili u kap n\u00eb Vaqarr. Sipas televizionit \u201cNews 24\u201d hetuesit po marrin n\u00eb pyetje punonj\u00ebsit e portit p\u00ebr t\u00eb kuptuar si kontenieri mundi t\u00eb dilte i past\u00ebr gjat\u00eb [&hellip;]<\/p>\n","protected":false,"gt_translate_keys":[{"key":"rendered","format":"html"}]},"author":30,"featured_media":495732,"comment_status":"closed","ping_status":"closed","sticky":false,"template":"","format":"standard","meta":{"footnotes":""},"categories":[65,13],"tags":[],"class_list":["post-495731","post","type-post","status-publish","format-standard","has-post-thumbnail","hentry","category-lajme","category-te-fundit"],"gt_translate_keys":[{"key":"link","format":"url"}],"_links":{"self":[{"href":"https:\/\/www.hashtag.al\/index.php\/wp-json\/wp\/v2\/posts\/495731","targetHints":{"allow":["GET"]}}],"collection":[{"href":"https:\/\/www.hashtag.al\/index.php\/wp-json\/wp\/v2\/posts"}],"about":[{"href":"https:\/\/www.hashtag.al\/index.php\/wp-json\/wp\/v2\/types\/post"}],"author":[{"embeddable":true,"href":"https:\/\/www.hashtag.al\/index.php\/wp-json\/wp\/v2\/users\/30"}],"replies":[{"embeddable":true,"href":"https:\/\/www.hashtag.al\/index.php\/wp-json\/wp\/v2\/comments?post=495731"}],"version-history":[{"count":0,"href":"https:\/\/www.hashtag.al\/index.php\/wp-json\/wp\/v2\/posts\/495731\/revisions"}],"wp:featuredmedia":[{"embeddable":true,"href":"https:\/\/www.hashtag.al\/index.php\/wp-json\/wp\/v2\/media\/495732"}],"wp:attachment":[{"href":"https:\/\/www.hashtag.al\/index.php\/wp-json\/wp\/v2\/media?parent=495731"}],"wp:term":[{"taxonomy":"category","embeddable":true,"href":"https:\/\/www.hashtag.al\/index.php\/wp-json\/wp\/v2\/categories?post=495731"},{"taxonomy":"post_tag","embeddable":true,"href":"https:\/\/www.hashtag.al\/index.php\/wp-json\/wp\/v2\/tags?post=495731"}],"curies":[{"name":"wp","href":"https:\/\/api.w.org\/{rel}","templated":true}]}}