{"id":495724,"date":"2022-01-06T13:46:26","date_gmt":"2022-01-06T12:46:26","guid":{"rendered":"https:\/\/www.hashtag.al\/?p=495724"},"modified":"2022-01-06T13:52:32","modified_gmt":"2022-01-06T12:52:32","slug":"vrasja-e-azem-hajdarit-prokuroria-kerkon-25-vite-burg-per-izet-haxhine","status":"publish","type":"post","link":"https:\/\/www.hashtag.al\/index.php\/2022\/01\/06\/vrasja-e-azem-hajdarit-prokuroria-kerkon-25-vite-burg-per-izet-haxhine\/","title":{"rendered":"Vrasja e Azem Hajdarit\/ Prokuroria k\u00ebrkon 25 vite burg p\u00ebr Izet Haxhin\u00eb","gt_translate_keys":[{"key":"rendered","format":"text"}]},"content":{"rendered":"<p><span style=\"color: #000000;\"><a href=\"https:\/\/www.hashtag.al\/wp-content\/uploads\/2022\/01\/Izet-Haxhia.jpg\"><img loading=\"lazy\" decoding=\"async\" class=\"aligncenter size-full wp-image-495725\" src=\"https:\/\/www.hashtag.al\/wp-content\/uploads\/2022\/01\/Izet-Haxhia.jpg\" alt=\"\" width=\"976\" height=\"573\" srcset=\"https:\/\/www.hashtag.al\/wp-content\/uploads\/2022\/01\/Izet-Haxhia.jpg 976w, https:\/\/www.hashtag.al\/wp-content\/uploads\/2022\/01\/Izet-Haxhia-300x176.jpg 300w, https:\/\/www.hashtag.al\/wp-content\/uploads\/2022\/01\/Izet-Haxhia-768x451.jpg 768w\" sizes=\"auto, (max-width: 976px) 100vw, 976px\" \/><\/a><\/span><\/p>\n<p><span style=\"color: #000000;\">Prokuroria ka k\u00ebrkuar sot d\u00ebnimin me 25 vite burg p\u00ebr ish-truproj\u00ebn e Sali Berish\u00ebs, Izet Haxhin\u00eb.<\/span><\/p>\n<p><span style=\"color: #000000;\">Kujtojm\u00eb se avokati i Haxhis\u00eb ka k\u00ebrkuar rihapje t\u00eb shqyrtimit gjyq\u00ebsor pas 22 viteve.<\/span><\/p>\n<p><span style=\"color: #000000;\">Sipas televizionit \u201cNews 24\u201d seanca ndaj Haxhis\u00eb ka nisur me tone t\u00eb acaruara, pasi avokati i tij ka th\u00ebn\u00eb se ka edhe prova t\u00eb tjera, t\u00eb cilat duhen shqyrtuar, por k\u00ebrkesa \u00ebsht\u00eb rr\u00ebzuar nga gjykata.\u00a0<\/span><\/p>\n<p><span style=\"color: #000000;\">Kjo e ka nervozuar Izet Haxhin\u00eb, i cili ka braktisur sall\u00ebn e gjyqit.\u00a0<\/span><\/p>\n<p><span style=\"color: #000000;\">Izet Haxhia akuzohet lidhur me vrasjen e ish-deputetit t\u00eb Partis\u00eb Demokratike, Azem Hajdari m\u00eb 12 shtator 1998. Ai ishte gjykuar dhe d\u00ebnuar n\u00eb munges\u00eb me 25 vite burg si bashk\u00ebpun\u00ebtor n\u00eb vrasjen e Hajdarit. Haxhia u arrestua n\u00eb Turqi n\u00eb vitin 2006 dhe u ekstradua n\u00eb Shqip\u00ebri m\u00eb 8 maj t\u00eb 2018 ku k\u00ebrkoi rigjykim t\u00eb \u00e7\u00ebshtjes.<\/span><\/p>\n","protected":false,"gt_translate_keys":[{"key":"rendered","format":"html"}]},"excerpt":{"rendered":"<p>Prokuroria ka k\u00ebrkuar sot d\u00ebnimin me 25 vite burg p\u00ebr ish-truproj\u00ebn e Sali Berish\u00ebs, Izet Haxhin\u00eb. Kujtojm\u00eb se avokati i Haxhis\u00eb ka k\u00ebrkuar rihapje t\u00eb shqyrtimit gjyq\u00ebsor pas 22 viteve. Sipas televizionit \u201cNews 24\u201d seanca ndaj Haxhis\u00eb ka nisur me tone t\u00eb acaruara, pasi avokati i tij ka th\u00ebn\u00eb se ka edhe prova t\u00eb tjera, [&hellip;]<\/p>\n","protected":false,"gt_translate_keys":[{"key":"rendered","format":"html"}]},"author":30,"featured_media":495725,"comment_status":"closed","ping_status":"closed","sticky":false,"template":"","format":"standard","meta":{"footnotes":""},"categories":[65,13],"tags":[],"class_list":["post-495724","post","type-post","status-publish","format-standard","has-post-thumbnail","hentry","category-lajme","category-te-fundit"],"gt_translate_keys":[{"key":"link","format":"url"}],"_links":{"self":[{"href":"https:\/\/www.hashtag.al\/index.php\/wp-json\/wp\/v2\/posts\/495724","targetHints":{"allow":["GET"]}}],"collection":[{"href":"https:\/\/www.hashtag.al\/index.php\/wp-json\/wp\/v2\/posts"}],"about":[{"href":"https:\/\/www.hashtag.al\/index.php\/wp-json\/wp\/v2\/types\/post"}],"author":[{"embeddable":true,"href":"https:\/\/www.hashtag.al\/index.php\/wp-json\/wp\/v2\/users\/30"}],"replies":[{"embeddable":true,"href":"https:\/\/www.hashtag.al\/index.php\/wp-json\/wp\/v2\/comments?post=495724"}],"version-history":[{"count":0,"href":"https:\/\/www.hashtag.al\/index.php\/wp-json\/wp\/v2\/posts\/495724\/revisions"}],"wp:featuredmedia":[{"embeddable":true,"href":"https:\/\/www.hashtag.al\/index.php\/wp-json\/wp\/v2\/media\/495725"}],"wp:attachment":[{"href":"https:\/\/www.hashtag.al\/index.php\/wp-json\/wp\/v2\/media?parent=495724"}],"wp:term":[{"taxonomy":"category","embeddable":true,"href":"https:\/\/www.hashtag.al\/index.php\/wp-json\/wp\/v2\/categories?post=495724"},{"taxonomy":"post_tag","embeddable":true,"href":"https:\/\/www.hashtag.al\/index.php\/wp-json\/wp\/v2\/tags?post=495724"}],"curies":[{"name":"wp","href":"https:\/\/api.w.org\/{rel}","templated":true}]}}