{"id":495633,"date":"2022-01-06T07:32:02","date_gmt":"2022-01-06T06:32:02","guid":{"rendered":"https:\/\/www.hashtag.al\/?p=495633"},"modified":"2022-01-06T07:44:08","modified_gmt":"2022-01-06T06:44:08","slug":"nje-koncesion-ppp-per-zhvillimin-e-aftesive-te-te-rinjve","status":"publish","type":"post","link":"https:\/\/www.hashtag.al\/index.php\/2022\/01\/06\/nje-koncesion-ppp-per-zhvillimin-e-aftesive-te-te-rinjve\/","title":{"rendered":"Nj\u00eb koncesion PPP p\u00ebr zhvillimin e aft\u00ebsive t\u00eb t\u00eb rinjve","gt_translate_keys":[{"key":"rendered","format":"text"}]},"content":{"rendered":"<p><span style=\"color: #000000;\"><img loading=\"lazy\" decoding=\"async\" class=\"aligncenter size-full wp-image-495634\" src=\"https:\/\/www.hashtag.al\/wp-content\/uploads\/2022\/01\/rini.jpg\" alt=\"\" width=\"757\" height=\"461\" srcset=\"https:\/\/www.hashtag.al\/wp-content\/uploads\/2022\/01\/rini.jpg 757w, https:\/\/www.hashtag.al\/wp-content\/uploads\/2022\/01\/rini-300x183.jpg 300w\" sizes=\"auto, (max-width: 757px) 100vw, 757px\" \/><\/span><\/p>\n<p><span style=\"color: #000000;\">Qeveria shqiptare do t\u00eb eksperimentoj\u00eb zhvillimin e nj\u00eb koncesioni PPP (Partneritet Publik-Privat) p\u00ebr ngritjen e nj\u00eb qendre p\u00ebr zhvillimin e aft\u00ebsive t\u00eb rinjve dhe t\u00eb papun\u00ebve n\u00ebp\u00ebrmjet kurseve profesionale.<\/span><\/p>\n<p><span style=\"color: #000000;\">Programi i ri i reformave ekonomike 2022-2024 referon se, p\u00ebrvoja nd\u00ebrkomb\u00ebtare tregon se ka nj\u00eb potencial premtues p\u00ebr bashk\u00ebpunim me investitor\u00ebt n\u00eb lidhje me masat e zhvillimit t\u00eb aft\u00ebsive. Zbatimi i modeleve PPP p\u00ebr zhvillimin e aft\u00ebsive konsiderohet nj\u00eb opsion strategjik premtues.<\/span><\/p>\n<p><span style=\"color: #000000;\">Fillimisht do t\u00eb kryhet nj\u00eb studim gjith\u00ebp\u00ebrfshir\u00ebs fizibiliteti p\u00ebr t\u00eb vler\u00ebsuar potencialin e nj\u00eb qendre trajnimi pilot bazuar n\u00eb modelin PPP dhe n\u00eb bashk\u00ebpunim me investitor\u00ebt n\u00eb nj\u00eb zon\u00eb t\u00eb lir\u00eb ekonomike. Kjo qend\u00ebr mund t\u00eb p\u00ebrfshij\u00eb programe trajnimi t\u00eb orientuara nga synimi, si kurse teknike, trajnime profesionale ose diploma bachelor.<\/span><\/p>\n<p><span style=\"color: #000000;\">Shkalla e pun\u00ebsimit t\u00eb t\u00eb rinjve \u00ebsht\u00eb 41,6 % n\u00eb tremujorin e dyt\u00eb 2021. Pavar\u00ebsisht nj\u00eb rritjeje prej 1,9 pik\u00eb p\u00ebrqindjeje n\u00eb 2021, pun\u00ebsimi i t\u00eb rinjve 15-24 vje\u00e7 mbetet prapa pjes\u00ebs tjet\u00ebr t\u00eb popullsis\u00eb s\u00eb rritur,. Megjithat\u00eb, normat e pjes\u00ebmarrjes n\u00eb fuqin\u00eb pun\u00ebtore mbeten gjithashtu n\u00ebn mesataret e BE-s\u00eb, N\u00eb vitin 2021, shkalla e pjes\u00ebmarrjes s\u00eb t\u00eb rinjve (popullsia nga 15 deri n\u00eb 29 vje\u00e7) vazhdoi t\u00eb ishte m\u00eb e ul\u00ebt se p\u00ebr pjes\u00ebn tjet\u00ebr t\u00eb popullsis\u00eb s\u00eb rritur (51.9%). Ky tregues \u00ebsht\u00eb rritur me 1,1 pik\u00eb p\u00ebrqindjeje krahasuar me tremujorin e dyt\u00eb 2020 dhe me 1,7 pik\u00eb p\u00ebrqindje krahasuar me tremujorin e par\u00eb 2021.<\/span><\/p>\n<p><span style=\"color: #000000;\">T\u00eb rinjt\u00eb shqiptar\u00eb p\u00ebrballen me sfida t\u00eb r\u00ebnd\u00ebsishme n\u00eb p\u00ebrputhjen e kualifikimeve t\u00eb tyre t\u00eb arsimit t\u00eb lart\u00eb me k\u00ebrkesat e tregut t\u00eb pun\u00ebs dhe shpesh pranojn\u00eb pozicione t\u00eb p\u00ebrkohshme pun\u00ebsimi p\u00ebr t\u00eb cilat ata jan\u00eb t\u00eb mbikualifikuar si nj\u00eb alternativ\u00eb ndaj vendeve t\u00eb pakta t\u00eb pun\u00ebs n\u00eb fushat e tyre p\u00ebrkat\u00ebse t\u00eb specializimit.<\/span><\/p>\n<p><span style=\"color: #000000;\">Kjo shpesh \u00e7on n\u00eb vonesa n\u00eb fillimin e nj\u00eb jete t\u00eb pavarur dhe munges\u00eb motivimi p\u00ebr t\u00eb krijuar nj\u00eb familje ose p\u00ebr t\u00eb qen\u00eb m\u00eb aktiv n\u00eb shoq\u00ebri dhe n\u00eb afat t\u00eb gjat\u00eb \u00e7on n\u00eb t\u00eb ardhura m\u00eb t\u00eb ul\u00ebta, rrezik m\u00eb t\u00eb lart\u00eb t\u00eb varf\u00ebris\u00eb dhe dekurajim p\u00ebr t\u00eb qen\u00eb aktiv n\u00eb tregun e pun\u00ebs p\u00ebr t\u00eb rinjt\u00eb. . Ekziston nj\u00eb nevoj\u00eb e vazhdueshme p\u00ebr t\u2019u fokusuar tek t\u00eb rinjt\u00eb NEET nga grupet vulnerab\u00ebl.<\/span><\/p>\n<p><span style=\"color: #000000;\">Rinia mund t\u00eb identifikohet si nj\u00eb grup vulnerab\u00ebl q\u00eb p\u00ebrballet me sfida t\u00eb m\u00ebdha si rreziku i varf\u00ebris\u00eb, papun\u00ebsia e lart\u00eb dhe shkalla e papun\u00ebsis\u00eb afatgjat\u00eb, normat e larta NEET. Disa nga sfidat jan\u00eb edhe m\u00eb t\u00eb m\u00ebdha p\u00ebr t\u00eb rejat, t\u00eb tjera p\u00ebr t\u00eb rinjt\u00eb. Pjes\u00ebmarrja ekonomike e t\u00eb rinjve \u00ebsht\u00eb ende duksh\u00ebm n\u00ebn mesataren e BE-s\u00eb.<\/span><\/p>\n<p><span style=\"color: #000000;\">Programet e trajnimit profesional q\u00eb jan\u00eb drejtuar nga qeveria deri m\u00eb tani shpesh nuk rezultojn\u00eb efektive dhe nuk i p\u00ebrgjigjen nevojave t\u00eb tregut t\u00eb pun\u00ebs. Ndaj qeveria duket se do t\u00eb autorizoj\u00eb nj\u00eb PPP q\u00eb do t\u00eb udh\u00ebhiqet nga privat\u00ebt p\u00ebr p\u00ebrmir\u00ebsimin e aft\u00ebsive te t\u00eb rinjve n\u00eb tregun e pun\u00ebs.<\/span><\/p>\n<p><span style=\"color: #000000;\"><span style=\"color: #ff0000;\"><strong>VINI RE<\/strong><\/span>: Ky material \u00ebsht\u00eb pron\u00ebsi intelektuale e <span style=\"color: #0000ff;\"><a style=\"color: #0000ff;\" href=\"https:\/\/www.monitor.al\/nje-koncesion-ppp-per-zhvillimin-e-aftesive-te-te-rinjve\/\">Monitor<\/a><\/span><\/span><\/p>\n","protected":false,"gt_translate_keys":[{"key":"rendered","format":"html"}]},"excerpt":{"rendered":"<p>Qeveria shqiptare do t\u00eb eksperimentoj\u00eb zhvillimin e nj\u00eb koncesioni PPP (Partneritet Publik-Privat) p\u00ebr ngritjen e nj\u00eb qendre p\u00ebr zhvillimin e aft\u00ebsive t\u00eb rinjve dhe t\u00eb papun\u00ebve n\u00ebp\u00ebrmjet kurseve profesionale. Programi i ri i reformave ekonomike 2022-2024 referon se, p\u00ebrvoja nd\u00ebrkomb\u00ebtare tregon se ka nj\u00eb potencial premtues p\u00ebr bashk\u00ebpunim me investitor\u00ebt n\u00eb lidhje me masat e [&hellip;]<\/p>\n","protected":false,"gt_translate_keys":[{"key":"rendered","format":"html"}]},"author":51,"featured_media":495634,"comment_status":"closed","ping_status":"closed","sticky":false,"template":"","format":"standard","meta":{"footnotes":""},"categories":[65,13],"tags":[],"class_list":["post-495633","post","type-post","status-publish","format-standard","has-post-thumbnail","hentry","category-lajme","category-te-fundit"],"gt_translate_keys":[{"key":"link","format":"url"}],"_links":{"self":[{"href":"https:\/\/www.hashtag.al\/index.php\/wp-json\/wp\/v2\/posts\/495633","targetHints":{"allow":["GET"]}}],"collection":[{"href":"https:\/\/www.hashtag.al\/index.php\/wp-json\/wp\/v2\/posts"}],"about":[{"href":"https:\/\/www.hashtag.al\/index.php\/wp-json\/wp\/v2\/types\/post"}],"author":[{"embeddable":true,"href":"https:\/\/www.hashtag.al\/index.php\/wp-json\/wp\/v2\/users\/51"}],"replies":[{"embeddable":true,"href":"https:\/\/www.hashtag.al\/index.php\/wp-json\/wp\/v2\/comments?post=495633"}],"version-history":[{"count":0,"href":"https:\/\/www.hashtag.al\/index.php\/wp-json\/wp\/v2\/posts\/495633\/revisions"}],"wp:featuredmedia":[{"embeddable":true,"href":"https:\/\/www.hashtag.al\/index.php\/wp-json\/wp\/v2\/media\/495634"}],"wp:attachment":[{"href":"https:\/\/www.hashtag.al\/index.php\/wp-json\/wp\/v2\/media?parent=495633"}],"wp:term":[{"taxonomy":"category","embeddable":true,"href":"https:\/\/www.hashtag.al\/index.php\/wp-json\/wp\/v2\/categories?post=495633"},{"taxonomy":"post_tag","embeddable":true,"href":"https:\/\/www.hashtag.al\/index.php\/wp-json\/wp\/v2\/tags?post=495633"}],"curies":[{"name":"wp","href":"https:\/\/api.w.org\/{rel}","templated":true}]}}