{"id":495374,"date":"2022-01-04T18:11:41","date_gmt":"2022-01-04T17:11:41","guid":{"rendered":"https:\/\/www.hashtag.al\/?p=495374"},"modified":"2022-01-04T18:11:41","modified_gmt":"2022-01-04T17:11:41","slug":"hetimet-per-mashtrim-dy-nga-femijet-e-donald-trump-refuzojne-te-deshmojne","status":"publish","type":"post","link":"https:\/\/www.hashtag.al\/index.php\/2022\/01\/04\/hetimet-per-mashtrim-dy-nga-femijet-e-donald-trump-refuzojne-te-deshmojne\/","title":{"rendered":"Hetimet p\u00ebr mashtrim, dy nga f\u00ebmij\u00ebt e Donald Trump refuzojn\u00eb t\u00eb d\u00ebshmojn\u00eb","gt_translate_keys":[{"key":"rendered","format":"text"}]},"content":{"rendered":"<p style=\"text-align: justify;\"><span style=\"color: #000000;\"><img loading=\"lazy\" decoding=\"async\" class=\"aligncenter size-full wp-image-495375\" src=\"https:\/\/www.hashtag.al\/wp-content\/uploads\/2022\/01\/eight_col_trumps.jpg\" alt=\"\" width=\"720\" height=\"450\" srcset=\"https:\/\/www.hashtag.al\/wp-content\/uploads\/2022\/01\/eight_col_trumps.jpg 720w, https:\/\/www.hashtag.al\/wp-content\/uploads\/2022\/01\/eight_col_trumps-300x188.jpg 300w\" sizes=\"auto, (max-width: 720px) 100vw, 720px\" \/><\/span><\/p>\n<p style=\"text-align: justify;\"><span style=\"color: #000000;\">Dy nga f\u00ebmij\u00ebt e Donald Trumpit kan\u00eb refuzuar t\u00eb d\u00ebshmojn\u00eb lidhur me nj\u00eb rast hetimi p\u00ebr mashtrim n\u00eb biznesin e familjes.<\/span><\/p>\n<p style=\"text-align: justify;\"><span style=\"color: #000000;\">Donald Jr, 44 vje\u00e7 dhe Ivanka, 40 vje\u00e7, u urdh\u00ebruan t\u00eb jepnin d\u00ebshmi nga Prokurorja e P\u00ebrgjithshme e New Yorkut, Letitia James.<\/span><\/p>\n<p style=\"text-align: justify;\"><span style=\"color: #000000;\">Ajo hapi nj\u00eb hetim civil n\u00eb vitin 2019 mbi pretendimet se \u2013 p\u00ebrpara se t\u00eb merrte detyr\u00ebn \u2013 Trump kishte fryr\u00eb vler\u00ebn e aseteve t\u00eb tij n\u00eb banka kur k\u00ebrkonte hua.<\/span><\/p>\n<p style=\"text-align: justify;\"><span style=\"color: #000000;\">Avokat\u00ebt e Trumpit po p\u00ebrpiqen ta ndalojn\u00eb James q\u00eb t\u00eb marr\u00eb n\u00eb pyetje ish-presidentin amerikan dhe f\u00ebmij\u00ebt e tij.<\/span><\/p>\n<p style=\"text-align: justify;\"><span style=\"color: #000000;\">Ata i kan\u00eb k\u00ebrkuar nj\u00eb gjyqtari q\u00eb t\u00eb anuloj\u00eb ofert\u00ebn \u201ce paprecedent\u00eb dhe antikushtetuese\u201d p\u00ebr d\u00ebshmin\u00eb e tyre, raporton BBC.<\/span><\/p>\n<p style=\"text-align: justify;\"><span style=\"color: #000000;\">Trump e paditi James muajin e kaluar, duke akuzuar prokuroren e p\u00ebrgjithshme \u2013 nj\u00eb demokrate e zgjedhur \u2013 p\u00ebr nj\u00eb gjueti shtrigash t\u00eb motivuar politikisht kund\u00ebr tij, si nj\u00eb republikan.<\/span><\/p>\n<p style=\"text-align: justify;\"><span style=\"color: #000000;\">Ajo kishte k\u00ebrkuar q\u00eb ai t\u00eb d\u00ebshmonte personalisht n\u00eb zyr\u00ebn e saj p\u00ebrpara t\u00eb premtes.<\/span><\/p>\n<p style=\"text-align: justify;\"><span style=\"color: #000000;\">Kjo \u00ebsht\u00eb hera e par\u00eb q\u00eb hetuesit kan\u00eb th\u00ebn\u00eb se duan ta marrin n\u00eb pyetje Donald Junior dhe Ivanka n\u00ebn betim.<\/span><\/p>\n<p style=\"text-align: justify;\"><span style=\"color: #000000;\">Z\u00ebdh\u00ebn\u00ebsi i James tha: \u201cNe kemi besim se pyetjet tona do t\u00eb marrin p\u00ebrgjigje dhe e v\u00ebrteta do t\u00eb zbulohet, sepse askush nuk \u00ebsht\u00eb mbi ligjin\u201d.<\/span><\/p>\n<p style=\"text-align: justify;\"><span style=\"color: #000000;\">Djali tjet\u00ebr, Eric, 37 vje\u00e7, i cili \u00ebsht\u00eb n\u00ebnkryetar ekzekutiv n\u00eb Organizat\u00ebn Trump, u mor n\u00eb pyetje n\u00eb tetor 2020.<\/span><\/p>\n<p style=\"text-align: justify;\"><span style=\"color: #000000;\">\u00c7\u00ebshtja civile e James \u00ebsht\u00eb e ndar\u00eb nga nj\u00eb hetim penal i vazhduesh\u00ebm n\u00eb Manhatan p\u00ebr praktikat e biznesit t\u00eb organizat\u00ebs.<\/span><\/p>\n","protected":false,"gt_translate_keys":[{"key":"rendered","format":"html"}]},"excerpt":{"rendered":"<p>Dy nga f\u00ebmij\u00ebt e Donald Trumpit kan\u00eb refuzuar t\u00eb d\u00ebshmojn\u00eb lidhur me nj\u00eb rast hetimi p\u00ebr mashtrim n\u00eb biznesin e familjes. Donald Jr, 44 vje\u00e7 dhe Ivanka, 40 vje\u00e7, u urdh\u00ebruan t\u00eb jepnin d\u00ebshmi nga Prokurorja e P\u00ebrgjithshme e New Yorkut, Letitia James. Ajo hapi nj\u00eb hetim civil n\u00eb vitin 2019 mbi pretendimet se \u2013 [&hellip;]<\/p>\n","protected":false,"gt_translate_keys":[{"key":"rendered","format":"html"}]},"author":32,"featured_media":495375,"comment_status":"closed","ping_status":"closed","sticky":false,"template":"","format":"standard","meta":{"footnotes":""},"categories":[6,13],"tags":[],"class_list":["post-495374","post","type-post","status-publish","format-standard","has-post-thumbnail","hentry","category-nderkombetare","category-te-fundit"],"gt_translate_keys":[{"key":"link","format":"url"}],"_links":{"self":[{"href":"https:\/\/www.hashtag.al\/index.php\/wp-json\/wp\/v2\/posts\/495374","targetHints":{"allow":["GET"]}}],"collection":[{"href":"https:\/\/www.hashtag.al\/index.php\/wp-json\/wp\/v2\/posts"}],"about":[{"href":"https:\/\/www.hashtag.al\/index.php\/wp-json\/wp\/v2\/types\/post"}],"author":[{"embeddable":true,"href":"https:\/\/www.hashtag.al\/index.php\/wp-json\/wp\/v2\/users\/32"}],"replies":[{"embeddable":true,"href":"https:\/\/www.hashtag.al\/index.php\/wp-json\/wp\/v2\/comments?post=495374"}],"version-history":[{"count":0,"href":"https:\/\/www.hashtag.al\/index.php\/wp-json\/wp\/v2\/posts\/495374\/revisions"}],"wp:featuredmedia":[{"embeddable":true,"href":"https:\/\/www.hashtag.al\/index.php\/wp-json\/wp\/v2\/media\/495375"}],"wp:attachment":[{"href":"https:\/\/www.hashtag.al\/index.php\/wp-json\/wp\/v2\/media?parent=495374"}],"wp:term":[{"taxonomy":"category","embeddable":true,"href":"https:\/\/www.hashtag.al\/index.php\/wp-json\/wp\/v2\/categories?post=495374"},{"taxonomy":"post_tag","embeddable":true,"href":"https:\/\/www.hashtag.al\/index.php\/wp-json\/wp\/v2\/tags?post=495374"}],"curies":[{"name":"wp","href":"https:\/\/api.w.org\/{rel}","templated":true}]}}