{"id":495231,"date":"2022-01-04T08:46:02","date_gmt":"2022-01-04T07:46:02","guid":{"rendered":"https:\/\/www.hashtag.al\/?p=495231"},"modified":"2022-01-04T08:46:02","modified_gmt":"2022-01-04T07:46:02","slug":"zona-e-plazhit-vetem-per-gra-anulohet-vetem-disa-ore-pas-hapjes","status":"publish","type":"post","link":"https:\/\/www.hashtag.al\/index.php\/2022\/01\/04\/zona-e-plazhit-vetem-per-gra-anulohet-vetem-disa-ore-pas-hapjes\/","title":{"rendered":"Zona e plazhit vet\u00ebm p\u00ebr gra anulohet vet\u00ebm disa or\u00eb pas hapjes","gt_translate_keys":[{"key":"rendered","format":"text"}]},"content":{"rendered":"<p><span style=\"color: #000000;\"><img loading=\"lazy\" decoding=\"async\" class=\"aligncenter size-full wp-image-495232\" src=\"https:\/\/www.hashtag.al\/wp-content\/uploads\/2022\/01\/bangladesh.jpg\" alt=\"\" width=\"768\" height=\"432\" srcset=\"https:\/\/www.hashtag.al\/wp-content\/uploads\/2022\/01\/bangladesh.jpg 768w, https:\/\/www.hashtag.al\/wp-content\/uploads\/2022\/01\/bangladesh-300x169.jpg 300w\" sizes=\"auto, (max-width: 768px) 100vw, 768px\" \/><\/span><\/p>\n<p><span style=\"color: #000000;\">Autoritetet n\u00eb resortin kryesor turistik t\u00eb Bangladeshit jan\u00eb t\u00ebrhequr me shpejt\u00ebsi nga vendimi i tyre p\u00ebr t\u00eb hapur nj\u00eb zon\u00eb plazhi vet\u00ebm p\u00ebr grat\u00eb, pasi p\u00ebrdoruesit e mediave sociale i krahasuan ato me taleban\u00ebt.<\/span><\/p>\n<p><span style=\"color: #000000;\">Nj\u00eb zon\u00eb ekskluzive p\u00ebr grat\u00eb dhe f\u00ebmij\u00ebt ishte l\u00ebn\u00eb m\u00ebnjan\u00eb n\u00eb plazhin Cox&#8217;s Bazar, i shtrir\u00eb n\u00eb rreth 120 kilometra dhe nj\u00eb tabel\u00eb e madhe e ngritur n\u00eb r\u00ebr\u00eb p\u00ebr t\u00eb informuar plazhist\u00ebt p\u00ebr rregullat e reja.<\/span><\/p>\n<p><span style=\"color: #000000;\">Nj\u00eb zyrtar i lart\u00eb i tha agjencis\u00eb s\u00eb lajmeve AFP se grat\u00eb vendase kishin \u2018k\u00ebrkuar nj\u00eb seksion plazhi t\u00eb p\u00ebrshtatur p\u00ebr veten e tyre, sepse ndiheshin t\u00eb turpshme dhe t\u00eb pasigurta n\u00eb nj\u00eb vend t\u00eb mbushur me burra. Bangladeshi \u00ebsht\u00eb nj\u00eb vend mysliman prej 161 milion\u00eb banor\u00ebsh, me nj\u00eb popullsi kryesisht konservatore.<\/span><\/p>\n<p><span style=\"color: #000000;\">L\u00ebvizja ishte b\u00ebr\u00eb pas p\u00ebrdhunimit n\u00eb grup t\u00eb nj\u00eb gruaje n\u00eb Cox&#8217;s Bazar jav\u00ebn e kaluar, gj\u00eb q\u00eb ngriti shqet\u00ebsime p\u00ebr sigurin\u00eb n\u00eb zon\u00eb, e cila vizitohet si nga turist\u00eb t\u00eb huaj ashtu edhe vendas. Megjithat\u00eb, vet\u00ebm disa or\u00eb m\u00eb von\u00eb, zona vet\u00ebm p\u00ebr femra u hoq.<\/span><\/p>\n<p><span style=\"color: #000000;\">Autoritetet m\u00eb pas l\u00ebshuan nj\u00eb deklarat\u00eb duke th\u00ebn\u00eb se vendimi ishte \u2018t\u00ebrhequr\u2019 p\u00ebr ato q\u00eb ata i p\u00ebrshkruan si \u2018komente negative\u2019.<\/span><\/p>\n<p><span style=\"color: #000000;\">Nj\u00eb num\u00ebr i p\u00ebrdoruesve t\u00eb mediave sociale e kishin hedhur posht\u00eb nism\u00ebn, duke akuzuar administrat\u00ebn e resortit p\u00ebr ndarje gjinore dhe p\u00ebr ofendim ndaj islamist\u00ebve.<\/span><\/p>\n<p><span style=\"color: #000000;\">\u2018Ky \u00ebsht\u00eb Talebanistani\u2019, deklaroi gazetari i shquar Syed Ishtiaque Reza n\u00eb Facebook, duke iu referuar l\u00ebvizjes radikale talebane, e cila ka imponuar rregullat e saj strikte islame mbi sjelljen e grave q\u00eb kur mori pushtetin n\u00eb Afganistan n\u00eb gusht.<\/span><\/p>\n<p><span style=\"color: #000000;\">Ai u mb\u00ebshtet nga shum\u00eb t\u00eb tjer\u00eb, t\u00eb cil\u00ebt k\u00ebmb\u00ebngul\u00ebn se autoritetet nuk duhet t\u00eb dor\u00ebzohen para grupeve islamike t\u00eb vij\u00ebs s\u00eb ashp\u00ebr q\u00eb kan\u00eb organizuar mitingje n\u00eb t\u00eb gjith\u00eb Bangladeshin vitet e fundit dhe kan\u00eb k\u00ebrkuar ndarjen e gjinive n\u00eb vendet e pun\u00ebs.<\/span><\/p>\n","protected":false,"gt_translate_keys":[{"key":"rendered","format":"html"}]},"excerpt":{"rendered":"<p>Autoritetet n\u00eb resortin kryesor turistik t\u00eb Bangladeshit jan\u00eb t\u00ebrhequr me shpejt\u00ebsi nga vendimi i tyre p\u00ebr t\u00eb hapur nj\u00eb zon\u00eb plazhi vet\u00ebm p\u00ebr grat\u00eb, pasi p\u00ebrdoruesit e mediave sociale i krahasuan ato me taleban\u00ebt. Nj\u00eb zon\u00eb ekskluzive p\u00ebr grat\u00eb dhe f\u00ebmij\u00ebt ishte l\u00ebn\u00eb m\u00ebnjan\u00eb n\u00eb plazhin Cox&#8217;s Bazar, i shtrir\u00eb n\u00eb rreth 120 kilometra dhe [&hellip;]<\/p>\n","protected":false,"gt_translate_keys":[{"key":"rendered","format":"html"}]},"author":51,"featured_media":495232,"comment_status":"closed","ping_status":"closed","sticky":false,"template":"","format":"standard","meta":{"footnotes":""},"categories":[53],"tags":[],"class_list":["post-495231","post","type-post","status-publish","format-standard","has-post-thumbnail","hentry","category-fast-foodi"],"gt_translate_keys":[{"key":"link","format":"url"}],"_links":{"self":[{"href":"https:\/\/www.hashtag.al\/index.php\/wp-json\/wp\/v2\/posts\/495231","targetHints":{"allow":["GET"]}}],"collection":[{"href":"https:\/\/www.hashtag.al\/index.php\/wp-json\/wp\/v2\/posts"}],"about":[{"href":"https:\/\/www.hashtag.al\/index.php\/wp-json\/wp\/v2\/types\/post"}],"author":[{"embeddable":true,"href":"https:\/\/www.hashtag.al\/index.php\/wp-json\/wp\/v2\/users\/51"}],"replies":[{"embeddable":true,"href":"https:\/\/www.hashtag.al\/index.php\/wp-json\/wp\/v2\/comments?post=495231"}],"version-history":[{"count":0,"href":"https:\/\/www.hashtag.al\/index.php\/wp-json\/wp\/v2\/posts\/495231\/revisions"}],"wp:featuredmedia":[{"embeddable":true,"href":"https:\/\/www.hashtag.al\/index.php\/wp-json\/wp\/v2\/media\/495232"}],"wp:attachment":[{"href":"https:\/\/www.hashtag.al\/index.php\/wp-json\/wp\/v2\/media?parent=495231"}],"wp:term":[{"taxonomy":"category","embeddable":true,"href":"https:\/\/www.hashtag.al\/index.php\/wp-json\/wp\/v2\/categories?post=495231"},{"taxonomy":"post_tag","embeddable":true,"href":"https:\/\/www.hashtag.al\/index.php\/wp-json\/wp\/v2\/tags?post=495231"}],"curies":[{"name":"wp","href":"https:\/\/api.w.org\/{rel}","templated":true}]}}