{"id":495107,"date":"2022-01-02T11:20:20","date_gmt":"2022-01-02T10:20:20","guid":{"rendered":"https:\/\/www.hashtag.al\/?p=495107"},"modified":"2022-01-02T11:20:20","modified_gmt":"2022-01-02T10:20:20","slug":"apeli-i-gjkko-se-rrezon-lefter-koken-do-qendroje-ne-burg-deri-ne-perfundimin-e-hetimeve","status":"publish","type":"post","link":"https:\/\/www.hashtag.al\/index.php\/2022\/01\/02\/apeli-i-gjkko-se-rrezon-lefter-koken-do-qendroje-ne-burg-deri-ne-perfundimin-e-hetimeve\/","title":{"rendered":"Apeli i GJKKO-s\u00eb rr\u00ebzon Lefter Kok\u00ebn, do q\u00ebndroj\u00eb n\u00eb burg deri n\u00eb p\u00ebrfundimin e hetimeve","gt_translate_keys":[{"key":"rendered","format":"text"}]},"content":{"rendered":"<p style=\"text-align: justify;\"><span style=\"color: #000000;\"><img loading=\"lazy\" decoding=\"async\" class=\"size-full wp-image-491776 aligncenter\" src=\"https:\/\/www.hashtag.al\/wp-content\/uploads\/2021\/12\/LEFTER-KOKA-1.jpg\" alt=\"\" width=\"796\" height=\"476\" srcset=\"https:\/\/www.hashtag.al\/wp-content\/uploads\/2021\/12\/LEFTER-KOKA-1.jpg 796w, https:\/\/www.hashtag.al\/wp-content\/uploads\/2021\/12\/LEFTER-KOKA-1-300x179.jpg 300w, https:\/\/www.hashtag.al\/wp-content\/uploads\/2021\/12\/LEFTER-KOKA-1-768x459.jpg 768w\" sizes=\"auto, (max-width: 796px) 100vw, 796px\" \/><\/span><\/p>\n<p style=\"text-align: justify;\"><span style=\"color: #000000;\">Apeli i GJKKO-s\u00eb ka rr\u00ebzuar k\u00ebrkes\u00ebn e ish-ministrit t\u00eb Mjedisit, Lefter Koka.<\/span><\/p>\n<p style=\"text-align: justify;\"><span style=\"color: #000000;\">Ish-ministri Koka k\u00ebrkoi lirimin nga burgu pasi u arrestua p\u00ebr dyshime p\u00ebr korrupsion n\u00eb afer\u00ebn e incinerator\u00ebve.<\/span><\/p>\n<p style=\"text-align: justify;\"><span style=\"color: #000000;\">N\u00eb seanc\u00ebn e sotme, Apeli vendosi q\u00eb Koka t\u00eb q\u00ebndroj\u00eb n\u00eb burg deri n\u00eb p\u00ebrfundim t\u00eb hetimeve.<\/span><\/p>\n<p style=\"text-align: justify;\"><span style=\"color: #000000;\">Koka akuzohet p\u00ebr veprat penale \u201cShp\u00ebrdorimi i detyr\u00ebs\u201d, \u201cKorrupsioni aktiv i funksionar\u00ebve t\u00eb lart\u00eb shtet\u00ebror\u00eb ose i t\u00eb zgjedhurve vendor\u00eb\u201d, \u201cKorrupsioni pasiv i funksionar\u00ebve t\u00eb lart\u00eb shtet\u00ebror\u00eb ose i t\u00eb zgjedhurve vendor\u00eb\u201d dhe \u201cPastrimi i produkteve t\u00eb vepr\u00ebs penale apo i veprimtaris\u00eb kriminale\u201d.<\/span><\/p>\n","protected":false,"gt_translate_keys":[{"key":"rendered","format":"html"}]},"excerpt":{"rendered":"<p>Apeli i GJKKO-s\u00eb ka rr\u00ebzuar k\u00ebrkes\u00ebn e ish-ministrit t\u00eb Mjedisit, Lefter Koka. Ish-ministri Koka k\u00ebrkoi lirimin nga burgu pasi u arrestua p\u00ebr dyshime p\u00ebr korrupsion n\u00eb afer\u00ebn e incinerator\u00ebve. N\u00eb seanc\u00ebn e sotme, Apeli vendosi q\u00eb Koka t\u00eb q\u00ebndroj\u00eb n\u00eb burg deri n\u00eb p\u00ebrfundim t\u00eb hetimeve. Koka akuzohet p\u00ebr veprat penale \u201cShp\u00ebrdorimi i detyr\u00ebs\u201d, \u201cKorrupsioni [&hellip;]<\/p>\n","protected":false,"gt_translate_keys":[{"key":"rendered","format":"html"}]},"author":32,"featured_media":491776,"comment_status":"closed","ping_status":"closed","sticky":false,"template":"","format":"standard","meta":{"footnotes":""},"categories":[65,13],"tags":[],"class_list":["post-495107","post","type-post","status-publish","format-standard","has-post-thumbnail","hentry","category-lajme","category-te-fundit"],"gt_translate_keys":[{"key":"link","format":"url"}],"_links":{"self":[{"href":"https:\/\/www.hashtag.al\/index.php\/wp-json\/wp\/v2\/posts\/495107","targetHints":{"allow":["GET"]}}],"collection":[{"href":"https:\/\/www.hashtag.al\/index.php\/wp-json\/wp\/v2\/posts"}],"about":[{"href":"https:\/\/www.hashtag.al\/index.php\/wp-json\/wp\/v2\/types\/post"}],"author":[{"embeddable":true,"href":"https:\/\/www.hashtag.al\/index.php\/wp-json\/wp\/v2\/users\/32"}],"replies":[{"embeddable":true,"href":"https:\/\/www.hashtag.al\/index.php\/wp-json\/wp\/v2\/comments?post=495107"}],"version-history":[{"count":0,"href":"https:\/\/www.hashtag.al\/index.php\/wp-json\/wp\/v2\/posts\/495107\/revisions"}],"wp:featuredmedia":[{"embeddable":true,"href":"https:\/\/www.hashtag.al\/index.php\/wp-json\/wp\/v2\/media\/491776"}],"wp:attachment":[{"href":"https:\/\/www.hashtag.al\/index.php\/wp-json\/wp\/v2\/media?parent=495107"}],"wp:term":[{"taxonomy":"category","embeddable":true,"href":"https:\/\/www.hashtag.al\/index.php\/wp-json\/wp\/v2\/categories?post=495107"},{"taxonomy":"post_tag","embeddable":true,"href":"https:\/\/www.hashtag.al\/index.php\/wp-json\/wp\/v2\/tags?post=495107"}],"curies":[{"name":"wp","href":"https:\/\/api.w.org\/{rel}","templated":true}]}}