{"id":495020,"date":"2021-12-31T15:55:35","date_gmt":"2021-12-31T14:55:35","guid":{"rendered":"https:\/\/www.hashtag.al\/?p=495020"},"modified":"2021-12-31T15:55:35","modified_gmt":"2021-12-31T14:55:35","slug":"drejtuesi-i-emaar-group-ndertimi-i-portit-te-ri-durresit-nis-ne-mars-monaco-te-na-kete-frike-se-do-jete-me-i-miri","status":"publish","type":"post","link":"https:\/\/www.hashtag.al\/index.php\/2021\/12\/31\/drejtuesi-i-emaar-group-ndertimi-i-portit-te-ri-durresit-nis-ne-mars-monaco-te-na-kete-frike-se-do-jete-me-i-miri\/","title":{"rendered":"Drejtuesi i Emaar Group: Nd\u00ebrtimi i portit t\u00eb ri Durr\u00ebsit nis n\u00eb Mars, Monaco t\u00eb na ket\u00eb frik\u00eb se do jet\u00eb m\u00eb i miri","gt_translate_keys":[{"key":"rendered","format":"text"}]},"content":{"rendered":"<p><span style=\"color: #000000;\"><a href=\"https:\/\/www.hashtag.al\/wp-content\/uploads\/2021\/12\/porti.jpg\"><img loading=\"lazy\" decoding=\"async\" class=\"aligncenter size-full wp-image-495021\" src=\"https:\/\/www.hashtag.al\/wp-content\/uploads\/2021\/12\/porti.jpg\" alt=\"\" width=\"718\" height=\"384\" srcset=\"https:\/\/www.hashtag.al\/wp-content\/uploads\/2021\/12\/porti.jpg 718w, https:\/\/www.hashtag.al\/wp-content\/uploads\/2021\/12\/porti-300x160.jpg 300w\" sizes=\"auto, (max-width: 718px) 100vw, 718px\" \/><\/a><\/span><\/p>\n<p><span style=\"color: #000000;\">Nd\u00ebrtimi i\u00a0Portit t\u00eb ri turistik t\u00eb Durr\u00ebsit\u00a0do t\u00eb nis\u00eb n\u00eb pranver\u00eb t\u00eb vitit t\u00eb 2022. T\u00eb pakt\u00ebn \u00ebshtu ka th\u00ebn\u00eb drejtuesi i \u201cAmaar Grup\u201d Muhamed El Alabbar gjat\u00eb inspektimit t\u00eb punimeve nga kryeministri Edi Rama dit\u00ebn e sotme.<\/span><\/p>\n<p><span style=\"color: #000000;\"><em>\u201cDo e nisim sa m\u00eb shpejt, nd\u00ebrtimi nis nga fundi i marsit fundi i prillit. Po p\u00ebrgatisim procesin.\u201d<\/em>&#8211; tha El Alabbar.<\/span><\/p>\n<p><span style=\"color: #000000;\">Nd\u00ebrsa ai po i shpjegonte kryeministrit projektin, Al Alabbar tha se Porti i ri do t\u00eb ket\u00eb edhe klube jahtesh n\u00eb det. Po ashtu Al Alabbar tha se ky do te jet\u00eb nj\u00eb port q\u00eb Monaco duhet ta ket\u00eb frik\u00eb.<\/span><\/p>\n<p><em><span style=\"color: #000000;\">\u201cDo t\u00eb ket\u00eb vend edhe p\u00ebr jahtet e m\u00ebdha. Po jahtet e m\u00ebdha e do t\u00eb ken\u00eb vet\u00ebm nj\u00eb vend ku t\u00eb shkojn\u00eb, Durr\u00ebsin. Sepse shumica e jahteve t\u00eb m\u00ebdha k\u00ebrkojn\u00eb sh\u00ebrbime, qarkullimin, vendodhjen, qarkullimin dhe Durr\u00ebsi i ka t\u00eb gjitha. Do t\u00eb kemi edhe disa klube jahtesh. Absolutisht q\u00eb po. Do ket\u00eb edhe dy klube n\u00eb plazh. At\u00ebhere Monaco duhet t\u00eb na ket\u00eb frik\u00ebn. Po pse duhet t\u00eb jet\u00eb m\u00eb i miri Monaco?! Pse mos t\u00eb jemi ne m\u00eb t\u00eb mir\u00ebt? Nuk duhet t\u00eb jemi t\u00eb ndrojtur. Duhet ta b\u00ebjm\u00eb, ne do ta b\u00ebjm\u00eb.\u201d<\/span><\/em><span style=\"color: #000000;\">-tha ai duke shtuar se <\/span><em><span style=\"color: #000000;\">\u201cKy do t\u00eb jet\u00eb me t\u00eb v\u00ebrtet\u00eb nga m\u00eb t\u00eb mir\u00ebt n\u00eb Mesdhe.\u201d<\/span><\/em><\/p>\n","protected":false,"gt_translate_keys":[{"key":"rendered","format":"html"}]},"excerpt":{"rendered":"<p>Nd\u00ebrtimi i\u00a0Portit t\u00eb ri turistik t\u00eb Durr\u00ebsit\u00a0do t\u00eb nis\u00eb n\u00eb pranver\u00eb t\u00eb vitit t\u00eb 2022. T\u00eb pakt\u00ebn \u00ebshtu ka th\u00ebn\u00eb drejtuesi i \u201cAmaar Grup\u201d Muhamed El Alabbar gjat\u00eb inspektimit t\u00eb punimeve nga kryeministri Edi Rama dit\u00ebn e sotme. \u201cDo e nisim sa m\u00eb shpejt, nd\u00ebrtimi nis nga fundi i marsit fundi i prillit. Po p\u00ebrgatisim [&hellip;]<\/p>\n","protected":false,"gt_translate_keys":[{"key":"rendered","format":"html"}]},"author":30,"featured_media":495021,"comment_status":"closed","ping_status":"closed","sticky":false,"template":"","format":"standard","meta":{"footnotes":""},"categories":[65,13],"tags":[],"class_list":["post-495020","post","type-post","status-publish","format-standard","has-post-thumbnail","hentry","category-lajme","category-te-fundit"],"gt_translate_keys":[{"key":"link","format":"url"}],"_links":{"self":[{"href":"https:\/\/www.hashtag.al\/index.php\/wp-json\/wp\/v2\/posts\/495020","targetHints":{"allow":["GET"]}}],"collection":[{"href":"https:\/\/www.hashtag.al\/index.php\/wp-json\/wp\/v2\/posts"}],"about":[{"href":"https:\/\/www.hashtag.al\/index.php\/wp-json\/wp\/v2\/types\/post"}],"author":[{"embeddable":true,"href":"https:\/\/www.hashtag.al\/index.php\/wp-json\/wp\/v2\/users\/30"}],"replies":[{"embeddable":true,"href":"https:\/\/www.hashtag.al\/index.php\/wp-json\/wp\/v2\/comments?post=495020"}],"version-history":[{"count":0,"href":"https:\/\/www.hashtag.al\/index.php\/wp-json\/wp\/v2\/posts\/495020\/revisions"}],"wp:featuredmedia":[{"embeddable":true,"href":"https:\/\/www.hashtag.al\/index.php\/wp-json\/wp\/v2\/media\/495021"}],"wp:attachment":[{"href":"https:\/\/www.hashtag.al\/index.php\/wp-json\/wp\/v2\/media?parent=495020"}],"wp:term":[{"taxonomy":"category","embeddable":true,"href":"https:\/\/www.hashtag.al\/index.php\/wp-json\/wp\/v2\/categories?post=495020"},{"taxonomy":"post_tag","embeddable":true,"href":"https:\/\/www.hashtag.al\/index.php\/wp-json\/wp\/v2\/tags?post=495020"}],"curies":[{"name":"wp","href":"https:\/\/api.w.org\/{rel}","templated":true}]}}