{"id":494952,"date":"2021-12-31T09:59:44","date_gmt":"2021-12-31T08:59:44","guid":{"rendered":"https:\/\/www.hashtag.al\/?p=494952"},"modified":"2021-12-31T09:59:44","modified_gmt":"2021-12-31T08:59:44","slug":"telefonata-biden-putin-shkembime-kercenimesh-dhe-dakordesi-per-zgjidhjen-me-negociata-te-tensioneve-per-ukrainen-e-zgjerimin-e-nato-s","status":"publish","type":"post","link":"https:\/\/www.hashtag.al\/index.php\/2021\/12\/31\/telefonata-biden-putin-shkembime-kercenimesh-dhe-dakordesi-per-zgjidhjen-me-negociata-te-tensioneve-per-ukrainen-e-zgjerimin-e-nato-s\/","title":{"rendered":"Telefonata Biden-Putin, shk\u00ebmbime k\u00ebrc\u00ebnimesh dhe dakord\u00ebsi p\u00ebr zgjidhjen me negociata t\u00eb tensioneve p\u00ebr Ukrain\u00ebn e zgjerimin e NATO-s","gt_translate_keys":[{"key":"rendered","format":"text"}]},"content":{"rendered":"<p style=\"text-align: justify;\"><span style=\"color: #000000;\"><img loading=\"lazy\" decoding=\"async\" class=\"size-full wp-image-494953\" src=\"https:\/\/www.hashtag.al\/wp-content\/uploads\/2021\/12\/biden-putin.jpg\" alt=\"\" width=\"2000\" height=\"1000\" srcset=\"https:\/\/www.hashtag.al\/wp-content\/uploads\/2021\/12\/biden-putin.jpg 2000w, https:\/\/www.hashtag.al\/wp-content\/uploads\/2021\/12\/biden-putin-300x150.jpg 300w, https:\/\/www.hashtag.al\/wp-content\/uploads\/2021\/12\/biden-putin-1024x512.jpg 1024w, https:\/\/www.hashtag.al\/wp-content\/uploads\/2021\/12\/biden-putin-768x384.jpg 768w, https:\/\/www.hashtag.al\/wp-content\/uploads\/2021\/12\/biden-putin-1536x768.jpg 1536w\" sizes=\"auto, (max-width: 2000px) 100vw, 2000px\" \/><\/span><\/p>\n<p style=\"text-align: justify;\"><span style=\"color: #000000;\">Presidenti i SHBA-ve Joe Biden dhe ai homologu i tij rus Vladimir Putin kan\u00eb shk\u00ebmbyer paralajm\u00ebrime mbi kriz\u00ebn n\u00eb Ukrain\u00eb gjat\u00eb nj\u00eb telefonate 50-minut\u00ebshe q\u00eb b\u00ebri pak p\u00ebr t\u00eb ulur temperatur\u00ebn politike, sipas qeverive t\u00eb tyre.<\/span><\/p>\n<p style=\"text-align: justify;\"><span style=\"color: #000000;\">Rusia ka alarmuar SHBA-t\u00eb dhe aleat\u00ebt e saj n\u00eb NATO pasi grumbulloi dhjet\u00ebra mij\u00ebra trupa pran\u00eb kufirit t\u00eb saj me Ukrain\u00ebn gjat\u00eb dy muajve t\u00eb fundit. Kjo pason aneksimin e gadishullit t\u00eb Krimes\u00eb nga Ukraina n\u00eb vitin 2014 dhe mb\u00ebshtetjen e separatist\u00ebve n\u00eb Ukrain\u00ebn lindore.<\/span><\/p>\n<p style=\"text-align: justify;\"><span style=\"color: #000000;\">Bisedimet e s\u00eb enjtes, t\u00eb k\u00ebrkuara nga Putin, ishin biseda e dyt\u00eb e lider\u00ebve k\u00ebt\u00eb muaj, por, tha Sht\u00ebpia e Bardh\u00eb, konsistonin n\u00eb rishfaqjen e q\u00ebndrimeve t\u00eb t\u00eb dy burrave \u2013 duke p\u00ebrfshir\u00eb paralajm\u00ebrimin e Biden p\u00ebr pasoja t\u00eb r\u00ebnda n\u00ebse Putin vendos t\u00eb pushtoj\u00eb.<\/span><\/p>\n<p style=\"text-align: justify;\"><span style=\"color: #000000;\"><img loading=\"lazy\" decoding=\"async\" class=\"aligncenter size-full wp-image-494954\" src=\"https:\/\/www.hashtag.al\/wp-content\/uploads\/2021\/12\/biden-telefonate.jpg\" alt=\"\" width=\"1240\" height=\"744\" srcset=\"https:\/\/www.hashtag.al\/wp-content\/uploads\/2021\/12\/biden-telefonate.jpg 1240w, https:\/\/www.hashtag.al\/wp-content\/uploads\/2021\/12\/biden-telefonate-300x180.jpg 300w, https:\/\/www.hashtag.al\/wp-content\/uploads\/2021\/12\/biden-telefonate-1024x614.jpg 1024w, https:\/\/www.hashtag.al\/wp-content\/uploads\/2021\/12\/biden-telefonate-768x461.jpg 768w\" sizes=\"auto, (max-width: 1240px) 100vw, 1240px\" \/><\/span><\/p>\n<p style=\"text-align: justify;\"><span style=\"color: #000000;\">\u201cPresidenti Biden i k\u00ebrkoi Rusis\u00eb t\u00eb \u00e7p\u00ebrshkall\u00ebzoj\u00eb tensionet me Ukrain\u00ebn\u201d, tha Jen Psaki, sekretarja e shtypit e Sht\u00ebpis\u00eb s\u00eb Bardh\u00eb, n\u00eb nj\u00eb deklarat\u00eb. Ai e b\u00ebri t\u00eb qart\u00eb se Shtetet e Bashkuara dhe aleat\u00ebt dhe partner\u00ebt e saj do t\u00eb p\u00ebrgjigjen me vendosm\u00ebri n\u00ebse Rusia pushton m\u00eb tej Ukrain\u00ebn\u201d.<\/span><\/p>\n<p style=\"text-align: justify;\"><span style=\"color: #000000;\">N\u00eb nj\u00eb video-konferenc\u00eb me gazetar\u00ebt, nj\u00eb zyrtar i lart\u00eb i administrat\u00ebs shtoi se Biden kishte p\u00ebrcaktuar &#8220;dy rrug\u00eb&#8221;: at\u00eb t\u00eb diplomacis\u00eb dhe \u00e7p\u00ebrshkall\u00ebzimit dhe tjetr\u00ebn at\u00eb t\u00eb parandalimit &#8220;duke p\u00ebrfshir\u00eb kostot dhe pasojat serioze&#8221; si sanksionet ekonomike, forcimi i q\u00ebndrimit t\u00eb forc\u00ebs dhe ushtris\u00eb s\u00eb NATO-s n\u00eb ndihm\u00eb p\u00ebr Ukrain\u00ebn.<\/span><\/p>\n<p style=\"text-align: justify;\"><span style=\"color: #000000;\">Kremlini, nd\u00ebrkoh\u00eb, k\u00ebmb\u00ebnguli se Putini e kishte p\u00ebrdorur thirrjen p\u00ebr t\u00eb l\u00ebshuar nj\u00eb k\u00ebrc\u00ebnim t\u00eb tijin, duke i th\u00ebn\u00eb Bidenit se sanksionet e reja mund t\u00eb prishin totalisht lidhjet midis Rusis\u00eb dhe SHBA-s\u00eb dhe t\u00eb p\u00ebrfaq\u00ebsojn\u00eb nj\u00eb gabim kolosal.<\/span><\/p>\n<p><img loading=\"lazy\" decoding=\"async\" class=\"size-full wp-image-494955\" src=\"https:\/\/www.hashtag.al\/wp-content\/uploads\/2021\/12\/putin-telefonate.jpg\" alt=\"\" width=\"1920\" height=\"1221\" srcset=\"https:\/\/www.hashtag.al\/wp-content\/uploads\/2021\/12\/putin-telefonate.jpg 1920w, https:\/\/www.hashtag.al\/wp-content\/uploads\/2021\/12\/putin-telefonate-300x191.jpg 300w, https:\/\/www.hashtag.al\/wp-content\/uploads\/2021\/12\/putin-telefonate-1024x651.jpg 1024w, https:\/\/www.hashtag.al\/wp-content\/uploads\/2021\/12\/putin-telefonate-768x488.jpg 768w, https:\/\/www.hashtag.al\/wp-content\/uploads\/2021\/12\/putin-telefonate-1536x977.jpg 1536w\" sizes=\"auto, (max-width: 1920px) 100vw, 1920px\" \/><\/p>\n<p style=\"text-align: justify;\"><span style=\"color: #000000;\">Yuri Ushakov, k\u00ebshilltari i Putinit p\u00ebr politik\u00ebn e jashtme, q\u00eb u citua nga agjencia e lajmeve Reuters tha: &#8220;<em>Presidenti yn\u00eb u p\u00ebrgjigj menj\u00ebher\u00eb se n\u00ebse Per\u00ebndimi vendos n\u00eb k\u00ebt\u00eb ose rrethana t\u00eb tjera t\u00eb vendos\u00eb sanksione t\u00eb paprecedenta q\u00eb jan\u00eb p\u00ebrmendur, at\u00ebher\u00eb kjo mund t\u00eb \u00e7oj\u00eb n\u00eb nj\u00eb prishje t\u00eb plot\u00eb n\u00eb lidhjet mes vendeve tona dhe do shkaktonte d\u00ebmin m\u00eb t\u00eb r\u00ebnd\u00eb n\u00eb marr\u00ebdh\u00ebniet midis Rusis\u00eb dhe Per\u00ebndimit<\/em>\u201d.<\/span><\/p>\n<p style=\"text-align: justify;\"><span style=\"color: #000000;\">Ushakov shtoi: \u201c<em>Presidenti yn\u00eb p\u00ebrmendi gjithashtu se do t\u00eb ishte nj\u00eb gabim q\u00eb pasardh\u00ebsit tan\u00eb do ta shihnin si nj\u00eb gabim t\u00eb madh<\/em>&#8220;.<\/span><\/p>\n<p style=\"text-align: justify;\"><span style=\"color: #000000;\">Moska nga ana tjet\u00ebr k\u00ebrkoi garanci ligjore p\u00ebr moszgjerimin e m\u00ebtejsh\u00ebm t\u00eb NATO-s n\u00eb Lindje.<\/span><\/p>\n<p style=\"text-align: justify;\"><span style=\"color: #000000;\">&#8220;<em>U theksua se rezultati i pun\u00ebs s\u00eb p\u00ebrbashk\u00ebt duhet t\u00eb jen\u00eb garanci t\u00eb forta ligjore q\u00eb p\u00ebrjashtojn\u00eb avancimin e NATO-s n\u00eb lindje dhe vendosjen e sistemeve t\u00eb arm\u00ebve k\u00ebrc\u00ebnuese n\u00eb af\u00ebrsi t\u00eb kufijve rus\u00eb. U theksua se siguria e \u00e7do vendi mund t\u00eb sigurohet vet\u00ebm n\u00eb baz\u00eb t\u00eb respektimit t\u00eb rrept\u00eb t\u00eb parimit t\u00eb pandashm\u00ebris\u00eb s\u00eb siguris\u00eb<\/em>&#8220;, raportohet n\u00eb sh\u00ebrbimin p\u00ebr shtyp t\u00eb Kremlinit, p\u00ebrcjell Agjencia e lajmeve ruse TASS.<\/span><\/p>\n<p style=\"text-align: justify;\"><span style=\"color: #000000;\">Gjat\u00eb bised\u00ebs u shpreh gatishm\u00ebria reciproke p\u00ebr nj\u00eb dialog serioz dhe kuptimplot\u00eb p\u00ebr \u00e7\u00ebshtjet e p\u00ebrcaktuara. U konfirmua se bisedimet do t\u00eb zhvillohen fillimisht n\u00eb Gjenev\u00eb m\u00eb 9-10 janar, m\u00eb pas n\u00eb kuad\u00ebr t\u00eb K\u00ebshillit Rusi-NATO n\u00eb Bruksel m\u00eb 12 janar dhe m\u00eb 13 janar do t\u00eb fillojn\u00eb diskutimet n\u00eb kuad\u00ebr t\u00eb OSBE-s\u00eb. &#8220;<em>President\u00ebt ran\u00eb dakord t\u00eb mbajn\u00eb n\u00ebn kontroll personal rrjedh\u00ebn e <span style=\"color: #000000;\">diskutimeve<\/span> n\u00eb binar\u00ebt e negociatave t\u00eb sip\u00ebrp\u00ebrmendura, dhe ve\u00e7an\u00ebrisht n\u00eb nj\u00eb format dypal\u00ebsh &#8211; me synimin p\u00ebr arritjen sa m\u00eb t\u00eb shpejt\u00eb t\u00eb rezultateve konkrete&#8221;, <\/em>theksoi sh\u00ebrbimi p\u00ebr shtyp i presidentit rus dhe shtoi se n\u00eb k\u00ebt\u00eb kontekst<em>, <\/em>Joseph Biden &#8220;<em>theksoi p\u00ebrgjegj\u00ebsin\u00eb e ve\u00e7ant\u00eb t\u00eb Rusis\u00eb dhe Shteteve t\u00eb Bashkuara p\u00ebr sigurimin e stabilitetit n\u00eb Evrop\u00eb dhe n\u00eb bot\u00eb n\u00eb t\u00ebr\u00ebsi, si dhe faktin se Uashingtoni nuk ka synime t\u00eb vendos\u00eb arm\u00eb sulmuese sulmuese n\u00eb territorin e Ukrain\u00eb<\/em>.&#8221;\/<strong>Hashtag.al<\/strong><\/span><\/p>\n<p style=\"text-align: justify;\"><span style=\"color: #000000;\"><span style=\"color: #ff0000;\"><strong>*<\/strong><\/span>P\u00ebrgatiti p\u00ebr <\/span><em><span style=\"color: #000000;\"><strong>Hashtag.al, <\/strong><\/span><\/em><span style=\"color: #000000;\">Klaudio Agolli<\/span><em><span style=\"color: #000000;\">. <\/span><\/em><span style=\"color: #000000;\"><strong>Burimi:<\/strong><\/span> <span style=\"color: #0000ff;\"><strong><em><a style=\"color: #0000ff;\" href=\"https:\/\/www.theguardian.com\/us-news\/2021\/dec\/30\/biden-putin-call-russia-us-ukraine-tensions\">The Guardian <\/a><\/em><\/strong><\/span><span style=\"color: #000000;\">dhe <\/span><span style=\"color: #0000ff;\"><strong><em><a style=\"color: #0000ff;\" href=\"https:\/\/tass.ru\/politika\/13339643\">TASS<\/a><\/em><\/strong><\/span><\/p>\n","protected":false,"gt_translate_keys":[{"key":"rendered","format":"html"}]},"excerpt":{"rendered":"<p>Presidenti i SHBA-ve Joe Biden dhe ai homologu i tij rus Vladimir Putin kan\u00eb shk\u00ebmbyer paralajm\u00ebrime mbi kriz\u00ebn n\u00eb Ukrain\u00eb gjat\u00eb nj\u00eb telefonate 50-minut\u00ebshe q\u00eb b\u00ebri pak p\u00ebr t\u00eb ulur temperatur\u00ebn politike, sipas qeverive t\u00eb tyre. Rusia ka alarmuar SHBA-t\u00eb dhe aleat\u00ebt e saj n\u00eb NATO pasi grumbulloi dhjet\u00ebra mij\u00ebra trupa pran\u00eb kufirit t\u00eb saj [&hellip;]<\/p>\n","protected":false,"gt_translate_keys":[{"key":"rendered","format":"html"}]},"author":32,"featured_media":494953,"comment_status":"closed","ping_status":"closed","sticky":false,"template":"","format":"standard","meta":{"footnotes":""},"categories":[22,6,13],"tags":[654,156,655,656,657],"class_list":["post-494952","post","type-post","status-publish","format-standard","has-post-thumbnail","hentry","category-ballina","category-nderkombetare","category-te-fundit","tag-biden","tag-nato","tag-putin","tag-telefonate","tag-ukraine"],"gt_translate_keys":[{"key":"link","format":"url"}],"_links":{"self":[{"href":"https:\/\/www.hashtag.al\/index.php\/wp-json\/wp\/v2\/posts\/494952","targetHints":{"allow":["GET"]}}],"collection":[{"href":"https:\/\/www.hashtag.al\/index.php\/wp-json\/wp\/v2\/posts"}],"about":[{"href":"https:\/\/www.hashtag.al\/index.php\/wp-json\/wp\/v2\/types\/post"}],"author":[{"embeddable":true,"href":"https:\/\/www.hashtag.al\/index.php\/wp-json\/wp\/v2\/users\/32"}],"replies":[{"embeddable":true,"href":"https:\/\/www.hashtag.al\/index.php\/wp-json\/wp\/v2\/comments?post=494952"}],"version-history":[{"count":0,"href":"https:\/\/www.hashtag.al\/index.php\/wp-json\/wp\/v2\/posts\/494952\/revisions"}],"wp:featuredmedia":[{"embeddable":true,"href":"https:\/\/www.hashtag.al\/index.php\/wp-json\/wp\/v2\/media\/494953"}],"wp:attachment":[{"href":"https:\/\/www.hashtag.al\/index.php\/wp-json\/wp\/v2\/media?parent=494952"}],"wp:term":[{"taxonomy":"category","embeddable":true,"href":"https:\/\/www.hashtag.al\/index.php\/wp-json\/wp\/v2\/categories?post=494952"},{"taxonomy":"post_tag","embeddable":true,"href":"https:\/\/www.hashtag.al\/index.php\/wp-json\/wp\/v2\/tags?post=494952"}],"curies":[{"name":"wp","href":"https:\/\/api.w.org\/{rel}","templated":true}]}}